{"id":7635,"date":"2019-11-29T13:26:08","date_gmt":"2019-11-29T13:26:08","guid":{"rendered":"http:\/\/www.pacteceramic.es\/?p=7635"},"modified":"2019-11-29T13:26:08","modified_gmt":"2019-11-29T13:26:08","slug":"visita-de-los-alumnos-del-curso-formativo-de-photoshop-aplicado-a-la-ceramica-inkjet-a-hispania-y-fritta","status":"publish","type":"post","link":"https:\/\/pacteceramic.es\/va_es\/visita-de-los-alumnos-del-curso-formativo-de-photoshop-aplicado-a-la-ceramica-inkjet-a-hispania-y-fritta\/","title":{"rendered":"VISITA DE LOS ALUMNOS DEL CURSO FORMATIVO DE PHOTOSHOP APLICADO A LA CER\u00c1MICA INKJET A HISPANIA Y FRITTA"},"content":{"rendered":"<p style=\"text-align: justify;\">El pasado 28 de noviembre el alumnado del curso de formaci\u00f3n espec\u00edfica en Photoshop aplicado a la cer\u00e1mica Inkjet se desplaz\u00f3 hasta las instalaciones de las empresas Hispania y Fritta en la localidad de Onda para conocer y ver \u00abin situ\u00bb todo lo aprendido en la parte te\u00f3rico-pr\u00e1ctica en aula que ya ha finalizado.<\/p>\n<p style=\"text-align: justify;\">En su visita pudieron comprobar de primera mano, gracias a las explicaciones de los profesionales de ambas empresas cer\u00e1micas, el funcionamiento de las m\u00e1quinas innovadoras en procesos digitales de impresi\u00f3n cer\u00e1mica, tales como Inkjet, Cretaprint, etc.<\/p>\n<p><a href=\"http:\/\/www.pacteceramic.es\/wp-content\/uploads\/2019\/11\/imagen-1-visita-hispania.jpg\"><img loading=\"lazy\" decoding=\"async\" class=\"size-medium wp-image-7636 alignleft\" src=\"https:\/\/pacteceramic.es\/wp-content\/uploads\/2023\/05\/imagen-1-visita-hispania-300x225.jpg\" alt=\"imagen 1 visita hispania\" width=\"300\" height=\"225\" \/><\/a><\/p>\n<p><a href=\"http:\/\/www.pacteceramic.es\/wp-content\/uploads\/2019\/11\/fritta.jpg\"><img loading=\"lazy\" decoding=\"async\" class=\"aligncenter size-medium wp-image-7683\" src=\"https:\/\/pacteceramic.es\/wp-content\/uploads\/2023\/05\/fritta-300x225.jpg\" alt=\"fritta\" width=\"300\" height=\"225\" \/><\/a><\/p>\n<p style=\"text-align: justify;\">As\u00ed mismo, en su recorrido por las instalaciones de la planta cer\u00e1mica comprobaron c\u00f3mo es realmente el proceso de producci\u00f3n de piezas de azulejo cer\u00e1mico, desde su preparado, cocci\u00f3n, pigmentaci\u00f3n, dise\u00f1o,etc. hasta la pieza ya terminada y lista para su comercializaci\u00f3n.<\/p>\n<p>Desde el Consorcio agradecemos a ambas empresas su colaboraci\u00f3n.<\/p>","protected":false},"excerpt":{"rendered":"<p>El pasado 28 de noviembre el alumnado del curso de formaci\u00f3n espec\u00edfica en Photoshop aplicado a la cer\u00e1mica Inkjet se desplaz\u00f3 hasta las instalaciones de las empresas Hispania y Fritta en la localidad de Onda para conocer y ver \u00abin situ\u00bb todo lo aprendido en la parte te\u00f3rico-pr\u00e1ctica en aula que ya ha finalizado. En &hellip; <a href=\"https:\/\/pacteceramic.es\/va_es\/visita-de-los-alumnos-del-curso-formativo-de-photoshop-aplicado-a-la-ceramica-inkjet-a-hispania-y-fritta\/\" class=\"more-link\">Continue reading<span class=\"screen-reader-text\"> \u00abVISITA DE LOS ALUMNOS DEL CURSO FORMATIVO DE PHOTOSHOP APLICADO A LA CER\u00c1MICA INKJET A HISPANIA Y FRITTA\u00bb<\/span><\/a><\/p>","protected":false},"author":1,"featured_media":0,"comment_status":"closed","ping_status":"open","sticky":false,"template":"","format":"standard","meta":{"iawp_total_views":0,"footnotes":""},"categories":[3],"tags":[],"class_list":["post-7635","post","type-post","status-publish","format-standard","hentry","category-noticias"],"yoast_head":"<!-- This site is optimized with the Yoast SEO plugin v23.1 - https:\/\/yoast.com\/wordpress\/plugins\/seo\/ -->\n<title>VISITA DE LOS ALUMNOS DEL CURSO FORMATIVO DE PHOTOSHOP APLICADO A LA CER\u00c1MICA INKJET A HISPANIA Y FRITTA - Pacte Cer\u00e0mic<\/title>\n<meta name=\"robots\" content=\"index, follow, max-snippet:-1, max-image-preview:large, max-video-preview:-1\" \/>\n<link rel=\"canonical\" href=\"https:\/\/pacteceramic.es\/va_es\/visita-de-los-alumnos-del-curso-formativo-de-photoshop-aplicado-a-la-ceramica-inkjet-a-hispania-y-fritta\/\" \/>\n<meta property=\"og:locale\" content=\"en_US\" \/>\n<meta property=\"og:type\" content=\"article\" \/>\n<meta property=\"og:title\" content=\"VISITA DE LOS ALUMNOS DEL CURSO FORMATIVO DE PHOTOSHOP APLICADO A LA CER\u00c1MICA INKJET A HISPANIA Y FRITTA - Pacte Cer\u00e0mic\" \/>\n<meta property=\"og:description\" content=\"El pasado 28 de noviembre el alumnado del curso de formaci\u00f3n espec\u00edfica en Photoshop aplicado a la cer\u00e1mica Inkjet se desplaz\u00f3 hasta las instalaciones de las empresas Hispania y Fritta en la localidad de Onda para conocer y ver \u00abin situ\u00bb todo lo aprendido en la parte te\u00f3rico-pr\u00e1ctica en aula que ya ha finalizado. En &hellip; Continue reading &quot;VISITA DE LOS ALUMNOS DEL CURSO FORMATIVO DE PHOTOSHOP APLICADO A LA CER\u00c1MICA INKJET A HISPANIA Y FRITTA&quot;\" \/>\n<meta property=\"og:url\" content=\"https:\/\/pacteceramic.es\/va_es\/visita-de-los-alumnos-del-curso-formativo-de-photoshop-aplicado-a-la-ceramica-inkjet-a-hispania-y-fritta\/\" \/>\n<meta property=\"og:site_name\" content=\"Pacte Cer\u00e0mic\" \/>\n<meta property=\"article:publisher\" content=\"https:\/\/www.facebook.com\/pacteceramic\/\" \/>\n<meta property=\"article:published_time\" content=\"2019-11-29T13:26:08+00:00\" \/>\n<meta property=\"og:image\" content=\"https:\/\/pacteceramic.es\/wp-content\/uploads\/2023\/05\/imagen-1-visita-hispania-300x225.jpg\" \/>\n<meta name=\"author\" content=\"Pacteceramic\" \/>\n<meta name=\"twitter:card\" content=\"summary_large_image\" \/>\n<meta name=\"twitter:creator\" content=\"@pacteceramic\" \/>\n<meta name=\"twitter:site\" content=\"@pacteceramic\" \/>\n<meta name=\"twitter:label1\" content=\"Written by\" \/>\n\t<meta name=\"twitter:data1\" content=\"Pacteceramic\" \/>\n\t<meta name=\"twitter:label2\" content=\"Est. reading time\" \/>\n\t<meta name=\"twitter:data2\" content=\"1 minute\" \/>\n<script type=\"application\/ld+json\" class=\"yoast-schema-graph\">{\"@context\":\"https:\/\/schema.org\",\"@graph\":[{\"@type\":\"Article\",\"@id\":\"https:\/\/pacteceramic.es\/es_es\/visita-de-los-alumnos-del-curso-formativo-de-photoshop-aplicado-a-la-ceramica-inkjet-a-hispania-y-fritta\/#article\",\"isPartOf\":{\"@id\":\"https:\/\/pacteceramic.es\/es_es\/visita-de-los-alumnos-del-curso-formativo-de-photoshop-aplicado-a-la-ceramica-inkjet-a-hispania-y-fritta\/\"},\"author\":{\"name\":\"Pacteceramic\",\"@id\":\"https:\/\/pacteceramic.es\/es_es\/#\/schema\/person\/d8757e82992b54387f1f96b63e3434af\"},\"headline\":\"VISITA DE LOS ALUMNOS DEL CURSO FORMATIVO DE PHOTOSHOP APLICADO A LA CER\u00c1MICA INKJET A HISPANIA Y FRITTA\",\"datePublished\":\"2019-11-29T13:26:08+00:00\",\"dateModified\":\"2019-11-29T13:26:08+00:00\",\"mainEntityOfPage\":{\"@id\":\"https:\/\/pacteceramic.es\/es_es\/visita-de-los-alumnos-del-curso-formativo-de-photoshop-aplicado-a-la-ceramica-inkjet-a-hispania-y-fritta\/\"},\"wordCount\":177,\"publisher\":{\"@id\":\"https:\/\/pacteceramic.es\/es_es\/#organization\"},\"image\":{\"@id\":\"https:\/\/pacteceramic.es\/es_es\/visita-de-los-alumnos-del-curso-formativo-de-photoshop-aplicado-a-la-ceramica-inkjet-a-hispania-y-fritta\/#primaryimage\"},\"thumbnailUrl\":\"https:\/\/pacteceramic.es\/wp-content\/uploads\/2023\/05\/imagen-1-visita-hispania-300x225.jpg\",\"articleSection\":[\"Noticias\"],\"inLanguage\":\"va-ES\"},{\"@type\":\"WebPage\",\"@id\":\"https:\/\/pacteceramic.es\/es_es\/visita-de-los-alumnos-del-curso-formativo-de-photoshop-aplicado-a-la-ceramica-inkjet-a-hispania-y-fritta\/\",\"url\":\"https:\/\/pacteceramic.es\/es_es\/visita-de-los-alumnos-del-curso-formativo-de-photoshop-aplicado-a-la-ceramica-inkjet-a-hispania-y-fritta\/\",\"name\":\"VISITA DE LOS ALUMNOS DEL CURSO FORMATIVO DE PHOTOSHOP APLICADO A LA CER\u00c1MICA INKJET A HISPANIA Y FRITTA - Pacte Cer\u00e0mic\",\"isPartOf\":{\"@id\":\"https:\/\/pacteceramic.es\/es_es\/#website\"},\"primaryImageOfPage\":{\"@id\":\"https:\/\/pacteceramic.es\/es_es\/visita-de-los-alumnos-del-curso-formativo-de-photoshop-aplicado-a-la-ceramica-inkjet-a-hispania-y-fritta\/#primaryimage\"},\"image\":{\"@id\":\"https:\/\/pacteceramic.es\/es_es\/visita-de-los-alumnos-del-curso-formativo-de-photoshop-aplicado-a-la-ceramica-inkjet-a-hispania-y-fritta\/#primaryimage\"},\"thumbnailUrl\":\"https:\/\/pacteceramic.es\/wp-content\/uploads\/2023\/05\/imagen-1-visita-hispania-300x225.jpg\",\"datePublished\":\"2019-11-29T13:26:08+00:00\",\"dateModified\":\"2019-11-29T13:26:08+00:00\",\"breadcrumb\":{\"@id\":\"https:\/\/pacteceramic.es\/es_es\/visita-de-los-alumnos-del-curso-formativo-de-photoshop-aplicado-a-la-ceramica-inkjet-a-hispania-y-fritta\/#breadcrumb\"},\"inLanguage\":\"va-ES\",\"potentialAction\":[{\"@type\":\"ReadAction\",\"target\":[\"https:\/\/pacteceramic.es\/es_es\/visita-de-los-alumnos-del-curso-formativo-de-photoshop-aplicado-a-la-ceramica-inkjet-a-hispania-y-fritta\/\"]}]},{\"@type\":\"ImageObject\",\"inLanguage\":\"va-ES\",\"@id\":\"https:\/\/pacteceramic.es\/es_es\/visita-de-los-alumnos-del-curso-formativo-de-photoshop-aplicado-a-la-ceramica-inkjet-a-hispania-y-fritta\/#primaryimage\",\"url\":\"https:\/\/pacteceramic.es\/wp-content\/uploads\/2023\/05\/imagen-1-visita-hispania-300x225.jpg\",\"contentUrl\":\"https:\/\/pacteceramic.es\/wp-content\/uploads\/2023\/05\/imagen-1-visita-hispania-300x225.jpg\"},{\"@type\":\"BreadcrumbList\",\"@id\":\"https:\/\/pacteceramic.es\/es_es\/visita-de-los-alumnos-del-curso-formativo-de-photoshop-aplicado-a-la-ceramica-inkjet-a-hispania-y-fritta\/#breadcrumb\",\"itemListElement\":[{\"@type\":\"ListItem\",\"position\":1,\"name\":\"Portada\",\"item\":\"https:\/\/pacteceramic.es\/\"},{\"@type\":\"ListItem\",\"position\":2,\"name\":\"VISITA DE LOS ALUMNOS DEL CURSO FORMATIVO DE PHOTOSHOP APLICADO A LA CER\u00c1MICA INKJET A HISPANIA Y FRITTA\"}]},{\"@type\":\"WebSite\",\"@id\":\"https:\/\/pacteceramic.es\/es_es\/#website\",\"url\":\"https:\/\/pacteceramic.es\/es_es\/\",\"name\":\"Pacte Cer\u00e0mic\",\"description\":\"Pacte Cer\u00e0mic\",\"publisher\":{\"@id\":\"https:\/\/pacteceramic.es\/es_es\/#organization\"},\"potentialAction\":[{\"@type\":\"SearchAction\",\"target\":{\"@type\":\"EntryPoint\",\"urlTemplate\":\"https:\/\/pacteceramic.es\/es_es\/?s={search_term_string}\"},\"query-input\":\"required name=search_term_string\"}],\"inLanguage\":\"va-ES\"},{\"@type\":\"Organization\",\"@id\":\"https:\/\/pacteceramic.es\/es_es\/#organization\",\"name\":\"Pacte Cer\u00e0mic\",\"url\":\"https:\/\/pacteceramic.es\/es_es\/\",\"logo\":{\"@type\":\"ImageObject\",\"inLanguage\":\"va-ES\",\"@id\":\"https:\/\/pacteceramic.es\/es_es\/#\/schema\/logo\/image\/\",\"url\":\"https:\/\/pacteceramic.es\/wp-content\/uploads\/2023\/05\/menulogo.png\",\"contentUrl\":\"https:\/\/pacteceramic.es\/wp-content\/uploads\/2023\/05\/menulogo.png\",\"width\":249,\"height\":80,\"caption\":\"Pacte Cer\u00e0mic\"},\"image\":{\"@id\":\"https:\/\/pacteceramic.es\/es_es\/#\/schema\/logo\/image\/\"},\"sameAs\":[\"https:\/\/www.facebook.com\/pacteceramic\/\",\"https:\/\/x.com\/pacteceramic\",\"https:\/\/www.instagram.com\/pacteceramic\/\",\"https:\/\/www.linkedin.com\/company\/pactemunicipisceramics\/\"]},{\"@type\":\"Person\",\"@id\":\"https:\/\/pacteceramic.es\/es_es\/#\/schema\/person\/d8757e82992b54387f1f96b63e3434af\",\"name\":\"Pacteceramic\",\"image\":{\"@type\":\"ImageObject\",\"inLanguage\":\"va-ES\",\"@id\":\"https:\/\/pacteceramic.es\/es_es\/#\/schema\/person\/image\/\",\"url\":\"https:\/\/secure.gravatar.com\/avatar\/add03c3ae52e6d8ee8c27f9a7cdeaf18899ffc6cc348538526bfcb9ba78343ff?s=96&d=mm&r=g\",\"contentUrl\":\"https:\/\/secure.gravatar.com\/avatar\/add03c3ae52e6d8ee8c27f9a7cdeaf18899ffc6cc348538526bfcb9ba78343ff?s=96&d=mm&r=g\",\"caption\":\"Pacteceramic\"},\"sameAs\":[\"http:\/\/pacteceramic.es\"],\"url\":\"https:\/\/pacteceramic.es\/va_es\/author\/pacteceramic\/\"}]}<\/script>\n<!-- \/ Yoast SEO plugin. -->","yoast_head_json":{"title":"VISITA DE LOS ALUMNOS DEL CURSO FORMATIVO DE PHOTOSHOP APLICADO A LA CER\u00c1MICA INKJET A HISPANIA Y FRITTA - Pacte Cer\u00e0mic","robots":{"index":"index","follow":"follow","max-snippet":"max-snippet:-1","max-image-preview":"max-image-preview:large","max-video-preview":"max-video-preview:-1"},"canonical":"https:\/\/pacteceramic.es\/va_es\/visita-de-los-alumnos-del-curso-formativo-de-photoshop-aplicado-a-la-ceramica-inkjet-a-hispania-y-fritta\/","og_locale":"en_US","og_type":"article","og_title":"VISITA DE LOS ALUMNOS DEL CURSO FORMATIVO DE PHOTOSHOP APLICADO A LA CER\u00c1MICA INKJET A HISPANIA Y FRITTA - Pacte Cer\u00e0mic","og_description":"El pasado 28 de noviembre el alumnado del curso de formaci\u00f3n espec\u00edfica en Photoshop aplicado a la cer\u00e1mica Inkjet se desplaz\u00f3 hasta las instalaciones de las empresas Hispania y Fritta en la localidad de Onda para conocer y ver \u00abin situ\u00bb todo lo aprendido en la parte te\u00f3rico-pr\u00e1ctica en aula que ya ha finalizado. En &hellip; Continue reading \"VISITA DE LOS ALUMNOS DEL CURSO FORMATIVO DE PHOTOSHOP APLICADO A LA CER\u00c1MICA INKJET A HISPANIA Y FRITTA\"","og_url":"https:\/\/pacteceramic.es\/va_es\/visita-de-los-alumnos-del-curso-formativo-de-photoshop-aplicado-a-la-ceramica-inkjet-a-hispania-y-fritta\/","og_site_name":"Pacte Cer\u00e0mic","article_publisher":"https:\/\/www.facebook.com\/pacteceramic\/","article_published_time":"2019-11-29T13:26:08+00:00","og_image":[{"url":"https:\/\/pacteceramic.es\/wp-content\/uploads\/2023\/05\/imagen-1-visita-hispania-300x225.jpg"}],"author":"Pacteceramic","twitter_card":"summary_large_image","twitter_creator":"@pacteceramic","twitter_site":"@pacteceramic","twitter_misc":{"Written by":"Pacteceramic","Est. reading time":"1 minute"},"schema":{"@context":"https:\/\/schema.org","@graph":[{"@type":"Article","@id":"https:\/\/pacteceramic.es\/es_es\/visita-de-los-alumnos-del-curso-formativo-de-photoshop-aplicado-a-la-ceramica-inkjet-a-hispania-y-fritta\/#article","isPartOf":{"@id":"https:\/\/pacteceramic.es\/es_es\/visita-de-los-alumnos-del-curso-formativo-de-photoshop-aplicado-a-la-ceramica-inkjet-a-hispania-y-fritta\/"},"author":{"name":"Pacteceramic","@id":"https:\/\/pacteceramic.es\/es_es\/#\/schema\/person\/d8757e82992b54387f1f96b63e3434af"},"headline":"VISITA DE LOS ALUMNOS DEL CURSO FORMATIVO DE PHOTOSHOP APLICADO A LA CER\u00c1MICA INKJET A HISPANIA Y FRITTA","datePublished":"2019-11-29T13:26:08+00:00","dateModified":"2019-11-29T13:26:08+00:00","mainEntityOfPage":{"@id":"https:\/\/pacteceramic.es\/es_es\/visita-de-los-alumnos-del-curso-formativo-de-photoshop-aplicado-a-la-ceramica-inkjet-a-hispania-y-fritta\/"},"wordCount":177,"publisher":{"@id":"https:\/\/pacteceramic.es\/es_es\/#organization"},"image":{"@id":"https:\/\/pacteceramic.es\/es_es\/visita-de-los-alumnos-del-curso-formativo-de-photoshop-aplicado-a-la-ceramica-inkjet-a-hispania-y-fritta\/#primaryimage"},"thumbnailUrl":"https:\/\/pacteceramic.es\/wp-content\/uploads\/2023\/05\/imagen-1-visita-hispania-300x225.jpg","articleSection":["Noticias"],"inLanguage":"va-ES"},{"@type":"WebPage","@id":"https:\/\/pacteceramic.es\/es_es\/visita-de-los-alumnos-del-curso-formativo-de-photoshop-aplicado-a-la-ceramica-inkjet-a-hispania-y-fritta\/","url":"https:\/\/pacteceramic.es\/es_es\/visita-de-los-alumnos-del-curso-formativo-de-photoshop-aplicado-a-la-ceramica-inkjet-a-hispania-y-fritta\/","name":"VISITA DE LOS ALUMNOS DEL CURSO FORMATIVO DE PHOTOSHOP APLICADO A LA CER\u00c1MICA INKJET A HISPANIA Y FRITTA - Pacte Cer\u00e0mic","isPartOf":{"@id":"https:\/\/pacteceramic.es\/es_es\/#website"},"primaryImageOfPage":{"@id":"https:\/\/pacteceramic.es\/es_es\/visita-de-los-alumnos-del-curso-formativo-de-photoshop-aplicado-a-la-ceramica-inkjet-a-hispania-y-fritta\/#primaryimage"},"image":{"@id":"https:\/\/pacteceramic.es\/es_es\/visita-de-los-alumnos-del-curso-formativo-de-photoshop-aplicado-a-la-ceramica-inkjet-a-hispania-y-fritta\/#primaryimage"},"thumbnailUrl":"https:\/\/pacteceramic.es\/wp-content\/uploads\/2023\/05\/imagen-1-visita-hispania-300x225.jpg","datePublished":"2019-11-29T13:26:08+00:00","dateModified":"2019-11-29T13:26:08+00:00","breadcrumb":{"@id":"https:\/\/pacteceramic.es\/es_es\/visita-de-los-alumnos-del-curso-formativo-de-photoshop-aplicado-a-la-ceramica-inkjet-a-hispania-y-fritta\/#breadcrumb"},"inLanguage":"va-ES","potentialAction":[{"@type":"ReadAction","target":["https:\/\/pacteceramic.es\/es_es\/visita-de-los-alumnos-del-curso-formativo-de-photoshop-aplicado-a-la-ceramica-inkjet-a-hispania-y-fritta\/"]}]},{"@type":"ImageObject","inLanguage":"va-ES","@id":"https:\/\/pacteceramic.es\/es_es\/visita-de-los-alumnos-del-curso-formativo-de-photoshop-aplicado-a-la-ceramica-inkjet-a-hispania-y-fritta\/#primaryimage","url":"https:\/\/pacteceramic.es\/wp-content\/uploads\/2023\/05\/imagen-1-visita-hispania-300x225.jpg","contentUrl":"https:\/\/pacteceramic.es\/wp-content\/uploads\/2023\/05\/imagen-1-visita-hispania-300x225.jpg"},{"@type":"BreadcrumbList","@id":"https:\/\/pacteceramic.es\/es_es\/visita-de-los-alumnos-del-curso-formativo-de-photoshop-aplicado-a-la-ceramica-inkjet-a-hispania-y-fritta\/#breadcrumb","itemListElement":[{"@type":"ListItem","position":1,"name":"Portada","item":"https:\/\/pacteceramic.es\/"},{"@type":"ListItem","position":2,"name":"VISITA DE LOS ALUMNOS DEL CURSO FORMATIVO DE PHOTOSHOP APLICADO A LA CER\u00c1MICA INKJET A HISPANIA Y FRITTA"}]},{"@type":"WebSite","@id":"https:\/\/pacteceramic.es\/es_es\/#website","url":"https:\/\/pacteceramic.es\/es_es\/","name":"Pacte Cer\u00e0mic","description":"Pacte Cer\u00e0mic","publisher":{"@id":"https:\/\/pacteceramic.es\/es_es\/#organization"},"potentialAction":[{"@type":"SearchAction","target":{"@type":"EntryPoint","urlTemplate":"https:\/\/pacteceramic.es\/es_es\/?s={search_term_string}"},"query-input":"required name=search_term_string"}],"inLanguage":"va-ES"},{"@type":"Organization","@id":"https:\/\/pacteceramic.es\/es_es\/#organization","name":"Pacte Cer\u00e0mic","url":"https:\/\/pacteceramic.es\/es_es\/","logo":{"@type":"ImageObject","inLanguage":"va-ES","@id":"https:\/\/pacteceramic.es\/es_es\/#\/schema\/logo\/image\/","url":"https:\/\/pacteceramic.es\/wp-content\/uploads\/2023\/05\/menulogo.png","contentUrl":"https:\/\/pacteceramic.es\/wp-content\/uploads\/2023\/05\/menulogo.png","width":249,"height":80,"caption":"Pacte Cer\u00e0mic"},"image":{"@id":"https:\/\/pacteceramic.es\/es_es\/#\/schema\/logo\/image\/"},"sameAs":["https:\/\/www.facebook.com\/pacteceramic\/","https:\/\/x.com\/pacteceramic","https:\/\/www.instagram.com\/pacteceramic\/","https:\/\/www.linkedin.com\/company\/pactemunicipisceramics\/"]},{"@type":"Person","@id":"https:\/\/pacteceramic.es\/es_es\/#\/schema\/person\/d8757e82992b54387f1f96b63e3434af","name":"Pacteceramic","image":{"@type":"ImageObject","inLanguage":"va-ES","@id":"https:\/\/pacteceramic.es\/es_es\/#\/schema\/person\/image\/","url":"https:\/\/secure.gravatar.com\/avatar\/add03c3ae52e6d8ee8c27f9a7cdeaf18899ffc6cc348538526bfcb9ba78343ff?s=96&d=mm&r=g","contentUrl":"https:\/\/secure.gravatar.com\/avatar\/add03c3ae52e6d8ee8c27f9a7cdeaf18899ffc6cc348538526bfcb9ba78343ff?s=96&d=mm&r=g","caption":"Pacteceramic"},"sameAs":["http:\/\/pacteceramic.es"],"url":"https:\/\/pacteceramic.es\/va_es\/author\/pacteceramic\/"}]}},"_links":{"self":[{"href":"https:\/\/pacteceramic.es\/va_es\/wp-json\/wp\/v2\/posts\/7635","targetHints":{"allow":["GET"]}}],"collection":[{"href":"https:\/\/pacteceramic.es\/va_es\/wp-json\/wp\/v2\/posts"}],"about":[{"href":"https:\/\/pacteceramic.es\/va_es\/wp-json\/wp\/v2\/types\/post"}],"author":[{"embeddable":true,"href":"https:\/\/pacteceramic.es\/va_es\/wp-json\/wp\/v2\/users\/1"}],"replies":[{"embeddable":true,"href":"https:\/\/pacteceramic.es\/va_es\/wp-json\/wp\/v2\/comments?post=7635"}],"version-history":[{"count":0,"href":"https:\/\/pacteceramic.es\/va_es\/wp-json\/wp\/v2\/posts\/7635\/revisions"}],"wp:attachment":[{"href":"https:\/\/pacteceramic.es\/va_es\/wp-json\/wp\/v2\/media?parent=7635"}],"wp:term":[{"taxonomy":"category","embeddable":true,"href":"https:\/\/pacteceramic.es\/va_es\/wp-json\/wp\/v2\/categories?post=7635"},{"taxonomy":"post_tag","embeddable":true,"href":"https:\/\/pacteceramic.es\/va_es\/wp-json\/wp\/v2\/tags?post=7635"}],"curies":[{"name":"wp","href":"https:\/\/api.w.org\/{rel}","templated":true}]}}