{"id":12623,"date":"2026-04-30T07:37:28","date_gmt":"2026-04-30T07:37:28","guid":{"rendered":"https:\/\/pacteceramic.es\/?p=12623"},"modified":"2026-04-30T07:38:56","modified_gmt":"2026-04-30T07:38:56","slug":"el-pacto-ceramico-coordina-su-proyecto-e-incorpora-a-un-prospector-para-reforzar-la-relacion-con-las-empresas-del-territorio","status":"publish","type":"post","link":"https:\/\/pacteceramic.es\/va_es\/el-pacto-ceramico-coordina-su-proyecto-e-incorpora-a-un-prospector-para-reforzar-la-relacion-con-las-empresas-del-territorio\/","title":{"rendered":"El Pacte Cer\u00e0mic coordina el seu projecte i incorpora a un prospector per a refor\u00e7ar la relaci\u00f3 amb les empreses del territori"},"content":{"rendered":"<p class=\"p1\"><i>La figura donar\u00e0 continu\u00eftat a les labors de prospecci\u00f3 a Borriana, Almassora i l'Alcora, enfortint el contacte directe amb el teixit empresarial<br \/>\n<\/i><\/p>\n<p>El personal t\u00e8cnic del Consorci Gestor del Pacte Territorial per a l'Ocupaci\u00f3 dels Municipis Cer\u00e0mics i la seua \u00e0rea d'influ\u00e8ncia a la prov\u00edncia de Castell\u00f3 ha mantingut una reuni\u00f3 de treball per a coordinar el desenvolupament del projecte i alinear les pr\u00f2ximes accions de l'equip. La gerent del Pacte, Olga Oru\u00f1a, ha destacat que \u201caquest tipus de trobades ens permet avan\u00e7ar de manera coordinada, compartir coneixement i adaptar les nostres accions a les necessitats reals del territori, tant de les persones com de les empreses\u201d.<\/p>\n<p>En este context, s'ha tractat tamb\u00e9 la incorporaci\u00f3 de Toni Lucas com a nou prospector. La seua labor se centrar\u00e0 en donar continu\u00eftat al treball de prospecci\u00f3 empresarial a Borriana, Almassora i l'Alcora, aix\u00ed com en la resta dels municipis del Consorci. Entre les seues funcions destaquen la visita a empreses, la detecci\u00f3 de necessitats, l'establiment d'una relaci\u00f3 directa amb el teixit productiu i el seguiment d'oportunitats que permeten millorar l'efic\u00e0cia de les activitats del Pacte. Esta figura resulta clau dins del projecte, ja que permet obtindre una visi\u00f3 actualitzada de la situaci\u00f3 de les empreses del territori, refor\u00e7ar els vincles amb el teixit empresarial i avan\u00e7ar en la implementaci\u00f3 de solucions adaptades a les seues demandes.<\/p>\n<p><img loading=\"lazy\" decoding=\"async\" class=\"aligncenter size-full wp-image-12627\" src=\"https:\/\/pacteceramic.es\/wp-content\/uploads\/2026\/04\/Reunion-coordinacion-Pacto-scaled.jpg\" alt=\"\" width=\"2560\" height=\"1920\" srcset=\"https:\/\/pacteceramic.es\/wp-content\/uploads\/2026\/04\/Reunion-coordinacion-Pacto-scaled.jpg 2560w, https:\/\/pacteceramic.es\/wp-content\/uploads\/2026\/04\/Reunion-coordinacion-Pacto-300x225.jpg 300w, https:\/\/pacteceramic.es\/wp-content\/uploads\/2026\/04\/Reunion-coordinacion-Pacto-1024x768.jpg 1024w, https:\/\/pacteceramic.es\/wp-content\/uploads\/2026\/04\/Reunion-coordinacion-Pacto-768x576.jpg 768w, https:\/\/pacteceramic.es\/wp-content\/uploads\/2026\/04\/Reunion-coordinacion-Pacto-1536x1152.jpg 1536w, https:\/\/pacteceramic.es\/wp-content\/uploads\/2026\/04\/Reunion-coordinacion-Pacto-2048x1536.jpg 2048w, https:\/\/pacteceramic.es\/wp-content\/uploads\/2026\/04\/Reunion-coordinacion-Pacto-16x12.jpg 16w, https:\/\/pacteceramic.es\/wp-content\/uploads\/2026\/04\/Reunion-coordinacion-Pacto-1200x900.jpg 1200w\" sizes=\"auto, (max-width: 709px) 85vw, (max-width: 909px) 67vw, (max-width: 1362px) 62vw, 840px\" \/><\/p>\n<p class=\"p1\">Durant la trobada es van abordar els principals objectius d'esta nova fase, centrats en millorar l'ocupabilitat, refor\u00e7ar els serveis que es presten a la ciutadania i adaptar les actuacions a les necessitats actuals del mercat laboral i del teixit empresarial dels municipis adherits al Consorci. Amb esta reuni\u00f3 de coordinaci\u00f3 i la incorporaci\u00f3 d'aquest perfil t\u00e8cnic, el Consorci continua treballant per a optimitzar els seus recursos, millorar els seus serveis i continuar impulsant iniciatives que contribu\u00efsquen al desenvolupament socioecon\u00f2mic dels municipis cer\u00e0mics i la seua \u00e0rea d'influ\u00e8ncia.<\/p>","protected":false},"excerpt":{"rendered":"<p>La figura dar\u00e1 continuidad a las labores de prospecci\u00f3n en Burriana, Almassora y l\u2019Alcora, fortaleciendo el contacto directo con el tejido empresarial El personal t\u00e9cnico del Consorcio Gestor del Pacto Territorial para la Ocupaci\u00f3n de los Municipios Cer\u00e1micos y su \u00e1rea de influencia en la provincia de Castell\u00f3 ha mantenido una reuni\u00f3n de trabajo para &hellip; <a href=\"https:\/\/pacteceramic.es\/va_es\/el-pacto-ceramico-coordina-su-proyecto-e-incorpora-a-un-prospector-para-reforzar-la-relacion-con-las-empresas-del-territorio\/\" class=\"more-link\">Continue reading<span class=\"screen-reader-text\"> \u00abEl Pacto Cer\u00e1mico coordina su proyecto e incorpora a un prospector para reforzar la relaci\u00f3n con las empresas del territorio\u00bb<\/span><\/a><\/p>","protected":false},"author":1,"featured_media":12624,"comment_status":"open","ping_status":"open","sticky":false,"template":"","format":"standard","meta":{"iawp_total_views":0,"footnotes":""},"categories":[3],"tags":[],"class_list":["post-12623","post","type-post","status-publish","format-standard","has-post-thumbnail","hentry","category-noticias"],"yoast_head":"<!-- This site is optimized with the Yoast SEO plugin v23.1 - https:\/\/yoast.com\/wordpress\/plugins\/seo\/ -->\n<title>El Pacto Cer\u00e1mico coordina su proyecto e incorpora a un prospector para reforzar la relaci\u00f3n con las empresas del territorio - Pacte Cer\u00e0mic<\/title>\n<meta name=\"robots\" content=\"index, follow, max-snippet:-1, max-image-preview:large, max-video-preview:-1\" \/>\n<link rel=\"canonical\" href=\"https:\/\/pacteceramic.es\/va_es\/el-pacto-ceramico-coordina-su-proyecto-e-incorpora-a-un-prospector-para-reforzar-la-relacion-con-las-empresas-del-territorio\/\" \/>\n<meta property=\"og:locale\" content=\"en_US\" \/>\n<meta property=\"og:type\" content=\"article\" \/>\n<meta property=\"og:title\" content=\"El Pacto Cer\u00e1mico coordina su proyecto e incorpora a un prospector para reforzar la relaci\u00f3n con las empresas del territorio - Pacte Cer\u00e0mic\" \/>\n<meta property=\"og:description\" content=\"La figura dar\u00e1 continuidad a las labores de prospecci\u00f3n en Burriana, Almassora y l\u2019Alcora, fortaleciendo el contacto directo con el tejido empresarial El personal t\u00e9cnico del Consorcio Gestor del Pacto Territorial para la Ocupaci\u00f3n de los Municipios Cer\u00e1micos y su \u00e1rea de influencia en la provincia de Castell\u00f3 ha mantenido una reuni\u00f3n de trabajo para &hellip; Continue reading &quot;El Pacto Cer\u00e1mico coordina su proyecto e incorpora a un prospector para reforzar la relaci\u00f3n con las empresas del territorio&quot;\" \/>\n<meta property=\"og:url\" content=\"https:\/\/pacteceramic.es\/va_es\/el-pacto-ceramico-coordina-su-proyecto-e-incorpora-a-un-prospector-para-reforzar-la-relacion-con-las-empresas-del-territorio\/\" \/>\n<meta property=\"og:site_name\" content=\"Pacte Cer\u00e0mic\" \/>\n<meta property=\"article:publisher\" content=\"https:\/\/www.facebook.com\/pacteceramic\/\" \/>\n<meta property=\"article:published_time\" content=\"2026-04-30T07:37:28+00:00\" \/>\n<meta property=\"article:modified_time\" content=\"2026-04-30T07:38:56+00:00\" \/>\n<meta property=\"og:image\" content=\"https:\/\/pacteceramic.es\/wp-content\/uploads\/2026\/04\/Reunion-coordinacion-del-Pacto-scaled.jpg\" \/>\n\t<meta property=\"og:image:width\" content=\"2560\" \/>\n\t<meta property=\"og:image:height\" content=\"1707\" \/>\n\t<meta property=\"og:image:type\" content=\"image\/jpeg\" \/>\n<meta name=\"author\" content=\"Pacteceramic\" \/>\n<meta name=\"twitter:card\" content=\"summary_large_image\" \/>\n<meta name=\"twitter:creator\" content=\"@pacteceramic\" \/>\n<meta name=\"twitter:site\" content=\"@pacteceramic\" \/>\n<meta name=\"twitter:label1\" content=\"Written by\" \/>\n\t<meta name=\"twitter:data1\" content=\"Pacteceramic\" \/>\n\t<meta name=\"twitter:label2\" content=\"Est. reading time\" \/>\n\t<meta name=\"twitter:data2\" content=\"2 minutes\" \/>\n<script type=\"application\/ld+json\" class=\"yoast-schema-graph\">{\"@context\":\"https:\/\/schema.org\",\"@graph\":[{\"@type\":\"Article\",\"@id\":\"https:\/\/pacteceramic.es\/el-pacto-ceramico-coordina-su-proyecto-e-incorpora-a-un-prospector-para-reforzar-la-relacion-con-las-empresas-del-territorio\/#article\",\"isPartOf\":{\"@id\":\"https:\/\/pacteceramic.es\/el-pacto-ceramico-coordina-su-proyecto-e-incorpora-a-un-prospector-para-reforzar-la-relacion-con-las-empresas-del-territorio\/\"},\"author\":{\"name\":\"Pacteceramic\",\"@id\":\"https:\/\/pacteceramic.es\/es_es\/#\/schema\/person\/d8757e82992b54387f1f96b63e3434af\"},\"headline\":\"El Pacto Cer\u00e1mico coordina su proyecto e incorpora a un prospector para reforzar la relaci\u00f3n con las empresas del territorio\",\"datePublished\":\"2026-04-30T07:37:28+00:00\",\"dateModified\":\"2026-04-30T07:38:56+00:00\",\"mainEntityOfPage\":{\"@id\":\"https:\/\/pacteceramic.es\/el-pacto-ceramico-coordina-su-proyecto-e-incorpora-a-un-prospector-para-reforzar-la-relacion-con-las-empresas-del-territorio\/\"},\"wordCount\":361,\"commentCount\":0,\"publisher\":{\"@id\":\"https:\/\/pacteceramic.es\/es_es\/#organization\"},\"image\":{\"@id\":\"https:\/\/pacteceramic.es\/el-pacto-ceramico-coordina-su-proyecto-e-incorpora-a-un-prospector-para-reforzar-la-relacion-con-las-empresas-del-territorio\/#primaryimage\"},\"thumbnailUrl\":\"https:\/\/pacteceramic.es\/wp-content\/uploads\/2026\/04\/Reunion-coordinacion-del-Pacto-scaled.jpg\",\"articleSection\":[\"Noticias\"],\"inLanguage\":\"va-ES\",\"potentialAction\":[{\"@type\":\"CommentAction\",\"name\":\"Comment\",\"target\":[\"https:\/\/pacteceramic.es\/el-pacto-ceramico-coordina-su-proyecto-e-incorpora-a-un-prospector-para-reforzar-la-relacion-con-las-empresas-del-territorio\/#respond\"]}]},{\"@type\":\"WebPage\",\"@id\":\"https:\/\/pacteceramic.es\/el-pacto-ceramico-coordina-su-proyecto-e-incorpora-a-un-prospector-para-reforzar-la-relacion-con-las-empresas-del-territorio\/\",\"url\":\"https:\/\/pacteceramic.es\/el-pacto-ceramico-coordina-su-proyecto-e-incorpora-a-un-prospector-para-reforzar-la-relacion-con-las-empresas-del-territorio\/\",\"name\":\"El Pacto Cer\u00e1mico coordina su proyecto e incorpora a un prospector para reforzar la relaci\u00f3n con las empresas del territorio - Pacte Cer\u00e0mic\",\"isPartOf\":{\"@id\":\"https:\/\/pacteceramic.es\/es_es\/#website\"},\"primaryImageOfPage\":{\"@id\":\"https:\/\/pacteceramic.es\/el-pacto-ceramico-coordina-su-proyecto-e-incorpora-a-un-prospector-para-reforzar-la-relacion-con-las-empresas-del-territorio\/#primaryimage\"},\"image\":{\"@id\":\"https:\/\/pacteceramic.es\/el-pacto-ceramico-coordina-su-proyecto-e-incorpora-a-un-prospector-para-reforzar-la-relacion-con-las-empresas-del-territorio\/#primaryimage\"},\"thumbnailUrl\":\"https:\/\/pacteceramic.es\/wp-content\/uploads\/2026\/04\/Reunion-coordinacion-del-Pacto-scaled.jpg\",\"datePublished\":\"2026-04-30T07:37:28+00:00\",\"dateModified\":\"2026-04-30T07:38:56+00:00\",\"breadcrumb\":{\"@id\":\"https:\/\/pacteceramic.es\/el-pacto-ceramico-coordina-su-proyecto-e-incorpora-a-un-prospector-para-reforzar-la-relacion-con-las-empresas-del-territorio\/#breadcrumb\"},\"inLanguage\":\"va-ES\",\"potentialAction\":[{\"@type\":\"ReadAction\",\"target\":[\"https:\/\/pacteceramic.es\/el-pacto-ceramico-coordina-su-proyecto-e-incorpora-a-un-prospector-para-reforzar-la-relacion-con-las-empresas-del-territorio\/\"]}]},{\"@type\":\"ImageObject\",\"inLanguage\":\"va-ES\",\"@id\":\"https:\/\/pacteceramic.es\/el-pacto-ceramico-coordina-su-proyecto-e-incorpora-a-un-prospector-para-reforzar-la-relacion-con-las-empresas-del-territorio\/#primaryimage\",\"url\":\"https:\/\/pacteceramic.es\/wp-content\/uploads\/2026\/04\/Reunion-coordinacion-del-Pacto-scaled.jpg\",\"contentUrl\":\"https:\/\/pacteceramic.es\/wp-content\/uploads\/2026\/04\/Reunion-coordinacion-del-Pacto-scaled.jpg\",\"width\":2560,\"height\":1707},{\"@type\":\"BreadcrumbList\",\"@id\":\"https:\/\/pacteceramic.es\/el-pacto-ceramico-coordina-su-proyecto-e-incorpora-a-un-prospector-para-reforzar-la-relacion-con-las-empresas-del-territorio\/#breadcrumb\",\"itemListElement\":[{\"@type\":\"ListItem\",\"position\":1,\"name\":\"Portada\",\"item\":\"https:\/\/pacteceramic.es\/\"},{\"@type\":\"ListItem\",\"position\":2,\"name\":\"El Pacto Cer\u00e1mico coordina su proyecto e incorpora a un prospector para reforzar la relaci\u00f3n con las empresas del territorio\"}]},{\"@type\":\"WebSite\",\"@id\":\"https:\/\/pacteceramic.es\/es_es\/#website\",\"url\":\"https:\/\/pacteceramic.es\/es_es\/\",\"name\":\"Pacte Cer\u00e0mic\",\"description\":\"Pacte Cer\u00e0mic\",\"publisher\":{\"@id\":\"https:\/\/pacteceramic.es\/es_es\/#organization\"},\"potentialAction\":[{\"@type\":\"SearchAction\",\"target\":{\"@type\":\"EntryPoint\",\"urlTemplate\":\"https:\/\/pacteceramic.es\/es_es\/?s={search_term_string}\"},\"query-input\":\"required name=search_term_string\"}],\"inLanguage\":\"va-ES\"},{\"@type\":\"Organization\",\"@id\":\"https:\/\/pacteceramic.es\/es_es\/#organization\",\"name\":\"Pacte Cer\u00e0mic\",\"url\":\"https:\/\/pacteceramic.es\/es_es\/\",\"logo\":{\"@type\":\"ImageObject\",\"inLanguage\":\"va-ES\",\"@id\":\"https:\/\/pacteceramic.es\/es_es\/#\/schema\/logo\/image\/\",\"url\":\"https:\/\/pacteceramic.es\/wp-content\/uploads\/2023\/05\/menulogo.png\",\"contentUrl\":\"https:\/\/pacteceramic.es\/wp-content\/uploads\/2023\/05\/menulogo.png\",\"width\":249,\"height\":80,\"caption\":\"Pacte Cer\u00e0mic\"},\"image\":{\"@id\":\"https:\/\/pacteceramic.es\/es_es\/#\/schema\/logo\/image\/\"},\"sameAs\":[\"https:\/\/www.facebook.com\/pacteceramic\/\",\"https:\/\/x.com\/pacteceramic\",\"https:\/\/www.instagram.com\/pacteceramic\/\",\"https:\/\/www.linkedin.com\/company\/pactemunicipisceramics\/\"]},{\"@type\":\"Person\",\"@id\":\"https:\/\/pacteceramic.es\/es_es\/#\/schema\/person\/d8757e82992b54387f1f96b63e3434af\",\"name\":\"Pacteceramic\",\"image\":{\"@type\":\"ImageObject\",\"inLanguage\":\"va-ES\",\"@id\":\"https:\/\/pacteceramic.es\/es_es\/#\/schema\/person\/image\/\",\"url\":\"https:\/\/secure.gravatar.com\/avatar\/add03c3ae52e6d8ee8c27f9a7cdeaf18899ffc6cc348538526bfcb9ba78343ff?s=96&d=mm&r=g\",\"contentUrl\":\"https:\/\/secure.gravatar.com\/avatar\/add03c3ae52e6d8ee8c27f9a7cdeaf18899ffc6cc348538526bfcb9ba78343ff?s=96&d=mm&r=g\",\"caption\":\"Pacteceramic\"},\"sameAs\":[\"http:\/\/pacteceramic.es\"],\"url\":\"https:\/\/pacteceramic.es\/va_es\/author\/pacteceramic\/\"}]}<\/script>\n<!-- \/ Yoast SEO plugin. -->","yoast_head_json":{"title":"El Pacto Cer\u00e1mico coordina su proyecto e incorpora a un prospector para reforzar la relaci\u00f3n con las empresas del territorio - Pacte Cer\u00e0mic","robots":{"index":"index","follow":"follow","max-snippet":"max-snippet:-1","max-image-preview":"max-image-preview:large","max-video-preview":"max-video-preview:-1"},"canonical":"https:\/\/pacteceramic.es\/va_es\/el-pacto-ceramico-coordina-su-proyecto-e-incorpora-a-un-prospector-para-reforzar-la-relacion-con-las-empresas-del-territorio\/","og_locale":"en_US","og_type":"article","og_title":"El Pacto Cer\u00e1mico coordina su proyecto e incorpora a un prospector para reforzar la relaci\u00f3n con las empresas del territorio - Pacte Cer\u00e0mic","og_description":"La figura dar\u00e1 continuidad a las labores de prospecci\u00f3n en Burriana, Almassora y l\u2019Alcora, fortaleciendo el contacto directo con el tejido empresarial El personal t\u00e9cnico del Consorcio Gestor del Pacto Territorial para la Ocupaci\u00f3n de los Municipios Cer\u00e1micos y su \u00e1rea de influencia en la provincia de Castell\u00f3 ha mantenido una reuni\u00f3n de trabajo para &hellip; Continue reading \"El Pacto Cer\u00e1mico coordina su proyecto e incorpora a un prospector para reforzar la relaci\u00f3n con las empresas del territorio\"","og_url":"https:\/\/pacteceramic.es\/va_es\/el-pacto-ceramico-coordina-su-proyecto-e-incorpora-a-un-prospector-para-reforzar-la-relacion-con-las-empresas-del-territorio\/","og_site_name":"Pacte Cer\u00e0mic","article_publisher":"https:\/\/www.facebook.com\/pacteceramic\/","article_published_time":"2026-04-30T07:37:28+00:00","article_modified_time":"2026-04-30T07:38:56+00:00","og_image":[{"width":2560,"height":1707,"url":"https:\/\/pacteceramic.es\/wp-content\/uploads\/2026\/04\/Reunion-coordinacion-del-Pacto-scaled.jpg","type":"image\/jpeg"}],"author":"Pacteceramic","twitter_card":"summary_large_image","twitter_creator":"@pacteceramic","twitter_site":"@pacteceramic","twitter_misc":{"Written by":"Pacteceramic","Est. reading time":"2 minutes"},"schema":{"@context":"https:\/\/schema.org","@graph":[{"@type":"Article","@id":"https:\/\/pacteceramic.es\/el-pacto-ceramico-coordina-su-proyecto-e-incorpora-a-un-prospector-para-reforzar-la-relacion-con-las-empresas-del-territorio\/#article","isPartOf":{"@id":"https:\/\/pacteceramic.es\/el-pacto-ceramico-coordina-su-proyecto-e-incorpora-a-un-prospector-para-reforzar-la-relacion-con-las-empresas-del-territorio\/"},"author":{"name":"Pacteceramic","@id":"https:\/\/pacteceramic.es\/es_es\/#\/schema\/person\/d8757e82992b54387f1f96b63e3434af"},"headline":"El Pacto Cer\u00e1mico coordina su proyecto e incorpora a un prospector para reforzar la relaci\u00f3n con las empresas del territorio","datePublished":"2026-04-30T07:37:28+00:00","dateModified":"2026-04-30T07:38:56+00:00","mainEntityOfPage":{"@id":"https:\/\/pacteceramic.es\/el-pacto-ceramico-coordina-su-proyecto-e-incorpora-a-un-prospector-para-reforzar-la-relacion-con-las-empresas-del-territorio\/"},"wordCount":361,"commentCount":0,"publisher":{"@id":"https:\/\/pacteceramic.es\/es_es\/#organization"},"image":{"@id":"https:\/\/pacteceramic.es\/el-pacto-ceramico-coordina-su-proyecto-e-incorpora-a-un-prospector-para-reforzar-la-relacion-con-las-empresas-del-territorio\/#primaryimage"},"thumbnailUrl":"https:\/\/pacteceramic.es\/wp-content\/uploads\/2026\/04\/Reunion-coordinacion-del-Pacto-scaled.jpg","articleSection":["Noticias"],"inLanguage":"va-ES","potentialAction":[{"@type":"CommentAction","name":"Comment","target":["https:\/\/pacteceramic.es\/el-pacto-ceramico-coordina-su-proyecto-e-incorpora-a-un-prospector-para-reforzar-la-relacion-con-las-empresas-del-territorio\/#respond"]}]},{"@type":"WebPage","@id":"https:\/\/pacteceramic.es\/el-pacto-ceramico-coordina-su-proyecto-e-incorpora-a-un-prospector-para-reforzar-la-relacion-con-las-empresas-del-territorio\/","url":"https:\/\/pacteceramic.es\/el-pacto-ceramico-coordina-su-proyecto-e-incorpora-a-un-prospector-para-reforzar-la-relacion-con-las-empresas-del-territorio\/","name":"El Pacto Cer\u00e1mico coordina su proyecto e incorpora a un prospector para reforzar la relaci\u00f3n con las empresas del territorio - Pacte Cer\u00e0mic","isPartOf":{"@id":"https:\/\/pacteceramic.es\/es_es\/#website"},"primaryImageOfPage":{"@id":"https:\/\/pacteceramic.es\/el-pacto-ceramico-coordina-su-proyecto-e-incorpora-a-un-prospector-para-reforzar-la-relacion-con-las-empresas-del-territorio\/#primaryimage"},"image":{"@id":"https:\/\/pacteceramic.es\/el-pacto-ceramico-coordina-su-proyecto-e-incorpora-a-un-prospector-para-reforzar-la-relacion-con-las-empresas-del-territorio\/#primaryimage"},"thumbnailUrl":"https:\/\/pacteceramic.es\/wp-content\/uploads\/2026\/04\/Reunion-coordinacion-del-Pacto-scaled.jpg","datePublished":"2026-04-30T07:37:28+00:00","dateModified":"2026-04-30T07:38:56+00:00","breadcrumb":{"@id":"https:\/\/pacteceramic.es\/el-pacto-ceramico-coordina-su-proyecto-e-incorpora-a-un-prospector-para-reforzar-la-relacion-con-las-empresas-del-territorio\/#breadcrumb"},"inLanguage":"va-ES","potentialAction":[{"@type":"ReadAction","target":["https:\/\/pacteceramic.es\/el-pacto-ceramico-coordina-su-proyecto-e-incorpora-a-un-prospector-para-reforzar-la-relacion-con-las-empresas-del-territorio\/"]}]},{"@type":"ImageObject","inLanguage":"va-ES","@id":"https:\/\/pacteceramic.es\/el-pacto-ceramico-coordina-su-proyecto-e-incorpora-a-un-prospector-para-reforzar-la-relacion-con-las-empresas-del-territorio\/#primaryimage","url":"https:\/\/pacteceramic.es\/wp-content\/uploads\/2026\/04\/Reunion-coordinacion-del-Pacto-scaled.jpg","contentUrl":"https:\/\/pacteceramic.es\/wp-content\/uploads\/2026\/04\/Reunion-coordinacion-del-Pacto-scaled.jpg","width":2560,"height":1707},{"@type":"BreadcrumbList","@id":"https:\/\/pacteceramic.es\/el-pacto-ceramico-coordina-su-proyecto-e-incorpora-a-un-prospector-para-reforzar-la-relacion-con-las-empresas-del-territorio\/#breadcrumb","itemListElement":[{"@type":"ListItem","position":1,"name":"Portada","item":"https:\/\/pacteceramic.es\/"},{"@type":"ListItem","position":2,"name":"El Pacto Cer\u00e1mico coordina su proyecto e incorpora a un prospector para reforzar la relaci\u00f3n con las empresas del territorio"}]},{"@type":"WebSite","@id":"https:\/\/pacteceramic.es\/es_es\/#website","url":"https:\/\/pacteceramic.es\/es_es\/","name":"Pacte Cer\u00e0mic","description":"Pacte Cer\u00e0mic","publisher":{"@id":"https:\/\/pacteceramic.es\/es_es\/#organization"},"potentialAction":[{"@type":"SearchAction","target":{"@type":"EntryPoint","urlTemplate":"https:\/\/pacteceramic.es\/es_es\/?s={search_term_string}"},"query-input":"required name=search_term_string"}],"inLanguage":"va-ES"},{"@type":"Organization","@id":"https:\/\/pacteceramic.es\/es_es\/#organization","name":"Pacte Cer\u00e0mic","url":"https:\/\/pacteceramic.es\/es_es\/","logo":{"@type":"ImageObject","inLanguage":"va-ES","@id":"https:\/\/pacteceramic.es\/es_es\/#\/schema\/logo\/image\/","url":"https:\/\/pacteceramic.es\/wp-content\/uploads\/2023\/05\/menulogo.png","contentUrl":"https:\/\/pacteceramic.es\/wp-content\/uploads\/2023\/05\/menulogo.png","width":249,"height":80,"caption":"Pacte Cer\u00e0mic"},"image":{"@id":"https:\/\/pacteceramic.es\/es_es\/#\/schema\/logo\/image\/"},"sameAs":["https:\/\/www.facebook.com\/pacteceramic\/","https:\/\/x.com\/pacteceramic","https:\/\/www.instagram.com\/pacteceramic\/","https:\/\/www.linkedin.com\/company\/pactemunicipisceramics\/"]},{"@type":"Person","@id":"https:\/\/pacteceramic.es\/es_es\/#\/schema\/person\/d8757e82992b54387f1f96b63e3434af","name":"Pacteceramic","image":{"@type":"ImageObject","inLanguage":"va-ES","@id":"https:\/\/pacteceramic.es\/es_es\/#\/schema\/person\/image\/","url":"https:\/\/secure.gravatar.com\/avatar\/add03c3ae52e6d8ee8c27f9a7cdeaf18899ffc6cc348538526bfcb9ba78343ff?s=96&d=mm&r=g","contentUrl":"https:\/\/secure.gravatar.com\/avatar\/add03c3ae52e6d8ee8c27f9a7cdeaf18899ffc6cc348538526bfcb9ba78343ff?s=96&d=mm&r=g","caption":"Pacteceramic"},"sameAs":["http:\/\/pacteceramic.es"],"url":"https:\/\/pacteceramic.es\/va_es\/author\/pacteceramic\/"}]}},"_links":{"self":[{"href":"https:\/\/pacteceramic.es\/va_es\/wp-json\/wp\/v2\/posts\/12623","targetHints":{"allow":["GET"]}}],"collection":[{"href":"https:\/\/pacteceramic.es\/va_es\/wp-json\/wp\/v2\/posts"}],"about":[{"href":"https:\/\/pacteceramic.es\/va_es\/wp-json\/wp\/v2\/types\/post"}],"author":[{"embeddable":true,"href":"https:\/\/pacteceramic.es\/va_es\/wp-json\/wp\/v2\/users\/1"}],"replies":[{"embeddable":true,"href":"https:\/\/pacteceramic.es\/va_es\/wp-json\/wp\/v2\/comments?post=12623"}],"version-history":[{"count":4,"href":"https:\/\/pacteceramic.es\/va_es\/wp-json\/wp\/v2\/posts\/12623\/revisions"}],"predecessor-version":[{"id":12631,"href":"https:\/\/pacteceramic.es\/va_es\/wp-json\/wp\/v2\/posts\/12623\/revisions\/12631"}],"wp:featuredmedia":[{"embeddable":true,"href":"https:\/\/pacteceramic.es\/va_es\/wp-json\/wp\/v2\/media\/12624"}],"wp:attachment":[{"href":"https:\/\/pacteceramic.es\/va_es\/wp-json\/wp\/v2\/media?parent=12623"}],"wp:term":[{"taxonomy":"category","embeddable":true,"href":"https:\/\/pacteceramic.es\/va_es\/wp-json\/wp\/v2\/categories?post=12623"},{"taxonomy":"post_tag","embeddable":true,"href":"https:\/\/pacteceramic.es\/va_es\/wp-json\/wp\/v2\/tags?post=12623"}],"curies":[{"name":"wp","href":"https:\/\/api.w.org\/{rel}","templated":true}]}}