{"id":12608,"date":"2026-03-09T08:11:41","date_gmt":"2026-03-09T08:11:41","guid":{"rendered":"https:\/\/pacteceramic.es\/?p=12608"},"modified":"2026-03-09T08:14:04","modified_gmt":"2026-03-09T08:14:04","slug":"burriana-y-el-pacte-de-la-ceramica-asesoran-a-pymes-sobre-las-subvenciones-del-ivf","status":"publish","type":"post","link":"https:\/\/pacteceramic.es\/va_es\/burriana-y-el-pacte-de-la-ceramica-asesoran-a-pymes-sobre-las-subvenciones-del-ivf\/","title":{"rendered":"Burriana i el Pacte de la Cer\u00e0mica assessoren a PYMES sobre les subvencions de l'IVF"},"content":{"rendered":"<p><i>Estos pr\u00e9stecs van dirigits a empreses de la Comunitat Valenciana amb una antiguitat m\u00ednima de dos anys i amb, almenys, un treballador i volen facilitar la modernitzaci\u00f3 empresarial<\/i><\/p>\n<p class=\"p1\">L'Ajuntament de Burriana, a trav\u00e9s de la regidoria d'Ocupaci\u00f3, i el Consorci del Pacte Cer\u00e0mic han unit esfor\u00e7os per a <a href=\"https:\/\/pacteceramic.es\/va_es\/asesoramiento\/\">informar y asesorar a las peque\u00f1as y medianas empresas<\/a> informar i assessorar les petites i mitjanes empreses del municipi sobre la nova l\u00ednia de finan\u00e7ament bonificat IVF Pime Inversi\u00f3 2026, impulsada per l'Institut Valenci\u00e0 de Finances (IVF). Esta l\u00ednia de pr\u00e9stecs est\u00e0 dirigida a pimes de la Comunitat Valenciana amb una antiguitat m\u00ednima de dos anys i almenys un treballador, i t\u00e9 com a objectiu facilitar la inversi\u00f3 en actius fixos que contribu\u00efsquen al creixement i modernitzaci\u00f3 empresarial.<\/p>\n<p class=\"p1\">Entre les inversions subvencionables s'inclouen l'adquisici\u00f3 i condicionament de terrenys, la compra o reforma de naus i locals, la construcci\u00f3 d'instal\u00b7lacions d'energies renovables, l'adquisici\u00f3 de maquin\u00e0ria, equipament tecnol\u00f2gic, mobiliari, vehicles industrials, aix\u00ed com actius intangibles com a despeses d'I+D, propietat industrial o aplicacions inform\u00e0tiques.<\/p>\n<p class=\"p1\">Els pr\u00e9stecs contemplats en esta convocat\u00f2ria oscil\u00b7len entre els 200.000 i els 2.000.000 d'euros, podent cobrir fins al 80% del valor de la inversi\u00f3, amb un tipus d'inter\u00e9s fix del 1,75%. El termini d'amortitzaci\u00f3 podr\u00e0 situar-se entre quatre i deu anys, amb la possibilitat d'incloure fins a tres anys de car\u00e8ncia.<\/p>\n<p class=\"p1\">Des del consistori i el consorci destaquen la import\u00e0ncia d'esta eina financera per a refor\u00e7ar la competitivitat del teixit productiu local. Ambdues entitats unixen esfor\u00e7os perqu\u00e8 les empreses de Burriana puguen obtindre liquiditat i finan\u00e7ament en condicions favorables, amb l'objectiu compartit de millorar les dades de creixement econ\u00f2mic, desenvolupament empresarial i generaci\u00f3 d'ocupaci\u00f3 en el municipi.<\/p>\n<p class=\"p1\">Les empreses interessades podran obtindre m\u00e9s informaci\u00f3 i assessorament personalitzat en la Cambra Agr\u00e0ria de Burriana els dilluns de 8.30 a 14h en les quals la t\u00e8cnica responsable de l'assessorament a empresa realitza l'atenci\u00f3 personalitzada.<\/p>\n<p class=\"p1\">La regidora de Pol\u00edtiques Actives d'Ocupaci\u00f3, Suni Fandos, ha assenyalat que<b>\u201cdes de l'Ajuntament, amb les t\u00e8cniques del consorci, volem acompanyar les nostres empreses en tot el proc\u00e9s de sol\u00b7licitud, resolent dubtes i facilitant l'acc\u00e9s a esta l\u00ednia de finan\u00e7ament que pot marcar un abans i un despr\u00e9s en molts projectes empresarials locals\u201d<\/b> Aix\u00ed mateix, ha afegit que <b>\u201cdonar suport a la inversi\u00f3 productiva \u00e9s apostar per la consolidaci\u00f3 de les nostres pimes, per la seua modernitzaci\u00f3 i per la creaci\u00f3 de noves oportunitats laborals a Burriana\u201d.<\/b><\/p>","protected":false},"excerpt":{"rendered":"<p>Estos pr\u00e9stamos van dirigidos a empresas de la Comunitat Valenciana con una antig\u00fcedad m\u00ednima de dos a\u00f1os y con, al menos, un trabajador y quieren facilitar la modernizaci\u00f3n empresarial El Ayuntamiento de Burriana, a trav\u00e9s de la concejal\u00eda de Empleo, y el Consorcio del Pacte han unido esfuerzos para informar y asesorar a las peque\u00f1as &hellip; <a href=\"https:\/\/pacteceramic.es\/va_es\/burriana-y-el-pacte-de-la-ceramica-asesoran-a-pymes-sobre-las-subvenciones-del-ivf\/\" class=\"more-link\">Continue reading<span class=\"screen-reader-text\"> \u00abBurriana y el Pacte de la Cer\u00e1mica asesoran a PYMES sobre las subvenciones del IVF\u00bb<\/span><\/a><\/p>","protected":false},"author":1,"featured_media":12609,"comment_status":"open","ping_status":"open","sticky":false,"template":"","format":"standard","meta":{"iawp_total_views":4,"footnotes":""},"categories":[3],"tags":[],"class_list":["post-12608","post","type-post","status-publish","format-standard","has-post-thumbnail","hentry","category-noticias"],"yoast_head":"<!-- This site is optimized with the Yoast SEO plugin v23.1 - https:\/\/yoast.com\/wordpress\/plugins\/seo\/ -->\n<title>Burriana y el Pacte de la Cer\u00e1mica asesoran a PYMES sobre las subvenciones del IVF - Pacte Cer\u00e0mic<\/title>\n<meta name=\"robots\" content=\"index, follow, max-snippet:-1, max-image-preview:large, max-video-preview:-1\" \/>\n<link rel=\"canonical\" href=\"https:\/\/pacteceramic.es\/va_es\/burriana-y-el-pacte-de-la-ceramica-asesoran-a-pymes-sobre-las-subvenciones-del-ivf\/\" \/>\n<meta property=\"og:locale\" content=\"en_US\" \/>\n<meta property=\"og:type\" content=\"article\" \/>\n<meta property=\"og:title\" content=\"Burriana y el Pacte de la Cer\u00e1mica asesoran a PYMES sobre las subvenciones del IVF - Pacte Cer\u00e0mic\" \/>\n<meta property=\"og:description\" content=\"Estos pr\u00e9stamos van dirigidos a empresas de la Comunitat Valenciana con una antig\u00fcedad m\u00ednima de dos a\u00f1os y con, al menos, un trabajador y quieren facilitar la modernizaci\u00f3n empresarial El Ayuntamiento de Burriana, a trav\u00e9s de la concejal\u00eda de Empleo, y el Consorcio del Pacte han unido esfuerzos para informar y asesorar a las peque\u00f1as &hellip; Continue reading &quot;Burriana y el Pacte de la Cer\u00e1mica asesoran a PYMES sobre las subvenciones del IVF&quot;\" \/>\n<meta property=\"og:url\" content=\"https:\/\/pacteceramic.es\/va_es\/burriana-y-el-pacte-de-la-ceramica-asesoran-a-pymes-sobre-las-subvenciones-del-ivf\/\" \/>\n<meta property=\"og:site_name\" content=\"Pacte Cer\u00e0mic\" \/>\n<meta property=\"article:publisher\" content=\"https:\/\/www.facebook.com\/pacteceramic\/\" \/>\n<meta property=\"article:published_time\" content=\"2026-03-09T08:11:41+00:00\" \/>\n<meta property=\"article:modified_time\" content=\"2026-03-09T08:14:04+00:00\" \/>\n<meta property=\"og:image\" content=\"https:\/\/pacteceramic.es\/wp-content\/uploads\/2026\/03\/Reunion-Ayuntamiento-Burriana-y-el-Pacto-por-el-Empleo.jpeg\" \/>\n\t<meta property=\"og:image:width\" content=\"1600\" \/>\n\t<meta property=\"og:image:height\" content=\"1066\" \/>\n\t<meta property=\"og:image:type\" content=\"image\/jpeg\" \/>\n<meta name=\"author\" content=\"Pacteceramic\" \/>\n<meta name=\"twitter:card\" content=\"summary_large_image\" \/>\n<meta name=\"twitter:creator\" content=\"@pacteceramic\" \/>\n<meta name=\"twitter:site\" content=\"@pacteceramic\" \/>\n<meta name=\"twitter:label1\" content=\"Written by\" \/>\n\t<meta name=\"twitter:data1\" content=\"Pacteceramic\" \/>\n\t<meta name=\"twitter:label2\" content=\"Est. reading time\" \/>\n\t<meta name=\"twitter:data2\" content=\"3 minutes\" \/>\n<script type=\"application\/ld+json\" class=\"yoast-schema-graph\">{\"@context\":\"https:\/\/schema.org\",\"@graph\":[{\"@type\":\"Article\",\"@id\":\"https:\/\/pacteceramic.es\/burriana-y-el-pacte-de-la-ceramica-asesoran-a-pymes-sobre-las-subvenciones-del-ivf\/#article\",\"isPartOf\":{\"@id\":\"https:\/\/pacteceramic.es\/burriana-y-el-pacte-de-la-ceramica-asesoran-a-pymes-sobre-las-subvenciones-del-ivf\/\"},\"author\":{\"name\":\"Pacteceramic\",\"@id\":\"https:\/\/pacteceramic.es\/es_es\/#\/schema\/person\/d8757e82992b54387f1f96b63e3434af\"},\"headline\":\"Burriana y el Pacte de la Cer\u00e1mica asesoran a PYMES sobre las subvenciones del IVF\",\"datePublished\":\"2026-03-09T08:11:41+00:00\",\"dateModified\":\"2026-03-09T08:14:04+00:00\",\"mainEntityOfPage\":{\"@id\":\"https:\/\/pacteceramic.es\/burriana-y-el-pacte-de-la-ceramica-asesoran-a-pymes-sobre-las-subvenciones-del-ivf\/\"},\"wordCount\":465,\"commentCount\":0,\"publisher\":{\"@id\":\"https:\/\/pacteceramic.es\/es_es\/#organization\"},\"image\":{\"@id\":\"https:\/\/pacteceramic.es\/burriana-y-el-pacte-de-la-ceramica-asesoran-a-pymes-sobre-las-subvenciones-del-ivf\/#primaryimage\"},\"thumbnailUrl\":\"https:\/\/pacteceramic.es\/wp-content\/uploads\/2026\/03\/Reunion-Ayuntamiento-Burriana-y-el-Pacto-por-el-Empleo.jpeg\",\"articleSection\":[\"Noticias\"],\"inLanguage\":\"va-ES\",\"potentialAction\":[{\"@type\":\"CommentAction\",\"name\":\"Comment\",\"target\":[\"https:\/\/pacteceramic.es\/burriana-y-el-pacte-de-la-ceramica-asesoran-a-pymes-sobre-las-subvenciones-del-ivf\/#respond\"]}]},{\"@type\":\"WebPage\",\"@id\":\"https:\/\/pacteceramic.es\/burriana-y-el-pacte-de-la-ceramica-asesoran-a-pymes-sobre-las-subvenciones-del-ivf\/\",\"url\":\"https:\/\/pacteceramic.es\/burriana-y-el-pacte-de-la-ceramica-asesoran-a-pymes-sobre-las-subvenciones-del-ivf\/\",\"name\":\"Burriana y el Pacte de la Cer\u00e1mica asesoran a PYMES sobre las subvenciones del IVF - Pacte Cer\u00e0mic\",\"isPartOf\":{\"@id\":\"https:\/\/pacteceramic.es\/es_es\/#website\"},\"primaryImageOfPage\":{\"@id\":\"https:\/\/pacteceramic.es\/burriana-y-el-pacte-de-la-ceramica-asesoran-a-pymes-sobre-las-subvenciones-del-ivf\/#primaryimage\"},\"image\":{\"@id\":\"https:\/\/pacteceramic.es\/burriana-y-el-pacte-de-la-ceramica-asesoran-a-pymes-sobre-las-subvenciones-del-ivf\/#primaryimage\"},\"thumbnailUrl\":\"https:\/\/pacteceramic.es\/wp-content\/uploads\/2026\/03\/Reunion-Ayuntamiento-Burriana-y-el-Pacto-por-el-Empleo.jpeg\",\"datePublished\":\"2026-03-09T08:11:41+00:00\",\"dateModified\":\"2026-03-09T08:14:04+00:00\",\"breadcrumb\":{\"@id\":\"https:\/\/pacteceramic.es\/burriana-y-el-pacte-de-la-ceramica-asesoran-a-pymes-sobre-las-subvenciones-del-ivf\/#breadcrumb\"},\"inLanguage\":\"va-ES\",\"potentialAction\":[{\"@type\":\"ReadAction\",\"target\":[\"https:\/\/pacteceramic.es\/burriana-y-el-pacte-de-la-ceramica-asesoran-a-pymes-sobre-las-subvenciones-del-ivf\/\"]}]},{\"@type\":\"ImageObject\",\"inLanguage\":\"va-ES\",\"@id\":\"https:\/\/pacteceramic.es\/burriana-y-el-pacte-de-la-ceramica-asesoran-a-pymes-sobre-las-subvenciones-del-ivf\/#primaryimage\",\"url\":\"https:\/\/pacteceramic.es\/wp-content\/uploads\/2026\/03\/Reunion-Ayuntamiento-Burriana-y-el-Pacto-por-el-Empleo.jpeg\",\"contentUrl\":\"https:\/\/pacteceramic.es\/wp-content\/uploads\/2026\/03\/Reunion-Ayuntamiento-Burriana-y-el-Pacto-por-el-Empleo.jpeg\",\"width\":1600,\"height\":1066},{\"@type\":\"BreadcrumbList\",\"@id\":\"https:\/\/pacteceramic.es\/burriana-y-el-pacte-de-la-ceramica-asesoran-a-pymes-sobre-las-subvenciones-del-ivf\/#breadcrumb\",\"itemListElement\":[{\"@type\":\"ListItem\",\"position\":1,\"name\":\"Portada\",\"item\":\"https:\/\/pacteceramic.es\/\"},{\"@type\":\"ListItem\",\"position\":2,\"name\":\"Burriana y el Pacte de la Cer\u00e1mica asesoran a PYMES sobre las subvenciones del IVF\"}]},{\"@type\":\"WebSite\",\"@id\":\"https:\/\/pacteceramic.es\/es_es\/#website\",\"url\":\"https:\/\/pacteceramic.es\/es_es\/\",\"name\":\"Pacte Cer\u00e0mic\",\"description\":\"Pacte Cer\u00e0mic\",\"publisher\":{\"@id\":\"https:\/\/pacteceramic.es\/es_es\/#organization\"},\"potentialAction\":[{\"@type\":\"SearchAction\",\"target\":{\"@type\":\"EntryPoint\",\"urlTemplate\":\"https:\/\/pacteceramic.es\/es_es\/?s={search_term_string}\"},\"query-input\":\"required name=search_term_string\"}],\"inLanguage\":\"va-ES\"},{\"@type\":\"Organization\",\"@id\":\"https:\/\/pacteceramic.es\/es_es\/#organization\",\"name\":\"Pacte Cer\u00e0mic\",\"url\":\"https:\/\/pacteceramic.es\/es_es\/\",\"logo\":{\"@type\":\"ImageObject\",\"inLanguage\":\"va-ES\",\"@id\":\"https:\/\/pacteceramic.es\/es_es\/#\/schema\/logo\/image\/\",\"url\":\"https:\/\/pacteceramic.es\/wp-content\/uploads\/2023\/05\/menulogo.png\",\"contentUrl\":\"https:\/\/pacteceramic.es\/wp-content\/uploads\/2023\/05\/menulogo.png\",\"width\":249,\"height\":80,\"caption\":\"Pacte Cer\u00e0mic\"},\"image\":{\"@id\":\"https:\/\/pacteceramic.es\/es_es\/#\/schema\/logo\/image\/\"},\"sameAs\":[\"https:\/\/www.facebook.com\/pacteceramic\/\",\"https:\/\/x.com\/pacteceramic\",\"https:\/\/www.instagram.com\/pacteceramic\/\",\"https:\/\/www.linkedin.com\/company\/pactemunicipisceramics\/\"]},{\"@type\":\"Person\",\"@id\":\"https:\/\/pacteceramic.es\/es_es\/#\/schema\/person\/d8757e82992b54387f1f96b63e3434af\",\"name\":\"Pacteceramic\",\"image\":{\"@type\":\"ImageObject\",\"inLanguage\":\"va-ES\",\"@id\":\"https:\/\/pacteceramic.es\/es_es\/#\/schema\/person\/image\/\",\"url\":\"https:\/\/secure.gravatar.com\/avatar\/add03c3ae52e6d8ee8c27f9a7cdeaf18899ffc6cc348538526bfcb9ba78343ff?s=96&d=mm&r=g\",\"contentUrl\":\"https:\/\/secure.gravatar.com\/avatar\/add03c3ae52e6d8ee8c27f9a7cdeaf18899ffc6cc348538526bfcb9ba78343ff?s=96&d=mm&r=g\",\"caption\":\"Pacteceramic\"},\"sameAs\":[\"http:\/\/pacteceramic.es\"],\"url\":\"https:\/\/pacteceramic.es\/va_es\/author\/pacteceramic\/\"}]}<\/script>\n<!-- \/ Yoast SEO plugin. -->","yoast_head_json":{"title":"Burriana y el Pacte de la Cer\u00e1mica asesoran a PYMES sobre las subvenciones del IVF - Pacte Cer\u00e0mic","robots":{"index":"index","follow":"follow","max-snippet":"max-snippet:-1","max-image-preview":"max-image-preview:large","max-video-preview":"max-video-preview:-1"},"canonical":"https:\/\/pacteceramic.es\/va_es\/burriana-y-el-pacte-de-la-ceramica-asesoran-a-pymes-sobre-las-subvenciones-del-ivf\/","og_locale":"en_US","og_type":"article","og_title":"Burriana y el Pacte de la Cer\u00e1mica asesoran a PYMES sobre las subvenciones del IVF - Pacte Cer\u00e0mic","og_description":"Estos pr\u00e9stamos van dirigidos a empresas de la Comunitat Valenciana con una antig\u00fcedad m\u00ednima de dos a\u00f1os y con, al menos, un trabajador y quieren facilitar la modernizaci\u00f3n empresarial El Ayuntamiento de Burriana, a trav\u00e9s de la concejal\u00eda de Empleo, y el Consorcio del Pacte han unido esfuerzos para informar y asesorar a las peque\u00f1as &hellip; Continue reading \"Burriana y el Pacte de la Cer\u00e1mica asesoran a PYMES sobre las subvenciones del IVF\"","og_url":"https:\/\/pacteceramic.es\/va_es\/burriana-y-el-pacte-de-la-ceramica-asesoran-a-pymes-sobre-las-subvenciones-del-ivf\/","og_site_name":"Pacte Cer\u00e0mic","article_publisher":"https:\/\/www.facebook.com\/pacteceramic\/","article_published_time":"2026-03-09T08:11:41+00:00","article_modified_time":"2026-03-09T08:14:04+00:00","og_image":[{"width":1600,"height":1066,"url":"https:\/\/pacteceramic.es\/wp-content\/uploads\/2026\/03\/Reunion-Ayuntamiento-Burriana-y-el-Pacto-por-el-Empleo.jpeg","type":"image\/jpeg"}],"author":"Pacteceramic","twitter_card":"summary_large_image","twitter_creator":"@pacteceramic","twitter_site":"@pacteceramic","twitter_misc":{"Written by":"Pacteceramic","Est. reading time":"3 minutes"},"schema":{"@context":"https:\/\/schema.org","@graph":[{"@type":"Article","@id":"https:\/\/pacteceramic.es\/burriana-y-el-pacte-de-la-ceramica-asesoran-a-pymes-sobre-las-subvenciones-del-ivf\/#article","isPartOf":{"@id":"https:\/\/pacteceramic.es\/burriana-y-el-pacte-de-la-ceramica-asesoran-a-pymes-sobre-las-subvenciones-del-ivf\/"},"author":{"name":"Pacteceramic","@id":"https:\/\/pacteceramic.es\/es_es\/#\/schema\/person\/d8757e82992b54387f1f96b63e3434af"},"headline":"Burriana y el Pacte de la Cer\u00e1mica asesoran a PYMES sobre las subvenciones del IVF","datePublished":"2026-03-09T08:11:41+00:00","dateModified":"2026-03-09T08:14:04+00:00","mainEntityOfPage":{"@id":"https:\/\/pacteceramic.es\/burriana-y-el-pacte-de-la-ceramica-asesoran-a-pymes-sobre-las-subvenciones-del-ivf\/"},"wordCount":465,"commentCount":0,"publisher":{"@id":"https:\/\/pacteceramic.es\/es_es\/#organization"},"image":{"@id":"https:\/\/pacteceramic.es\/burriana-y-el-pacte-de-la-ceramica-asesoran-a-pymes-sobre-las-subvenciones-del-ivf\/#primaryimage"},"thumbnailUrl":"https:\/\/pacteceramic.es\/wp-content\/uploads\/2026\/03\/Reunion-Ayuntamiento-Burriana-y-el-Pacto-por-el-Empleo.jpeg","articleSection":["Noticias"],"inLanguage":"va-ES","potentialAction":[{"@type":"CommentAction","name":"Comment","target":["https:\/\/pacteceramic.es\/burriana-y-el-pacte-de-la-ceramica-asesoran-a-pymes-sobre-las-subvenciones-del-ivf\/#respond"]}]},{"@type":"WebPage","@id":"https:\/\/pacteceramic.es\/burriana-y-el-pacte-de-la-ceramica-asesoran-a-pymes-sobre-las-subvenciones-del-ivf\/","url":"https:\/\/pacteceramic.es\/burriana-y-el-pacte-de-la-ceramica-asesoran-a-pymes-sobre-las-subvenciones-del-ivf\/","name":"Burriana y el Pacte de la Cer\u00e1mica asesoran a PYMES sobre las subvenciones del IVF - Pacte Cer\u00e0mic","isPartOf":{"@id":"https:\/\/pacteceramic.es\/es_es\/#website"},"primaryImageOfPage":{"@id":"https:\/\/pacteceramic.es\/burriana-y-el-pacte-de-la-ceramica-asesoran-a-pymes-sobre-las-subvenciones-del-ivf\/#primaryimage"},"image":{"@id":"https:\/\/pacteceramic.es\/burriana-y-el-pacte-de-la-ceramica-asesoran-a-pymes-sobre-las-subvenciones-del-ivf\/#primaryimage"},"thumbnailUrl":"https:\/\/pacteceramic.es\/wp-content\/uploads\/2026\/03\/Reunion-Ayuntamiento-Burriana-y-el-Pacto-por-el-Empleo.jpeg","datePublished":"2026-03-09T08:11:41+00:00","dateModified":"2026-03-09T08:14:04+00:00","breadcrumb":{"@id":"https:\/\/pacteceramic.es\/burriana-y-el-pacte-de-la-ceramica-asesoran-a-pymes-sobre-las-subvenciones-del-ivf\/#breadcrumb"},"inLanguage":"va-ES","potentialAction":[{"@type":"ReadAction","target":["https:\/\/pacteceramic.es\/burriana-y-el-pacte-de-la-ceramica-asesoran-a-pymes-sobre-las-subvenciones-del-ivf\/"]}]},{"@type":"ImageObject","inLanguage":"va-ES","@id":"https:\/\/pacteceramic.es\/burriana-y-el-pacte-de-la-ceramica-asesoran-a-pymes-sobre-las-subvenciones-del-ivf\/#primaryimage","url":"https:\/\/pacteceramic.es\/wp-content\/uploads\/2026\/03\/Reunion-Ayuntamiento-Burriana-y-el-Pacto-por-el-Empleo.jpeg","contentUrl":"https:\/\/pacteceramic.es\/wp-content\/uploads\/2026\/03\/Reunion-Ayuntamiento-Burriana-y-el-Pacto-por-el-Empleo.jpeg","width":1600,"height":1066},{"@type":"BreadcrumbList","@id":"https:\/\/pacteceramic.es\/burriana-y-el-pacte-de-la-ceramica-asesoran-a-pymes-sobre-las-subvenciones-del-ivf\/#breadcrumb","itemListElement":[{"@type":"ListItem","position":1,"name":"Portada","item":"https:\/\/pacteceramic.es\/"},{"@type":"ListItem","position":2,"name":"Burriana y el Pacte de la Cer\u00e1mica asesoran a PYMES sobre las subvenciones del IVF"}]},{"@type":"WebSite","@id":"https:\/\/pacteceramic.es\/es_es\/#website","url":"https:\/\/pacteceramic.es\/es_es\/","name":"Pacte Cer\u00e0mic","description":"Pacte Cer\u00e0mic","publisher":{"@id":"https:\/\/pacteceramic.es\/es_es\/#organization"},"potentialAction":[{"@type":"SearchAction","target":{"@type":"EntryPoint","urlTemplate":"https:\/\/pacteceramic.es\/es_es\/?s={search_term_string}"},"query-input":"required name=search_term_string"}],"inLanguage":"va-ES"},{"@type":"Organization","@id":"https:\/\/pacteceramic.es\/es_es\/#organization","name":"Pacte Cer\u00e0mic","url":"https:\/\/pacteceramic.es\/es_es\/","logo":{"@type":"ImageObject","inLanguage":"va-ES","@id":"https:\/\/pacteceramic.es\/es_es\/#\/schema\/logo\/image\/","url":"https:\/\/pacteceramic.es\/wp-content\/uploads\/2023\/05\/menulogo.png","contentUrl":"https:\/\/pacteceramic.es\/wp-content\/uploads\/2023\/05\/menulogo.png","width":249,"height":80,"caption":"Pacte Cer\u00e0mic"},"image":{"@id":"https:\/\/pacteceramic.es\/es_es\/#\/schema\/logo\/image\/"},"sameAs":["https:\/\/www.facebook.com\/pacteceramic\/","https:\/\/x.com\/pacteceramic","https:\/\/www.instagram.com\/pacteceramic\/","https:\/\/www.linkedin.com\/company\/pactemunicipisceramics\/"]},{"@type":"Person","@id":"https:\/\/pacteceramic.es\/es_es\/#\/schema\/person\/d8757e82992b54387f1f96b63e3434af","name":"Pacteceramic","image":{"@type":"ImageObject","inLanguage":"va-ES","@id":"https:\/\/pacteceramic.es\/es_es\/#\/schema\/person\/image\/","url":"https:\/\/secure.gravatar.com\/avatar\/add03c3ae52e6d8ee8c27f9a7cdeaf18899ffc6cc348538526bfcb9ba78343ff?s=96&d=mm&r=g","contentUrl":"https:\/\/secure.gravatar.com\/avatar\/add03c3ae52e6d8ee8c27f9a7cdeaf18899ffc6cc348538526bfcb9ba78343ff?s=96&d=mm&r=g","caption":"Pacteceramic"},"sameAs":["http:\/\/pacteceramic.es"],"url":"https:\/\/pacteceramic.es\/va_es\/author\/pacteceramic\/"}]}},"_links":{"self":[{"href":"https:\/\/pacteceramic.es\/va_es\/wp-json\/wp\/v2\/posts\/12608","targetHints":{"allow":["GET"]}}],"collection":[{"href":"https:\/\/pacteceramic.es\/va_es\/wp-json\/wp\/v2\/posts"}],"about":[{"href":"https:\/\/pacteceramic.es\/va_es\/wp-json\/wp\/v2\/types\/post"}],"author":[{"embeddable":true,"href":"https:\/\/pacteceramic.es\/va_es\/wp-json\/wp\/v2\/users\/1"}],"replies":[{"embeddable":true,"href":"https:\/\/pacteceramic.es\/va_es\/wp-json\/wp\/v2\/comments?post=12608"}],"version-history":[{"count":3,"href":"https:\/\/pacteceramic.es\/va_es\/wp-json\/wp\/v2\/posts\/12608\/revisions"}],"predecessor-version":[{"id":12612,"href":"https:\/\/pacteceramic.es\/va_es\/wp-json\/wp\/v2\/posts\/12608\/revisions\/12612"}],"wp:featuredmedia":[{"embeddable":true,"href":"https:\/\/pacteceramic.es\/va_es\/wp-json\/wp\/v2\/media\/12609"}],"wp:attachment":[{"href":"https:\/\/pacteceramic.es\/va_es\/wp-json\/wp\/v2\/media?parent=12608"}],"wp:term":[{"taxonomy":"category","embeddable":true,"href":"https:\/\/pacteceramic.es\/va_es\/wp-json\/wp\/v2\/categories?post=12608"},{"taxonomy":"post_tag","embeddable":true,"href":"https:\/\/pacteceramic.es\/va_es\/wp-json\/wp\/v2\/tags?post=12608"}],"curies":[{"name":"wp","href":"https:\/\/api.w.org\/{rel}","templated":true}]}}