{"id":12330,"date":"2025-02-25T10:35:48","date_gmt":"2025-02-25T10:35:48","guid":{"rendered":"https:\/\/pacteceramic.es\/?p=12330"},"modified":"2025-02-25T11:13:37","modified_gmt":"2025-02-25T11:13:37","slug":"el-presidente-del-consorcio-visita-la-feria-cevisama-para-conocer-de-primera-mano-las-necesidades-de-las-empresas-del-sector-ceramico","status":"publish","type":"post","link":"https:\/\/pacteceramic.es\/va_es\/el-presidente-del-consorcio-visita-la-feria-cevisama-para-conocer-de-primera-mano-las-necesidades-de-las-empresas-del-sector-ceramico\/","title":{"rendered":"El president del Consorci visita la fira Cevisama per a con\u00e9ixer de primera m\u00e0 les necessitats de les empreses del sector cer\u00e0mic"},"content":{"rendered":"<p class=\"p1\"><i>El president del Pacte Territorial, Pablo Delgado, va ser present en el certamen i va poder departir amb diverses signatures que exposen all\u00ed les seues novetats<\/i><\/p>\n<p class=\"p1\">El president del Consorci Gestor del Pacte Territorial per a l'Ocupaci\u00f3 en els Municipis Cer\u00e0mics i la seua \u00e0rea d'influ\u00e8ncia a la prov\u00edncia de Castell\u00f3 i regidor d'Ind\u00fastria de l'Ajuntament de l'Alcora, Pablo Huguet, ha visitat diverses empreses de la zona en la Fira Cevisama, el certamen l\u00edder del sector cer\u00e0mic, equipament per a bany i pedra natural. Delgado explica que \u201cdurant aquests dies, milers de persones visitaran a Val\u00e8ncia les innovacions del sector i hem volgut ser presents per a con\u00e9ixer de primera m\u00e0 aquestes experi\u00e8ncies i les necessitats que poden tindre les empreses i que puguem proveir des del Pacte\u201d.<\/p>\n<p class=\"p1\">El president conclou dient que \u201c\u00e9s el nostre objectiu tindre un contacte directe amb les companyies del territori, moltes d'elles presents durant aquests dies a Val\u00e8ncia, aix\u00ed com amb la ciutadania i la societat en general. Pensem que des del Consorci podem donar respostes per a millorar l'ocupabilitat de la nostra zona d'influ\u00e8ncia, per\u00f2 aix\u00f2 sempre ha de passar pel coneixement del territori, per la qual cosa aquest tipus de visites milloren aquesta flu\u00efdesa en la comunicaci\u00f3 amb les empreses presents\u201d.<\/p>\n<p class=\"p1\"><img loading=\"lazy\" decoding=\"async\" class=\"alignnone size-large wp-image-12332\" src=\"https:\/\/pacteceramic.es\/wp-content\/uploads\/2025\/02\/cevisama-2025-2-1024x683.jpeg\" alt=\"\" width=\"1024\" height=\"683\" srcset=\"https:\/\/pacteceramic.es\/wp-content\/uploads\/2025\/02\/cevisama-2025-2-1024x683.jpeg 1024w, https:\/\/pacteceramic.es\/wp-content\/uploads\/2025\/02\/cevisama-2025-2-300x200.jpeg 300w, https:\/\/pacteceramic.es\/wp-content\/uploads\/2025\/02\/cevisama-2025-2-768x512.jpeg 768w, https:\/\/pacteceramic.es\/wp-content\/uploads\/2025\/02\/cevisama-2025-2-1536x1024.jpeg 1536w, https:\/\/pacteceramic.es\/wp-content\/uploads\/2025\/02\/cevisama-2025-2-2048x1365.jpeg 2048w, https:\/\/pacteceramic.es\/wp-content\/uploads\/2025\/02\/cevisama-2025-2-18x12.jpeg 18w, https:\/\/pacteceramic.es\/wp-content\/uploads\/2025\/02\/cevisama-2025-2-1200x800.jpeg 1200w\" sizes=\"auto, (max-width: 709px) 85vw, (max-width: 909px) 67vw, (max-width: 1362px) 62vw, 840px\" \/><\/p>","protected":false},"excerpt":{"rendered":"<p>El presidente del Pacto Territorial, Pablo Delgado, estuvo presente en el certamen y pudo departir con diversas firmas que exponen all\u00ed sus novedades El presidente del Consorcio Gestor del Pacto Territorial para la Ocupaci\u00f3n en los Municipios Cer\u00e1micos y su \u00e1rea de influencia en la provincia de Castell\u00f3 y concejal de Industria del Ayuntamiento de &hellip; <a href=\"https:\/\/pacteceramic.es\/va_es\/el-presidente-del-consorcio-visita-la-feria-cevisama-para-conocer-de-primera-mano-las-necesidades-de-las-empresas-del-sector-ceramico\/\" class=\"more-link\">Continue reading<span class=\"screen-reader-text\"> \u00abEl presidente del Consorcio visita la feria Cevisama para conocer de primera mano las necesidades de las empresas del sector cer\u00e1mico\u00bb<\/span><\/a><\/p>","protected":false},"author":1,"featured_media":12331,"comment_status":"open","ping_status":"open","sticky":false,"template":"","format":"standard","meta":{"iawp_total_views":2,"footnotes":""},"categories":[3],"tags":[],"class_list":["post-12330","post","type-post","status-publish","format-standard","has-post-thumbnail","hentry","category-noticias"],"yoast_head":"<!-- This site is optimized with the Yoast SEO plugin v23.1 - https:\/\/yoast.com\/wordpress\/plugins\/seo\/ -->\n<title>El presidente del Consorcio visita la feria Cevisama para conocer de primera mano las necesidades de las empresas del sector cer\u00e1mico - Pacte Cer\u00e0mic<\/title>\n<meta name=\"robots\" content=\"index, follow, max-snippet:-1, max-image-preview:large, max-video-preview:-1\" \/>\n<link rel=\"canonical\" href=\"https:\/\/pacteceramic.es\/va_es\/el-presidente-del-consorcio-visita-la-feria-cevisama-para-conocer-de-primera-mano-las-necesidades-de-las-empresas-del-sector-ceramico\/\" \/>\n<meta property=\"og:locale\" content=\"en_US\" \/>\n<meta property=\"og:type\" content=\"article\" \/>\n<meta property=\"og:title\" content=\"El presidente del Consorcio visita la feria Cevisama para conocer de primera mano las necesidades de las empresas del sector cer\u00e1mico - Pacte Cer\u00e0mic\" \/>\n<meta property=\"og:description\" content=\"El presidente del Pacto Territorial, Pablo Delgado, estuvo presente en el certamen y pudo departir con diversas firmas que exponen all\u00ed sus novedades El presidente del Consorcio Gestor del Pacto Territorial para la Ocupaci\u00f3n en los Municipios Cer\u00e1micos y su \u00e1rea de influencia en la provincia de Castell\u00f3 y concejal de Industria del Ayuntamiento de &hellip; Continue reading &quot;El presidente del Consorcio visita la feria Cevisama para conocer de primera mano las necesidades de las empresas del sector cer\u00e1mico&quot;\" \/>\n<meta property=\"og:url\" content=\"https:\/\/pacteceramic.es\/va_es\/el-presidente-del-consorcio-visita-la-feria-cevisama-para-conocer-de-primera-mano-las-necesidades-de-las-empresas-del-sector-ceramico\/\" \/>\n<meta property=\"og:site_name\" content=\"Pacte Cer\u00e0mic\" \/>\n<meta property=\"article:publisher\" content=\"https:\/\/www.facebook.com\/pacteceramic\/\" \/>\n<meta property=\"article:published_time\" content=\"2025-02-25T10:35:48+00:00\" \/>\n<meta property=\"article:modified_time\" content=\"2025-02-25T11:13:37+00:00\" \/>\n<meta property=\"og:image\" content=\"https:\/\/pacteceramic.es\/wp-content\/uploads\/2025\/02\/cevisama-2025-1-scaled.jpeg\" \/>\n\t<meta property=\"og:image:width\" content=\"2560\" \/>\n\t<meta property=\"og:image:height\" content=\"1707\" \/>\n\t<meta property=\"og:image:type\" content=\"image\/jpeg\" \/>\n<meta name=\"author\" content=\"Pacteceramic\" \/>\n<meta name=\"twitter:card\" content=\"summary_large_image\" \/>\n<meta name=\"twitter:creator\" content=\"@pacteceramic\" \/>\n<meta name=\"twitter:site\" content=\"@pacteceramic\" \/>\n<meta name=\"twitter:label1\" content=\"Written by\" \/>\n\t<meta name=\"twitter:data1\" content=\"Pacteceramic\" \/>\n\t<meta name=\"twitter:label2\" content=\"Est. reading time\" \/>\n\t<meta name=\"twitter:data2\" content=\"2 minutes\" \/>\n<script type=\"application\/ld+json\" class=\"yoast-schema-graph\">{\"@context\":\"https:\/\/schema.org\",\"@graph\":[{\"@type\":\"Article\",\"@id\":\"https:\/\/pacteceramic.es\/el-presidente-del-consorcio-visita-la-feria-cevisama-para-conocer-de-primera-mano-las-necesidades-de-las-empresas-del-sector-ceramico\/#article\",\"isPartOf\":{\"@id\":\"https:\/\/pacteceramic.es\/el-presidente-del-consorcio-visita-la-feria-cevisama-para-conocer-de-primera-mano-las-necesidades-de-las-empresas-del-sector-ceramico\/\"},\"author\":{\"name\":\"Pacteceramic\",\"@id\":\"https:\/\/pacteceramic.es\/es_es\/#\/schema\/person\/d8757e82992b54387f1f96b63e3434af\"},\"headline\":\"El presidente del Consorcio visita la feria Cevisama para conocer de primera mano las necesidades de las empresas del sector cer\u00e1mico\",\"datePublished\":\"2025-02-25T10:35:48+00:00\",\"dateModified\":\"2025-02-25T11:13:37+00:00\",\"mainEntityOfPage\":{\"@id\":\"https:\/\/pacteceramic.es\/el-presidente-del-consorcio-visita-la-feria-cevisama-para-conocer-de-primera-mano-las-necesidades-de-las-empresas-del-sector-ceramico\/\"},\"wordCount\":241,\"commentCount\":0,\"publisher\":{\"@id\":\"https:\/\/pacteceramic.es\/es_es\/#organization\"},\"image\":{\"@id\":\"https:\/\/pacteceramic.es\/el-presidente-del-consorcio-visita-la-feria-cevisama-para-conocer-de-primera-mano-las-necesidades-de-las-empresas-del-sector-ceramico\/#primaryimage\"},\"thumbnailUrl\":\"https:\/\/pacteceramic.es\/wp-content\/uploads\/2025\/02\/cevisama-2025-1-scaled.jpeg\",\"articleSection\":[\"Noticias\"],\"inLanguage\":\"va-ES\",\"potentialAction\":[{\"@type\":\"CommentAction\",\"name\":\"Comment\",\"target\":[\"https:\/\/pacteceramic.es\/el-presidente-del-consorcio-visita-la-feria-cevisama-para-conocer-de-primera-mano-las-necesidades-de-las-empresas-del-sector-ceramico\/#respond\"]}]},{\"@type\":\"WebPage\",\"@id\":\"https:\/\/pacteceramic.es\/el-presidente-del-consorcio-visita-la-feria-cevisama-para-conocer-de-primera-mano-las-necesidades-de-las-empresas-del-sector-ceramico\/\",\"url\":\"https:\/\/pacteceramic.es\/el-presidente-del-consorcio-visita-la-feria-cevisama-para-conocer-de-primera-mano-las-necesidades-de-las-empresas-del-sector-ceramico\/\",\"name\":\"El presidente del Consorcio visita la feria Cevisama para conocer de primera mano las necesidades de las empresas del sector cer\u00e1mico - Pacte Cer\u00e0mic\",\"isPartOf\":{\"@id\":\"https:\/\/pacteceramic.es\/es_es\/#website\"},\"primaryImageOfPage\":{\"@id\":\"https:\/\/pacteceramic.es\/el-presidente-del-consorcio-visita-la-feria-cevisama-para-conocer-de-primera-mano-las-necesidades-de-las-empresas-del-sector-ceramico\/#primaryimage\"},\"image\":{\"@id\":\"https:\/\/pacteceramic.es\/el-presidente-del-consorcio-visita-la-feria-cevisama-para-conocer-de-primera-mano-las-necesidades-de-las-empresas-del-sector-ceramico\/#primaryimage\"},\"thumbnailUrl\":\"https:\/\/pacteceramic.es\/wp-content\/uploads\/2025\/02\/cevisama-2025-1-scaled.jpeg\",\"datePublished\":\"2025-02-25T10:35:48+00:00\",\"dateModified\":\"2025-02-25T11:13:37+00:00\",\"breadcrumb\":{\"@id\":\"https:\/\/pacteceramic.es\/el-presidente-del-consorcio-visita-la-feria-cevisama-para-conocer-de-primera-mano-las-necesidades-de-las-empresas-del-sector-ceramico\/#breadcrumb\"},\"inLanguage\":\"va-ES\",\"potentialAction\":[{\"@type\":\"ReadAction\",\"target\":[\"https:\/\/pacteceramic.es\/el-presidente-del-consorcio-visita-la-feria-cevisama-para-conocer-de-primera-mano-las-necesidades-de-las-empresas-del-sector-ceramico\/\"]}]},{\"@type\":\"ImageObject\",\"inLanguage\":\"va-ES\",\"@id\":\"https:\/\/pacteceramic.es\/el-presidente-del-consorcio-visita-la-feria-cevisama-para-conocer-de-primera-mano-las-necesidades-de-las-empresas-del-sector-ceramico\/#primaryimage\",\"url\":\"https:\/\/pacteceramic.es\/wp-content\/uploads\/2025\/02\/cevisama-2025-1-scaled.jpeg\",\"contentUrl\":\"https:\/\/pacteceramic.es\/wp-content\/uploads\/2025\/02\/cevisama-2025-1-scaled.jpeg\",\"width\":2560,\"height\":1707},{\"@type\":\"BreadcrumbList\",\"@id\":\"https:\/\/pacteceramic.es\/el-presidente-del-consorcio-visita-la-feria-cevisama-para-conocer-de-primera-mano-las-necesidades-de-las-empresas-del-sector-ceramico\/#breadcrumb\",\"itemListElement\":[{\"@type\":\"ListItem\",\"position\":1,\"name\":\"Portada\",\"item\":\"https:\/\/pacteceramic.es\/\"},{\"@type\":\"ListItem\",\"position\":2,\"name\":\"El presidente del Consorcio visita la feria Cevisama para conocer de primera mano las necesidades de las empresas del sector cer\u00e1mico\"}]},{\"@type\":\"WebSite\",\"@id\":\"https:\/\/pacteceramic.es\/es_es\/#website\",\"url\":\"https:\/\/pacteceramic.es\/es_es\/\",\"name\":\"Pacte Cer\u00e0mic\",\"description\":\"Pacte Cer\u00e0mic\",\"publisher\":{\"@id\":\"https:\/\/pacteceramic.es\/es_es\/#organization\"},\"potentialAction\":[{\"@type\":\"SearchAction\",\"target\":{\"@type\":\"EntryPoint\",\"urlTemplate\":\"https:\/\/pacteceramic.es\/es_es\/?s={search_term_string}\"},\"query-input\":\"required name=search_term_string\"}],\"inLanguage\":\"va-ES\"},{\"@type\":\"Organization\",\"@id\":\"https:\/\/pacteceramic.es\/es_es\/#organization\",\"name\":\"Pacte Cer\u00e0mic\",\"url\":\"https:\/\/pacteceramic.es\/es_es\/\",\"logo\":{\"@type\":\"ImageObject\",\"inLanguage\":\"va-ES\",\"@id\":\"https:\/\/pacteceramic.es\/es_es\/#\/schema\/logo\/image\/\",\"url\":\"https:\/\/pacteceramic.es\/wp-content\/uploads\/2023\/05\/menulogo.png\",\"contentUrl\":\"https:\/\/pacteceramic.es\/wp-content\/uploads\/2023\/05\/menulogo.png\",\"width\":249,\"height\":80,\"caption\":\"Pacte Cer\u00e0mic\"},\"image\":{\"@id\":\"https:\/\/pacteceramic.es\/es_es\/#\/schema\/logo\/image\/\"},\"sameAs\":[\"https:\/\/www.facebook.com\/pacteceramic\/\",\"https:\/\/x.com\/pacteceramic\",\"https:\/\/www.instagram.com\/pacteceramic\/\",\"https:\/\/www.linkedin.com\/company\/pactemunicipisceramics\/\"]},{\"@type\":\"Person\",\"@id\":\"https:\/\/pacteceramic.es\/es_es\/#\/schema\/person\/d8757e82992b54387f1f96b63e3434af\",\"name\":\"Pacteceramic\",\"image\":{\"@type\":\"ImageObject\",\"inLanguage\":\"va-ES\",\"@id\":\"https:\/\/pacteceramic.es\/es_es\/#\/schema\/person\/image\/\",\"url\":\"https:\/\/secure.gravatar.com\/avatar\/add03c3ae52e6d8ee8c27f9a7cdeaf18899ffc6cc348538526bfcb9ba78343ff?s=96&d=mm&r=g\",\"contentUrl\":\"https:\/\/secure.gravatar.com\/avatar\/add03c3ae52e6d8ee8c27f9a7cdeaf18899ffc6cc348538526bfcb9ba78343ff?s=96&d=mm&r=g\",\"caption\":\"Pacteceramic\"},\"sameAs\":[\"http:\/\/pacteceramic.es\"],\"url\":\"https:\/\/pacteceramic.es\/va_es\/author\/pacteceramic\/\"}]}<\/script>\n<!-- \/ Yoast SEO plugin. -->","yoast_head_json":{"title":"El presidente del Consorcio visita la feria Cevisama para conocer de primera mano las necesidades de las empresas del sector cer\u00e1mico - Pacte Cer\u00e0mic","robots":{"index":"index","follow":"follow","max-snippet":"max-snippet:-1","max-image-preview":"max-image-preview:large","max-video-preview":"max-video-preview:-1"},"canonical":"https:\/\/pacteceramic.es\/va_es\/el-presidente-del-consorcio-visita-la-feria-cevisama-para-conocer-de-primera-mano-las-necesidades-de-las-empresas-del-sector-ceramico\/","og_locale":"en_US","og_type":"article","og_title":"El presidente del Consorcio visita la feria Cevisama para conocer de primera mano las necesidades de las empresas del sector cer\u00e1mico - Pacte Cer\u00e0mic","og_description":"El presidente del Pacto Territorial, Pablo Delgado, estuvo presente en el certamen y pudo departir con diversas firmas que exponen all\u00ed sus novedades El presidente del Consorcio Gestor del Pacto Territorial para la Ocupaci\u00f3n en los Municipios Cer\u00e1micos y su \u00e1rea de influencia en la provincia de Castell\u00f3 y concejal de Industria del Ayuntamiento de &hellip; Continue reading \"El presidente del Consorcio visita la feria Cevisama para conocer de primera mano las necesidades de las empresas del sector cer\u00e1mico\"","og_url":"https:\/\/pacteceramic.es\/va_es\/el-presidente-del-consorcio-visita-la-feria-cevisama-para-conocer-de-primera-mano-las-necesidades-de-las-empresas-del-sector-ceramico\/","og_site_name":"Pacte Cer\u00e0mic","article_publisher":"https:\/\/www.facebook.com\/pacteceramic\/","article_published_time":"2025-02-25T10:35:48+00:00","article_modified_time":"2025-02-25T11:13:37+00:00","og_image":[{"width":2560,"height":1707,"url":"https:\/\/pacteceramic.es\/wp-content\/uploads\/2025\/02\/cevisama-2025-1-scaled.jpeg","type":"image\/jpeg"}],"author":"Pacteceramic","twitter_card":"summary_large_image","twitter_creator":"@pacteceramic","twitter_site":"@pacteceramic","twitter_misc":{"Written by":"Pacteceramic","Est. reading time":"2 minutes"},"schema":{"@context":"https:\/\/schema.org","@graph":[{"@type":"Article","@id":"https:\/\/pacteceramic.es\/el-presidente-del-consorcio-visita-la-feria-cevisama-para-conocer-de-primera-mano-las-necesidades-de-las-empresas-del-sector-ceramico\/#article","isPartOf":{"@id":"https:\/\/pacteceramic.es\/el-presidente-del-consorcio-visita-la-feria-cevisama-para-conocer-de-primera-mano-las-necesidades-de-las-empresas-del-sector-ceramico\/"},"author":{"name":"Pacteceramic","@id":"https:\/\/pacteceramic.es\/es_es\/#\/schema\/person\/d8757e82992b54387f1f96b63e3434af"},"headline":"El presidente del Consorcio visita la feria Cevisama para conocer de primera mano las necesidades de las empresas del sector cer\u00e1mico","datePublished":"2025-02-25T10:35:48+00:00","dateModified":"2025-02-25T11:13:37+00:00","mainEntityOfPage":{"@id":"https:\/\/pacteceramic.es\/el-presidente-del-consorcio-visita-la-feria-cevisama-para-conocer-de-primera-mano-las-necesidades-de-las-empresas-del-sector-ceramico\/"},"wordCount":241,"commentCount":0,"publisher":{"@id":"https:\/\/pacteceramic.es\/es_es\/#organization"},"image":{"@id":"https:\/\/pacteceramic.es\/el-presidente-del-consorcio-visita-la-feria-cevisama-para-conocer-de-primera-mano-las-necesidades-de-las-empresas-del-sector-ceramico\/#primaryimage"},"thumbnailUrl":"https:\/\/pacteceramic.es\/wp-content\/uploads\/2025\/02\/cevisama-2025-1-scaled.jpeg","articleSection":["Noticias"],"inLanguage":"va-ES","potentialAction":[{"@type":"CommentAction","name":"Comment","target":["https:\/\/pacteceramic.es\/el-presidente-del-consorcio-visita-la-feria-cevisama-para-conocer-de-primera-mano-las-necesidades-de-las-empresas-del-sector-ceramico\/#respond"]}]},{"@type":"WebPage","@id":"https:\/\/pacteceramic.es\/el-presidente-del-consorcio-visita-la-feria-cevisama-para-conocer-de-primera-mano-las-necesidades-de-las-empresas-del-sector-ceramico\/","url":"https:\/\/pacteceramic.es\/el-presidente-del-consorcio-visita-la-feria-cevisama-para-conocer-de-primera-mano-las-necesidades-de-las-empresas-del-sector-ceramico\/","name":"El presidente del Consorcio visita la feria Cevisama para conocer de primera mano las necesidades de las empresas del sector cer\u00e1mico - Pacte Cer\u00e0mic","isPartOf":{"@id":"https:\/\/pacteceramic.es\/es_es\/#website"},"primaryImageOfPage":{"@id":"https:\/\/pacteceramic.es\/el-presidente-del-consorcio-visita-la-feria-cevisama-para-conocer-de-primera-mano-las-necesidades-de-las-empresas-del-sector-ceramico\/#primaryimage"},"image":{"@id":"https:\/\/pacteceramic.es\/el-presidente-del-consorcio-visita-la-feria-cevisama-para-conocer-de-primera-mano-las-necesidades-de-las-empresas-del-sector-ceramico\/#primaryimage"},"thumbnailUrl":"https:\/\/pacteceramic.es\/wp-content\/uploads\/2025\/02\/cevisama-2025-1-scaled.jpeg","datePublished":"2025-02-25T10:35:48+00:00","dateModified":"2025-02-25T11:13:37+00:00","breadcrumb":{"@id":"https:\/\/pacteceramic.es\/el-presidente-del-consorcio-visita-la-feria-cevisama-para-conocer-de-primera-mano-las-necesidades-de-las-empresas-del-sector-ceramico\/#breadcrumb"},"inLanguage":"va-ES","potentialAction":[{"@type":"ReadAction","target":["https:\/\/pacteceramic.es\/el-presidente-del-consorcio-visita-la-feria-cevisama-para-conocer-de-primera-mano-las-necesidades-de-las-empresas-del-sector-ceramico\/"]}]},{"@type":"ImageObject","inLanguage":"va-ES","@id":"https:\/\/pacteceramic.es\/el-presidente-del-consorcio-visita-la-feria-cevisama-para-conocer-de-primera-mano-las-necesidades-de-las-empresas-del-sector-ceramico\/#primaryimage","url":"https:\/\/pacteceramic.es\/wp-content\/uploads\/2025\/02\/cevisama-2025-1-scaled.jpeg","contentUrl":"https:\/\/pacteceramic.es\/wp-content\/uploads\/2025\/02\/cevisama-2025-1-scaled.jpeg","width":2560,"height":1707},{"@type":"BreadcrumbList","@id":"https:\/\/pacteceramic.es\/el-presidente-del-consorcio-visita-la-feria-cevisama-para-conocer-de-primera-mano-las-necesidades-de-las-empresas-del-sector-ceramico\/#breadcrumb","itemListElement":[{"@type":"ListItem","position":1,"name":"Portada","item":"https:\/\/pacteceramic.es\/"},{"@type":"ListItem","position":2,"name":"El presidente del Consorcio visita la feria Cevisama para conocer de primera mano las necesidades de las empresas del sector cer\u00e1mico"}]},{"@type":"WebSite","@id":"https:\/\/pacteceramic.es\/es_es\/#website","url":"https:\/\/pacteceramic.es\/es_es\/","name":"Pacte Cer\u00e0mic","description":"Pacte Cer\u00e0mic","publisher":{"@id":"https:\/\/pacteceramic.es\/es_es\/#organization"},"potentialAction":[{"@type":"SearchAction","target":{"@type":"EntryPoint","urlTemplate":"https:\/\/pacteceramic.es\/es_es\/?s={search_term_string}"},"query-input":"required name=search_term_string"}],"inLanguage":"va-ES"},{"@type":"Organization","@id":"https:\/\/pacteceramic.es\/es_es\/#organization","name":"Pacte Cer\u00e0mic","url":"https:\/\/pacteceramic.es\/es_es\/","logo":{"@type":"ImageObject","inLanguage":"va-ES","@id":"https:\/\/pacteceramic.es\/es_es\/#\/schema\/logo\/image\/","url":"https:\/\/pacteceramic.es\/wp-content\/uploads\/2023\/05\/menulogo.png","contentUrl":"https:\/\/pacteceramic.es\/wp-content\/uploads\/2023\/05\/menulogo.png","width":249,"height":80,"caption":"Pacte Cer\u00e0mic"},"image":{"@id":"https:\/\/pacteceramic.es\/es_es\/#\/schema\/logo\/image\/"},"sameAs":["https:\/\/www.facebook.com\/pacteceramic\/","https:\/\/x.com\/pacteceramic","https:\/\/www.instagram.com\/pacteceramic\/","https:\/\/www.linkedin.com\/company\/pactemunicipisceramics\/"]},{"@type":"Person","@id":"https:\/\/pacteceramic.es\/es_es\/#\/schema\/person\/d8757e82992b54387f1f96b63e3434af","name":"Pacteceramic","image":{"@type":"ImageObject","inLanguage":"va-ES","@id":"https:\/\/pacteceramic.es\/es_es\/#\/schema\/person\/image\/","url":"https:\/\/secure.gravatar.com\/avatar\/add03c3ae52e6d8ee8c27f9a7cdeaf18899ffc6cc348538526bfcb9ba78343ff?s=96&d=mm&r=g","contentUrl":"https:\/\/secure.gravatar.com\/avatar\/add03c3ae52e6d8ee8c27f9a7cdeaf18899ffc6cc348538526bfcb9ba78343ff?s=96&d=mm&r=g","caption":"Pacteceramic"},"sameAs":["http:\/\/pacteceramic.es"],"url":"https:\/\/pacteceramic.es\/va_es\/author\/pacteceramic\/"}]}},"_links":{"self":[{"href":"https:\/\/pacteceramic.es\/va_es\/wp-json\/wp\/v2\/posts\/12330","targetHints":{"allow":["GET"]}}],"collection":[{"href":"https:\/\/pacteceramic.es\/va_es\/wp-json\/wp\/v2\/posts"}],"about":[{"href":"https:\/\/pacteceramic.es\/va_es\/wp-json\/wp\/v2\/types\/post"}],"author":[{"embeddable":true,"href":"https:\/\/pacteceramic.es\/va_es\/wp-json\/wp\/v2\/users\/1"}],"replies":[{"embeddable":true,"href":"https:\/\/pacteceramic.es\/va_es\/wp-json\/wp\/v2\/comments?post=12330"}],"version-history":[{"count":3,"href":"https:\/\/pacteceramic.es\/va_es\/wp-json\/wp\/v2\/posts\/12330\/revisions"}],"predecessor-version":[{"id":12335,"href":"https:\/\/pacteceramic.es\/va_es\/wp-json\/wp\/v2\/posts\/12330\/revisions\/12335"}],"wp:featuredmedia":[{"embeddable":true,"href":"https:\/\/pacteceramic.es\/va_es\/wp-json\/wp\/v2\/media\/12331"}],"wp:attachment":[{"href":"https:\/\/pacteceramic.es\/va_es\/wp-json\/wp\/v2\/media?parent=12330"}],"wp:term":[{"taxonomy":"category","embeddable":true,"href":"https:\/\/pacteceramic.es\/va_es\/wp-json\/wp\/v2\/categories?post=12330"},{"taxonomy":"post_tag","embeddable":true,"href":"https:\/\/pacteceramic.es\/va_es\/wp-json\/wp\/v2\/tags?post=12330"}],"curies":[{"name":"wp","href":"https:\/\/api.w.org\/{rel}","templated":true}]}}