{"id":12288,"date":"2025-01-23T10:20:12","date_gmt":"2025-01-23T10:20:12","guid":{"rendered":"https:\/\/pacteceramic.es\/?p=12288"},"modified":"2025-01-23T10:20:12","modified_gmt":"2025-01-23T10:20:12","slug":"el-pacto-territorial-por-el-empleo-dinamiza-la-economia-de-la-provincia-con-36-altas-empresariales-y-287-000-euros-en-ayudas","status":"publish","type":"post","link":"https:\/\/pacteceramic.es\/va_es\/el-pacto-territorial-por-el-empleo-dinamiza-la-economia-de-la-provincia-con-36-altas-empresariales-y-287-000-euros-en-ayudas\/","title":{"rendered":"El Pacte Territorial per l'Ocupaci\u00f3 dinamitza l'economia de la prov\u00edncia amb 36 altes empresarials i 287.000 euros en ajudes"},"content":{"rendered":"<p class=\"p1\"><i>El projecte Desenvolupa-T ha posat en contacte a empreses amb demandants d'ocupaci\u00f3, a m\u00e9s d'oferir formaci\u00f3 gratu\u00efta adaptada a les necessitats de la ind\u00fastria cer\u00e0mica<\/i><\/p>\n<p class=\"p1\">El Pacte Territorial per l'Ocupaci\u00f3 ha dinamitzat l'economia de la prov\u00edncia de Castell\u00f3 amb la formalitzaci\u00f3 de 36 altes empresarials i ajudat a aconseguir 287.000 euros en ajudes per a empreses, aut\u00f2noms i emprenedors de la zona. Aquestes xifres les ha aconseguides gr\u00e0cies al seu projecte Desenvolupa-T entre 2023 i 2024 en el qual tamb\u00e9 ha treballat la inserci\u00f3 laboral. El president del Consorci, Pablo Delgado, valora molt positivament els resultats obtinguts \u201cperqu\u00e8 demostra que ha contribu\u00eft significativament a millorar l'ocupabilitat a la regi\u00f3 i a enfortir sectors clau per al desenvolupament local. D'aquest projecte s'han beneficiat un ampli nombre d'emprenedors, empreses i ciutadans\u201d.<\/p>\n<p class=\"p1\">D'una banda, Desenvolupa-T contempla l'ajuda a l'emprenedor. Amb ella hem at\u00e9s els dubtes de 217, gestionant les seues altes, elaborat 48 plans de viabilitat i tramitant 83 certificats digitals. El seu altre vessant est\u00e0 dirigit a les oportunitats laborals. En aquest sentit, 1578 persones s'han inscrit en el portal d'ocupaci\u00f3 en el qual ja hi ha 42 empreses registrades amb 239 oportunitats laborals publicades. A m\u00e9s, s'ha orientat laboralment a 593 demandants d'ocupaci\u00f3. La formaci\u00f3 \u00e9s clau per a aconseguir un nou treball, per eixe motiu, tamb\u00e9 s'ha impartit tallers i cursos per a millorar les compet\u00e8ncies digitals amb 520 usuaris inscrits.<\/p>\n<p class=\"p1\">Els grups Reincorpora-T dins del projecte s\u00f3n formaci\u00f3 integral en cer\u00e0mica digital, compet\u00e8ncies digitals i emprenedoria impartida a Almassora i l'Alcora. Aquesta iniciativa va beneficiar a 124 persones, de les quals 45 van aconseguir inserir-se laboralment. El pla va incloure m\u00f2duls especialitzats i visites a empreses del sector i al Centre de Refer\u00e8ncia Nacional de Fabricaci\u00f3 de Cer\u00e0mica de Castell\u00f3. La clau per a aquesta ocupabilitat ha sigut la facilitat oferida tant a l'empresa com a l'estudiant, ja que est\u00e0 totalment adaptat a les necessitats actuals de la ind\u00fastria, incloent-hi pr\u00e0ctiques no laborals en les quals aconseguir experi\u00e8ncia tan demandada.<\/p>\n<p class=\"p1\">Aquest 2025 i 2026 est\u00e0 previst l'inici del nou projecte Creant Oportunitats. L'objectiu continuar\u00e0 sent fomentar l'autoocupaci\u00f3, enfortir a les pimes i millorar l'ocupabilitat de la ciutadania de la zona. Com a novetat destacada, s'incorporar\u00e0 un t\u00e8cnic dedicat a realitzar el seguiment i an\u00e0lisi de les necessitats empresarials en les zones industrials de l'Alcora, Almassora i Borriana.<\/p>","protected":false},"excerpt":{"rendered":"<p>El proyecto Desarrolla-T ha puesto en contacto a empresas con demandantes de empleo, adem\u00e1s de ofrecer formaci\u00f3n gratuita adaptada a las necesidades de la industria cer\u00e1mica El Pacto Territorial por el Empleo ha dinamizado la econom\u00eda de la provincia de Castell\u00f3n con la formalizaci\u00f3n de 36 altas empresariales y ayudado a conseguir 287.000 euros en &hellip; <a href=\"https:\/\/pacteceramic.es\/va_es\/el-pacto-territorial-por-el-empleo-dinamiza-la-economia-de-la-provincia-con-36-altas-empresariales-y-287-000-euros-en-ayudas\/\" class=\"more-link\">Continue reading<span class=\"screen-reader-text\"> \u00abEl Pacto Territorial por el Empleo dinamiza la econom\u00eda de la provincia con 36 altas empresariales y 287.000 euros en ayudas\u00bb<\/span><\/a><\/p>","protected":false},"author":1,"featured_media":12289,"comment_status":"open","ping_status":"open","sticky":false,"template":"","format":"standard","meta":{"iawp_total_views":15,"footnotes":""},"categories":[3],"tags":[],"class_list":["post-12288","post","type-post","status-publish","format-standard","has-post-thumbnail","hentry","category-noticias"],"yoast_head":"<!-- This site is optimized with the Yoast SEO plugin v23.1 - https:\/\/yoast.com\/wordpress\/plugins\/seo\/ -->\n<title>El Pacto Territorial por el Empleo dinamiza la econom\u00eda de la provincia con 36 altas empresariales y 287.000 euros en ayudas - Pacte Cer\u00e0mic<\/title>\n<meta name=\"robots\" content=\"index, follow, max-snippet:-1, max-image-preview:large, max-video-preview:-1\" \/>\n<link rel=\"canonical\" href=\"https:\/\/pacteceramic.es\/va_es\/el-pacto-territorial-por-el-empleo-dinamiza-la-economia-de-la-provincia-con-36-altas-empresariales-y-287-000-euros-en-ayudas\/\" \/>\n<meta property=\"og:locale\" content=\"en_US\" \/>\n<meta property=\"og:type\" content=\"article\" \/>\n<meta property=\"og:title\" content=\"El Pacto Territorial por el Empleo dinamiza la econom\u00eda de la provincia con 36 altas empresariales y 287.000 euros en ayudas - Pacte Cer\u00e0mic\" \/>\n<meta property=\"og:description\" content=\"El proyecto Desarrolla-T ha puesto en contacto a empresas con demandantes de empleo, adem\u00e1s de ofrecer formaci\u00f3n gratuita adaptada a las necesidades de la industria cer\u00e1mica El Pacto Territorial por el Empleo ha dinamizado la econom\u00eda de la provincia de Castell\u00f3n con la formalizaci\u00f3n de 36 altas empresariales y ayudado a conseguir 287.000 euros en &hellip; Continue reading &quot;El Pacto Territorial por el Empleo dinamiza la econom\u00eda de la provincia con 36 altas empresariales y 287.000 euros en ayudas&quot;\" \/>\n<meta property=\"og:url\" content=\"https:\/\/pacteceramic.es\/va_es\/el-pacto-territorial-por-el-empleo-dinamiza-la-economia-de-la-provincia-con-36-altas-empresariales-y-287-000-euros-en-ayudas\/\" \/>\n<meta property=\"og:site_name\" content=\"Pacte Cer\u00e0mic\" \/>\n<meta property=\"article:publisher\" content=\"https:\/\/www.facebook.com\/pacteceramic\/\" \/>\n<meta property=\"article:published_time\" content=\"2025-01-23T10:20:12+00:00\" \/>\n<meta property=\"og:image\" content=\"https:\/\/pacteceramic.es\/wp-content\/uploads\/2025\/01\/Alumnado-formado-por-el-programa-Desarrolla-T.jpeg\" \/>\n\t<meta property=\"og:image:width\" content=\"1600\" \/>\n\t<meta property=\"og:image:height\" content=\"1007\" \/>\n\t<meta property=\"og:image:type\" content=\"image\/jpeg\" \/>\n<meta name=\"author\" content=\"Pacteceramic\" \/>\n<meta name=\"twitter:card\" content=\"summary_large_image\" \/>\n<meta name=\"twitter:creator\" content=\"@pacteceramic\" \/>\n<meta name=\"twitter:site\" content=\"@pacteceramic\" \/>\n<meta name=\"twitter:label1\" content=\"Written by\" \/>\n\t<meta name=\"twitter:data1\" content=\"Pacteceramic\" \/>\n\t<meta name=\"twitter:label2\" content=\"Est. reading time\" \/>\n\t<meta name=\"twitter:data2\" content=\"3 minutes\" \/>\n<script type=\"application\/ld+json\" class=\"yoast-schema-graph\">{\"@context\":\"https:\/\/schema.org\",\"@graph\":[{\"@type\":\"Article\",\"@id\":\"https:\/\/pacteceramic.es\/el-pacto-territorial-por-el-empleo-dinamiza-la-economia-de-la-provincia-con-36-altas-empresariales-y-287-000-euros-en-ayudas\/#article\",\"isPartOf\":{\"@id\":\"https:\/\/pacteceramic.es\/el-pacto-territorial-por-el-empleo-dinamiza-la-economia-de-la-provincia-con-36-altas-empresariales-y-287-000-euros-en-ayudas\/\"},\"author\":{\"name\":\"Pacteceramic\",\"@id\":\"https:\/\/pacteceramic.es\/es_es\/#\/schema\/person\/d8757e82992b54387f1f96b63e3434af\"},\"headline\":\"El Pacto Territorial por el Empleo dinamiza la econom\u00eda de la provincia con 36 altas empresariales y 287.000 euros en ayudas\",\"datePublished\":\"2025-01-23T10:20:12+00:00\",\"dateModified\":\"2025-01-23T10:20:12+00:00\",\"mainEntityOfPage\":{\"@id\":\"https:\/\/pacteceramic.es\/el-pacto-territorial-por-el-empleo-dinamiza-la-economia-de-la-provincia-con-36-altas-empresariales-y-287-000-euros-en-ayudas\/\"},\"wordCount\":426,\"commentCount\":0,\"publisher\":{\"@id\":\"https:\/\/pacteceramic.es\/es_es\/#organization\"},\"image\":{\"@id\":\"https:\/\/pacteceramic.es\/el-pacto-territorial-por-el-empleo-dinamiza-la-economia-de-la-provincia-con-36-altas-empresariales-y-287-000-euros-en-ayudas\/#primaryimage\"},\"thumbnailUrl\":\"https:\/\/pacteceramic.es\/wp-content\/uploads\/2025\/01\/Alumnado-formado-por-el-programa-Desarrolla-T.jpeg\",\"articleSection\":[\"Noticias\"],\"inLanguage\":\"va-ES\",\"potentialAction\":[{\"@type\":\"CommentAction\",\"name\":\"Comment\",\"target\":[\"https:\/\/pacteceramic.es\/el-pacto-territorial-por-el-empleo-dinamiza-la-economia-de-la-provincia-con-36-altas-empresariales-y-287-000-euros-en-ayudas\/#respond\"]}]},{\"@type\":\"WebPage\",\"@id\":\"https:\/\/pacteceramic.es\/el-pacto-territorial-por-el-empleo-dinamiza-la-economia-de-la-provincia-con-36-altas-empresariales-y-287-000-euros-en-ayudas\/\",\"url\":\"https:\/\/pacteceramic.es\/el-pacto-territorial-por-el-empleo-dinamiza-la-economia-de-la-provincia-con-36-altas-empresariales-y-287-000-euros-en-ayudas\/\",\"name\":\"El Pacto Territorial por el Empleo dinamiza la econom\u00eda de la provincia con 36 altas empresariales y 287.000 euros en ayudas - Pacte Cer\u00e0mic\",\"isPartOf\":{\"@id\":\"https:\/\/pacteceramic.es\/es_es\/#website\"},\"primaryImageOfPage\":{\"@id\":\"https:\/\/pacteceramic.es\/el-pacto-territorial-por-el-empleo-dinamiza-la-economia-de-la-provincia-con-36-altas-empresariales-y-287-000-euros-en-ayudas\/#primaryimage\"},\"image\":{\"@id\":\"https:\/\/pacteceramic.es\/el-pacto-territorial-por-el-empleo-dinamiza-la-economia-de-la-provincia-con-36-altas-empresariales-y-287-000-euros-en-ayudas\/#primaryimage\"},\"thumbnailUrl\":\"https:\/\/pacteceramic.es\/wp-content\/uploads\/2025\/01\/Alumnado-formado-por-el-programa-Desarrolla-T.jpeg\",\"datePublished\":\"2025-01-23T10:20:12+00:00\",\"dateModified\":\"2025-01-23T10:20:12+00:00\",\"breadcrumb\":{\"@id\":\"https:\/\/pacteceramic.es\/el-pacto-territorial-por-el-empleo-dinamiza-la-economia-de-la-provincia-con-36-altas-empresariales-y-287-000-euros-en-ayudas\/#breadcrumb\"},\"inLanguage\":\"va-ES\",\"potentialAction\":[{\"@type\":\"ReadAction\",\"target\":[\"https:\/\/pacteceramic.es\/el-pacto-territorial-por-el-empleo-dinamiza-la-economia-de-la-provincia-con-36-altas-empresariales-y-287-000-euros-en-ayudas\/\"]}]},{\"@type\":\"ImageObject\",\"inLanguage\":\"va-ES\",\"@id\":\"https:\/\/pacteceramic.es\/el-pacto-territorial-por-el-empleo-dinamiza-la-economia-de-la-provincia-con-36-altas-empresariales-y-287-000-euros-en-ayudas\/#primaryimage\",\"url\":\"https:\/\/pacteceramic.es\/wp-content\/uploads\/2025\/01\/Alumnado-formado-por-el-programa-Desarrolla-T.jpeg\",\"contentUrl\":\"https:\/\/pacteceramic.es\/wp-content\/uploads\/2025\/01\/Alumnado-formado-por-el-programa-Desarrolla-T.jpeg\",\"width\":1600,\"height\":1007},{\"@type\":\"BreadcrumbList\",\"@id\":\"https:\/\/pacteceramic.es\/el-pacto-territorial-por-el-empleo-dinamiza-la-economia-de-la-provincia-con-36-altas-empresariales-y-287-000-euros-en-ayudas\/#breadcrumb\",\"itemListElement\":[{\"@type\":\"ListItem\",\"position\":1,\"name\":\"Portada\",\"item\":\"https:\/\/pacteceramic.es\/\"},{\"@type\":\"ListItem\",\"position\":2,\"name\":\"El Pacto Territorial por el Empleo dinamiza la econom\u00eda de la provincia con 36 altas empresariales y 287.000 euros en ayudas\"}]},{\"@type\":\"WebSite\",\"@id\":\"https:\/\/pacteceramic.es\/es_es\/#website\",\"url\":\"https:\/\/pacteceramic.es\/es_es\/\",\"name\":\"Pacte Cer\u00e0mic\",\"description\":\"Pacte Cer\u00e0mic\",\"publisher\":{\"@id\":\"https:\/\/pacteceramic.es\/es_es\/#organization\"},\"potentialAction\":[{\"@type\":\"SearchAction\",\"target\":{\"@type\":\"EntryPoint\",\"urlTemplate\":\"https:\/\/pacteceramic.es\/es_es\/?s={search_term_string}\"},\"query-input\":\"required name=search_term_string\"}],\"inLanguage\":\"va-ES\"},{\"@type\":\"Organization\",\"@id\":\"https:\/\/pacteceramic.es\/es_es\/#organization\",\"name\":\"Pacte Cer\u00e0mic\",\"url\":\"https:\/\/pacteceramic.es\/es_es\/\",\"logo\":{\"@type\":\"ImageObject\",\"inLanguage\":\"va-ES\",\"@id\":\"https:\/\/pacteceramic.es\/es_es\/#\/schema\/logo\/image\/\",\"url\":\"https:\/\/pacteceramic.es\/wp-content\/uploads\/2023\/05\/menulogo.png\",\"contentUrl\":\"https:\/\/pacteceramic.es\/wp-content\/uploads\/2023\/05\/menulogo.png\",\"width\":249,\"height\":80,\"caption\":\"Pacte Cer\u00e0mic\"},\"image\":{\"@id\":\"https:\/\/pacteceramic.es\/es_es\/#\/schema\/logo\/image\/\"},\"sameAs\":[\"https:\/\/www.facebook.com\/pacteceramic\/\",\"https:\/\/x.com\/pacteceramic\",\"https:\/\/www.instagram.com\/pacteceramic\/\",\"https:\/\/www.linkedin.com\/company\/pactemunicipisceramics\/\"]},{\"@type\":\"Person\",\"@id\":\"https:\/\/pacteceramic.es\/es_es\/#\/schema\/person\/d8757e82992b54387f1f96b63e3434af\",\"name\":\"Pacteceramic\",\"image\":{\"@type\":\"ImageObject\",\"inLanguage\":\"va-ES\",\"@id\":\"https:\/\/pacteceramic.es\/es_es\/#\/schema\/person\/image\/\",\"url\":\"https:\/\/secure.gravatar.com\/avatar\/add03c3ae52e6d8ee8c27f9a7cdeaf18899ffc6cc348538526bfcb9ba78343ff?s=96&d=mm&r=g\",\"contentUrl\":\"https:\/\/secure.gravatar.com\/avatar\/add03c3ae52e6d8ee8c27f9a7cdeaf18899ffc6cc348538526bfcb9ba78343ff?s=96&d=mm&r=g\",\"caption\":\"Pacteceramic\"},\"sameAs\":[\"http:\/\/pacteceramic.es\"],\"url\":\"https:\/\/pacteceramic.es\/va_es\/author\/pacteceramic\/\"}]}<\/script>\n<!-- \/ Yoast SEO plugin. -->","yoast_head_json":{"title":"El Pacto Territorial por el Empleo dinamiza la econom\u00eda de la provincia con 36 altas empresariales y 287.000 euros en ayudas - Pacte Cer\u00e0mic","robots":{"index":"index","follow":"follow","max-snippet":"max-snippet:-1","max-image-preview":"max-image-preview:large","max-video-preview":"max-video-preview:-1"},"canonical":"https:\/\/pacteceramic.es\/va_es\/el-pacto-territorial-por-el-empleo-dinamiza-la-economia-de-la-provincia-con-36-altas-empresariales-y-287-000-euros-en-ayudas\/","og_locale":"en_US","og_type":"article","og_title":"El Pacto Territorial por el Empleo dinamiza la econom\u00eda de la provincia con 36 altas empresariales y 287.000 euros en ayudas - Pacte Cer\u00e0mic","og_description":"El proyecto Desarrolla-T ha puesto en contacto a empresas con demandantes de empleo, adem\u00e1s de ofrecer formaci\u00f3n gratuita adaptada a las necesidades de la industria cer\u00e1mica El Pacto Territorial por el Empleo ha dinamizado la econom\u00eda de la provincia de Castell\u00f3n con la formalizaci\u00f3n de 36 altas empresariales y ayudado a conseguir 287.000 euros en &hellip; Continue reading \"El Pacto Territorial por el Empleo dinamiza la econom\u00eda de la provincia con 36 altas empresariales y 287.000 euros en ayudas\"","og_url":"https:\/\/pacteceramic.es\/va_es\/el-pacto-territorial-por-el-empleo-dinamiza-la-economia-de-la-provincia-con-36-altas-empresariales-y-287-000-euros-en-ayudas\/","og_site_name":"Pacte Cer\u00e0mic","article_publisher":"https:\/\/www.facebook.com\/pacteceramic\/","article_published_time":"2025-01-23T10:20:12+00:00","og_image":[{"width":1600,"height":1007,"url":"https:\/\/pacteceramic.es\/wp-content\/uploads\/2025\/01\/Alumnado-formado-por-el-programa-Desarrolla-T.jpeg","type":"image\/jpeg"}],"author":"Pacteceramic","twitter_card":"summary_large_image","twitter_creator":"@pacteceramic","twitter_site":"@pacteceramic","twitter_misc":{"Written by":"Pacteceramic","Est. reading time":"3 minutes"},"schema":{"@context":"https:\/\/schema.org","@graph":[{"@type":"Article","@id":"https:\/\/pacteceramic.es\/el-pacto-territorial-por-el-empleo-dinamiza-la-economia-de-la-provincia-con-36-altas-empresariales-y-287-000-euros-en-ayudas\/#article","isPartOf":{"@id":"https:\/\/pacteceramic.es\/el-pacto-territorial-por-el-empleo-dinamiza-la-economia-de-la-provincia-con-36-altas-empresariales-y-287-000-euros-en-ayudas\/"},"author":{"name":"Pacteceramic","@id":"https:\/\/pacteceramic.es\/es_es\/#\/schema\/person\/d8757e82992b54387f1f96b63e3434af"},"headline":"El Pacto Territorial por el Empleo dinamiza la econom\u00eda de la provincia con 36 altas empresariales y 287.000 euros en ayudas","datePublished":"2025-01-23T10:20:12+00:00","dateModified":"2025-01-23T10:20:12+00:00","mainEntityOfPage":{"@id":"https:\/\/pacteceramic.es\/el-pacto-territorial-por-el-empleo-dinamiza-la-economia-de-la-provincia-con-36-altas-empresariales-y-287-000-euros-en-ayudas\/"},"wordCount":426,"commentCount":0,"publisher":{"@id":"https:\/\/pacteceramic.es\/es_es\/#organization"},"image":{"@id":"https:\/\/pacteceramic.es\/el-pacto-territorial-por-el-empleo-dinamiza-la-economia-de-la-provincia-con-36-altas-empresariales-y-287-000-euros-en-ayudas\/#primaryimage"},"thumbnailUrl":"https:\/\/pacteceramic.es\/wp-content\/uploads\/2025\/01\/Alumnado-formado-por-el-programa-Desarrolla-T.jpeg","articleSection":["Noticias"],"inLanguage":"va-ES","potentialAction":[{"@type":"CommentAction","name":"Comment","target":["https:\/\/pacteceramic.es\/el-pacto-territorial-por-el-empleo-dinamiza-la-economia-de-la-provincia-con-36-altas-empresariales-y-287-000-euros-en-ayudas\/#respond"]}]},{"@type":"WebPage","@id":"https:\/\/pacteceramic.es\/el-pacto-territorial-por-el-empleo-dinamiza-la-economia-de-la-provincia-con-36-altas-empresariales-y-287-000-euros-en-ayudas\/","url":"https:\/\/pacteceramic.es\/el-pacto-territorial-por-el-empleo-dinamiza-la-economia-de-la-provincia-con-36-altas-empresariales-y-287-000-euros-en-ayudas\/","name":"El Pacto Territorial por el Empleo dinamiza la econom\u00eda de la provincia con 36 altas empresariales y 287.000 euros en ayudas - Pacte Cer\u00e0mic","isPartOf":{"@id":"https:\/\/pacteceramic.es\/es_es\/#website"},"primaryImageOfPage":{"@id":"https:\/\/pacteceramic.es\/el-pacto-territorial-por-el-empleo-dinamiza-la-economia-de-la-provincia-con-36-altas-empresariales-y-287-000-euros-en-ayudas\/#primaryimage"},"image":{"@id":"https:\/\/pacteceramic.es\/el-pacto-territorial-por-el-empleo-dinamiza-la-economia-de-la-provincia-con-36-altas-empresariales-y-287-000-euros-en-ayudas\/#primaryimage"},"thumbnailUrl":"https:\/\/pacteceramic.es\/wp-content\/uploads\/2025\/01\/Alumnado-formado-por-el-programa-Desarrolla-T.jpeg","datePublished":"2025-01-23T10:20:12+00:00","dateModified":"2025-01-23T10:20:12+00:00","breadcrumb":{"@id":"https:\/\/pacteceramic.es\/el-pacto-territorial-por-el-empleo-dinamiza-la-economia-de-la-provincia-con-36-altas-empresariales-y-287-000-euros-en-ayudas\/#breadcrumb"},"inLanguage":"va-ES","potentialAction":[{"@type":"ReadAction","target":["https:\/\/pacteceramic.es\/el-pacto-territorial-por-el-empleo-dinamiza-la-economia-de-la-provincia-con-36-altas-empresariales-y-287-000-euros-en-ayudas\/"]}]},{"@type":"ImageObject","inLanguage":"va-ES","@id":"https:\/\/pacteceramic.es\/el-pacto-territorial-por-el-empleo-dinamiza-la-economia-de-la-provincia-con-36-altas-empresariales-y-287-000-euros-en-ayudas\/#primaryimage","url":"https:\/\/pacteceramic.es\/wp-content\/uploads\/2025\/01\/Alumnado-formado-por-el-programa-Desarrolla-T.jpeg","contentUrl":"https:\/\/pacteceramic.es\/wp-content\/uploads\/2025\/01\/Alumnado-formado-por-el-programa-Desarrolla-T.jpeg","width":1600,"height":1007},{"@type":"BreadcrumbList","@id":"https:\/\/pacteceramic.es\/el-pacto-territorial-por-el-empleo-dinamiza-la-economia-de-la-provincia-con-36-altas-empresariales-y-287-000-euros-en-ayudas\/#breadcrumb","itemListElement":[{"@type":"ListItem","position":1,"name":"Portada","item":"https:\/\/pacteceramic.es\/"},{"@type":"ListItem","position":2,"name":"El Pacto Territorial por el Empleo dinamiza la econom\u00eda de la provincia con 36 altas empresariales y 287.000 euros en ayudas"}]},{"@type":"WebSite","@id":"https:\/\/pacteceramic.es\/es_es\/#website","url":"https:\/\/pacteceramic.es\/es_es\/","name":"Pacte Cer\u00e0mic","description":"Pacte Cer\u00e0mic","publisher":{"@id":"https:\/\/pacteceramic.es\/es_es\/#organization"},"potentialAction":[{"@type":"SearchAction","target":{"@type":"EntryPoint","urlTemplate":"https:\/\/pacteceramic.es\/es_es\/?s={search_term_string}"},"query-input":"required name=search_term_string"}],"inLanguage":"va-ES"},{"@type":"Organization","@id":"https:\/\/pacteceramic.es\/es_es\/#organization","name":"Pacte Cer\u00e0mic","url":"https:\/\/pacteceramic.es\/es_es\/","logo":{"@type":"ImageObject","inLanguage":"va-ES","@id":"https:\/\/pacteceramic.es\/es_es\/#\/schema\/logo\/image\/","url":"https:\/\/pacteceramic.es\/wp-content\/uploads\/2023\/05\/menulogo.png","contentUrl":"https:\/\/pacteceramic.es\/wp-content\/uploads\/2023\/05\/menulogo.png","width":249,"height":80,"caption":"Pacte Cer\u00e0mic"},"image":{"@id":"https:\/\/pacteceramic.es\/es_es\/#\/schema\/logo\/image\/"},"sameAs":["https:\/\/www.facebook.com\/pacteceramic\/","https:\/\/x.com\/pacteceramic","https:\/\/www.instagram.com\/pacteceramic\/","https:\/\/www.linkedin.com\/company\/pactemunicipisceramics\/"]},{"@type":"Person","@id":"https:\/\/pacteceramic.es\/es_es\/#\/schema\/person\/d8757e82992b54387f1f96b63e3434af","name":"Pacteceramic","image":{"@type":"ImageObject","inLanguage":"va-ES","@id":"https:\/\/pacteceramic.es\/es_es\/#\/schema\/person\/image\/","url":"https:\/\/secure.gravatar.com\/avatar\/add03c3ae52e6d8ee8c27f9a7cdeaf18899ffc6cc348538526bfcb9ba78343ff?s=96&d=mm&r=g","contentUrl":"https:\/\/secure.gravatar.com\/avatar\/add03c3ae52e6d8ee8c27f9a7cdeaf18899ffc6cc348538526bfcb9ba78343ff?s=96&d=mm&r=g","caption":"Pacteceramic"},"sameAs":["http:\/\/pacteceramic.es"],"url":"https:\/\/pacteceramic.es\/va_es\/author\/pacteceramic\/"}]}},"_links":{"self":[{"href":"https:\/\/pacteceramic.es\/va_es\/wp-json\/wp\/v2\/posts\/12288","targetHints":{"allow":["GET"]}}],"collection":[{"href":"https:\/\/pacteceramic.es\/va_es\/wp-json\/wp\/v2\/posts"}],"about":[{"href":"https:\/\/pacteceramic.es\/va_es\/wp-json\/wp\/v2\/types\/post"}],"author":[{"embeddable":true,"href":"https:\/\/pacteceramic.es\/va_es\/wp-json\/wp\/v2\/users\/1"}],"replies":[{"embeddable":true,"href":"https:\/\/pacteceramic.es\/va_es\/wp-json\/wp\/v2\/comments?post=12288"}],"version-history":[{"count":1,"href":"https:\/\/pacteceramic.es\/va_es\/wp-json\/wp\/v2\/posts\/12288\/revisions"}],"predecessor-version":[{"id":12290,"href":"https:\/\/pacteceramic.es\/va_es\/wp-json\/wp\/v2\/posts\/12288\/revisions\/12290"}],"wp:featuredmedia":[{"embeddable":true,"href":"https:\/\/pacteceramic.es\/va_es\/wp-json\/wp\/v2\/media\/12289"}],"wp:attachment":[{"href":"https:\/\/pacteceramic.es\/va_es\/wp-json\/wp\/v2\/media?parent=12288"}],"wp:term":[{"taxonomy":"category","embeddable":true,"href":"https:\/\/pacteceramic.es\/va_es\/wp-json\/wp\/v2\/categories?post=12288"},{"taxonomy":"post_tag","embeddable":true,"href":"https:\/\/pacteceramic.es\/va_es\/wp-json\/wp\/v2\/tags?post=12288"}],"curies":[{"name":"wp","href":"https:\/\/api.w.org\/{rel}","templated":true}]}}