{"id":12222,"date":"2024-07-30T11:16:11","date_gmt":"2024-07-30T11:16:11","guid":{"rendered":"https:\/\/pacteceramic.es\/?p=12222"},"modified":"2024-07-30T11:16:58","modified_gmt":"2024-07-30T11:16:58","slug":"el-pacte-territorial-per-locupacio-forma-a-la-poblacion-de-burriana-con-14-talleres-en-lo-que-llevamos-de-2024","status":"publish","type":"post","link":"https:\/\/pacteceramic.es\/va_es\/el-pacte-territorial-per-locupacio-forma-a-la-poblacion-de-burriana-con-14-talleres-en-lo-que-llevamos-de-2024\/","title":{"rendered":"El Pacte Territorial per l\u2019Ocupaci\u00f3 forma a la poblaci\u00f3 de Borriana amb 14 tallers en el que portem de 2024"},"content":{"rendered":"<p class=\"p1\"><i>74 persones s'han inscrit en tallers de compet\u00e8ncia digitals, 23 en formaci\u00f3 tur\u00edstica i 41 en poda de c\u00edtrics<\/i><\/p>\n<p class=\"p1\">El Pacte Territorial per l\u2019Ocupaci\u00f3 dels Municipis Cer\u00e0mics aposta per la formaci\u00f3 mitjan\u00e7ant 14 tallers a Borriana que s'han realitzat des de gener a juliol de 2024. En el que portem d'any, 138 persones s'han inscrit en els tallers: 74 en compet\u00e8ncies digitals, 23 en turisme i 41 en poda de c\u00edtrics. Suni Fandos, regidor de l'Ajuntament de Borriana de Pol\u00edtiques Actives d'Ocupaci\u00f3, explica que \u201cs\u00f3n cursos gratu\u00efts adaptats a les necessitats dels burrianenses i l'economia de la ciutat que busquen millorar<span class=\"Apple-converted-space\">\u00a0 <\/span>les compet\u00e8ncies de les persones candidates a llocs de treball en la capital de la Plana Baixa o en els seus voltants\u201d.<\/p>\n<p class=\"p1\">Els tallers de compet\u00e8ncies digitals abasten coneixements sobre intel\u00b7lig\u00e8ncia artificial, processadors de text, certificat digital, inform\u00e0tica b\u00e0sica i m\u00e0rqueting digital. El president del Pacte, Pablo Delgado, apunta que \u201caquestes habilitats s\u00f3n essencials per a comptar amb un perfil actualitzat en la cerca de treball; \u00e9s per aix\u00f2 que, des del pacte, del qual l'Ajuntament de Borriana forma part, facilita aquests cursos en la seua mateixa localitat, sense que hagen de despla\u00e7ar-se. \u00c9s el nostre objectiu poder facilitar a la ciutadania l'acc\u00e9s al mercat laboral\u201d, i afig que \u201cper a aix\u00f2, com sempre, volem con\u00e9ixer les realitats pol\u00edtiques, socials i econ\u00f2miques de cada municipi, per a ajustar els serveis que li anem proporcionant a la ciutadania. Borriana \u00e9s l'exemple que, encara que el sector cer\u00e0mic no \u00e9s el predominant, s\u00ed que pot estar consorciada i aprofitar els serveis que oferim, buscant entre totes i tots alternatives que s'ajusten a les seues necessitats\u201d.<\/p>\n<figure id=\"attachment_12225\" aria-describedby=\"caption-attachment-12225\" style=\"width: 944px\" class=\"wp-caption aligncenter\"><img loading=\"lazy\" decoding=\"async\" class=\"wp-image-12225 size-large\" src=\"https:\/\/pacteceramic.es\/wp-content\/uploads\/2024\/07\/Burriana-Julio-HS-944x1024.jpg\" alt=\"\" width=\"944\" height=\"1024\" srcset=\"https:\/\/pacteceramic.es\/wp-content\/uploads\/2024\/07\/Burriana-Julio-HS-944x1024.jpg 944w, https:\/\/pacteceramic.es\/wp-content\/uploads\/2024\/07\/Burriana-Julio-HS-277x300.jpg 277w, https:\/\/pacteceramic.es\/wp-content\/uploads\/2024\/07\/Burriana-Julio-HS-768x833.jpg 768w, https:\/\/pacteceramic.es\/wp-content\/uploads\/2024\/07\/Burriana-Julio-HS-1417x1536.jpg 1417w, https:\/\/pacteceramic.es\/wp-content\/uploads\/2024\/07\/Burriana-Julio-HS-1889x2048.jpg 1889w, https:\/\/pacteceramic.es\/wp-content\/uploads\/2024\/07\/Burriana-Julio-HS-11x12.jpg 11w, https:\/\/pacteceramic.es\/wp-content\/uploads\/2024\/07\/Burriana-Julio-HS-1200x1301.jpg 1200w\" sizes=\"auto, (max-width: 709px) 85vw, (max-width: 909px) 67vw, (max-width: 1362px) 62vw, 840px\" \/><figcaption id=\"caption-attachment-12225\" class=\"wp-caption-text\">Taller Desarrolla Turismo<\/figcaption><\/figure>\n<p class=\"p1\">Durant el mes de juliol, s'est\u00e0 impartint la tercera edici\u00f3 del taller Desenvolupa turisme, amb el qual millorar les habilitats socials. A m\u00e9s, el consorci est\u00e0 estudiant oferir un taller de maneig de maquin\u00e0ria agr\u00edcola en els pr\u00f2xims mesos.<\/p>\n<p class=\"p1\">A ells cal sumar els tallers de poda de c\u00edtrics i compet\u00e8ncies digitals que es continuaran impartint de forma regular fins a finals d'any. Fandos afirma que \u201cadaptem i actualitzem cada formaci\u00f3 cont\u00ednuament per a donar resposta a les necessitats de la nostra ciutadania i que els siga realment \u00fatil\u201d.<\/p>","protected":false},"excerpt":{"rendered":"<p>74 personas se han inscrito en talleres de competencia digitales, 23 en formaci\u00f3n tur\u00edstica y 41 en poda de c\u00edtricos El Pacte Territorial per l&#8217;Ocupaci\u00f3 dels Municipis Cer\u00e0mics apuesta por la formaci\u00f3n mediante 14 talleres en Burriana que se han realizado desde enero a julio de 2024. En lo que llevamos de a\u00f1o, 138 personas &hellip; <a href=\"https:\/\/pacteceramic.es\/va_es\/el-pacte-territorial-per-locupacio-forma-a-la-poblacion-de-burriana-con-14-talleres-en-lo-que-llevamos-de-2024\/\" class=\"more-link\">Continue reading<span class=\"screen-reader-text\"> \u00abEl Pacte Territorial per l\u2019Ocupaci\u00f3 forma a la poblaci\u00f3n de Burriana con 14 talleres en lo que llevamos de 2024\u00bb<\/span><\/a><\/p>","protected":false},"author":1,"featured_media":12223,"comment_status":"open","ping_status":"open","sticky":false,"template":"","format":"standard","meta":{"iawp_total_views":28,"footnotes":""},"categories":[3],"tags":[],"class_list":["post-12222","post","type-post","status-publish","format-standard","has-post-thumbnail","hentry","category-noticias"],"yoast_head":"<!-- This site is optimized with the Yoast SEO plugin v23.1 - https:\/\/yoast.com\/wordpress\/plugins\/seo\/ -->\n<title>El Pacte Territorial per l\u2019Ocupaci\u00f3 forma a la poblaci\u00f3n de Burriana con 14 talleres en lo que llevamos de 2024 - Pacte Cer\u00e0mic<\/title>\n<meta name=\"robots\" content=\"index, follow, max-snippet:-1, max-image-preview:large, max-video-preview:-1\" \/>\n<link rel=\"canonical\" href=\"https:\/\/pacteceramic.es\/va_es\/el-pacte-territorial-per-locupacio-forma-a-la-poblacion-de-burriana-con-14-talleres-en-lo-que-llevamos-de-2024\/\" \/>\n<meta property=\"og:locale\" content=\"en_US\" \/>\n<meta property=\"og:type\" content=\"article\" \/>\n<meta property=\"og:title\" content=\"El Pacte Territorial per l\u2019Ocupaci\u00f3 forma a la poblaci\u00f3n de Burriana con 14 talleres en lo que llevamos de 2024 - Pacte Cer\u00e0mic\" \/>\n<meta property=\"og:description\" content=\"74 personas se han inscrito en talleres de competencia digitales, 23 en formaci\u00f3n tur\u00edstica y 41 en poda de c\u00edtricos El Pacte Territorial per l&#8217;Ocupaci\u00f3 dels Municipis Cer\u00e0mics apuesta por la formaci\u00f3n mediante 14 talleres en Burriana que se han realizado desde enero a julio de 2024. En lo que llevamos de a\u00f1o, 138 personas &hellip; Continue reading &quot;El Pacte Territorial per l\u2019Ocupaci\u00f3 forma a la poblaci\u00f3n de Burriana con 14 talleres en lo que llevamos de 2024&quot;\" \/>\n<meta property=\"og:url\" content=\"https:\/\/pacteceramic.es\/va_es\/el-pacte-territorial-per-locupacio-forma-a-la-poblacion-de-burriana-con-14-talleres-en-lo-que-llevamos-de-2024\/\" \/>\n<meta property=\"og:site_name\" content=\"Pacte Cer\u00e0mic\" \/>\n<meta property=\"article:publisher\" content=\"https:\/\/www.facebook.com\/pacteceramic\/\" \/>\n<meta property=\"article:published_time\" content=\"2024-07-30T11:16:11+00:00\" \/>\n<meta property=\"article:modified_time\" content=\"2024-07-30T11:16:58+00:00\" \/>\n<meta property=\"og:image\" content=\"https:\/\/pacteceramic.es\/wp-content\/uploads\/2024\/07\/curso-burriana-basica-julio-2024-scaled.jpg\" \/>\n\t<meta property=\"og:image:width\" content=\"2560\" \/>\n\t<meta property=\"og:image:height\" content=\"1920\" \/>\n\t<meta property=\"og:image:type\" content=\"image\/jpeg\" \/>\n<meta name=\"author\" content=\"Pacteceramic\" \/>\n<meta name=\"twitter:card\" content=\"summary_large_image\" \/>\n<meta name=\"twitter:creator\" content=\"@pacteceramic\" \/>\n<meta name=\"twitter:site\" content=\"@pacteceramic\" \/>\n<meta name=\"twitter:label1\" content=\"Written by\" \/>\n\t<meta name=\"twitter:data1\" content=\"Pacteceramic\" \/>\n\t<meta name=\"twitter:label2\" content=\"Est. reading time\" \/>\n\t<meta name=\"twitter:data2\" content=\"3 minutes\" \/>\n<script type=\"application\/ld+json\" class=\"yoast-schema-graph\">{\"@context\":\"https:\/\/schema.org\",\"@graph\":[{\"@type\":\"Article\",\"@id\":\"https:\/\/pacteceramic.es\/el-pacte-territorial-per-locupacio-forma-a-la-poblacion-de-burriana-con-14-talleres-en-lo-que-llevamos-de-2024\/#article\",\"isPartOf\":{\"@id\":\"https:\/\/pacteceramic.es\/el-pacte-territorial-per-locupacio-forma-a-la-poblacion-de-burriana-con-14-talleres-en-lo-que-llevamos-de-2024\/\"},\"author\":{\"name\":\"Pacteceramic\",\"@id\":\"https:\/\/pacteceramic.es\/es_es\/#\/schema\/person\/d8757e82992b54387f1f96b63e3434af\"},\"headline\":\"El Pacte Territorial per l\u2019Ocupaci\u00f3 forma a la poblaci\u00f3n de Burriana con 14 talleres en lo que llevamos de 2024\",\"datePublished\":\"2024-07-30T11:16:11+00:00\",\"dateModified\":\"2024-07-30T11:16:58+00:00\",\"mainEntityOfPage\":{\"@id\":\"https:\/\/pacteceramic.es\/el-pacte-territorial-per-locupacio-forma-a-la-poblacion-de-burriana-con-14-talleres-en-lo-que-llevamos-de-2024\/\"},\"wordCount\":413,\"commentCount\":0,\"publisher\":{\"@id\":\"https:\/\/pacteceramic.es\/es_es\/#organization\"},\"image\":{\"@id\":\"https:\/\/pacteceramic.es\/el-pacte-territorial-per-locupacio-forma-a-la-poblacion-de-burriana-con-14-talleres-en-lo-que-llevamos-de-2024\/#primaryimage\"},\"thumbnailUrl\":\"https:\/\/pacteceramic.es\/wp-content\/uploads\/2024\/07\/curso-burriana-basica-julio-2024-scaled.jpg\",\"articleSection\":[\"Noticias\"],\"inLanguage\":\"va-ES\",\"potentialAction\":[{\"@type\":\"CommentAction\",\"name\":\"Comment\",\"target\":[\"https:\/\/pacteceramic.es\/el-pacte-territorial-per-locupacio-forma-a-la-poblacion-de-burriana-con-14-talleres-en-lo-que-llevamos-de-2024\/#respond\"]}]},{\"@type\":\"WebPage\",\"@id\":\"https:\/\/pacteceramic.es\/el-pacte-territorial-per-locupacio-forma-a-la-poblacion-de-burriana-con-14-talleres-en-lo-que-llevamos-de-2024\/\",\"url\":\"https:\/\/pacteceramic.es\/el-pacte-territorial-per-locupacio-forma-a-la-poblacion-de-burriana-con-14-talleres-en-lo-que-llevamos-de-2024\/\",\"name\":\"El Pacte Territorial per l\u2019Ocupaci\u00f3 forma a la poblaci\u00f3n de Burriana con 14 talleres en lo que llevamos de 2024 - Pacte Cer\u00e0mic\",\"isPartOf\":{\"@id\":\"https:\/\/pacteceramic.es\/es_es\/#website\"},\"primaryImageOfPage\":{\"@id\":\"https:\/\/pacteceramic.es\/el-pacte-territorial-per-locupacio-forma-a-la-poblacion-de-burriana-con-14-talleres-en-lo-que-llevamos-de-2024\/#primaryimage\"},\"image\":{\"@id\":\"https:\/\/pacteceramic.es\/el-pacte-territorial-per-locupacio-forma-a-la-poblacion-de-burriana-con-14-talleres-en-lo-que-llevamos-de-2024\/#primaryimage\"},\"thumbnailUrl\":\"https:\/\/pacteceramic.es\/wp-content\/uploads\/2024\/07\/curso-burriana-basica-julio-2024-scaled.jpg\",\"datePublished\":\"2024-07-30T11:16:11+00:00\",\"dateModified\":\"2024-07-30T11:16:58+00:00\",\"breadcrumb\":{\"@id\":\"https:\/\/pacteceramic.es\/el-pacte-territorial-per-locupacio-forma-a-la-poblacion-de-burriana-con-14-talleres-en-lo-que-llevamos-de-2024\/#breadcrumb\"},\"inLanguage\":\"va-ES\",\"potentialAction\":[{\"@type\":\"ReadAction\",\"target\":[\"https:\/\/pacteceramic.es\/el-pacte-territorial-per-locupacio-forma-a-la-poblacion-de-burriana-con-14-talleres-en-lo-que-llevamos-de-2024\/\"]}]},{\"@type\":\"ImageObject\",\"inLanguage\":\"va-ES\",\"@id\":\"https:\/\/pacteceramic.es\/el-pacte-territorial-per-locupacio-forma-a-la-poblacion-de-burriana-con-14-talleres-en-lo-que-llevamos-de-2024\/#primaryimage\",\"url\":\"https:\/\/pacteceramic.es\/wp-content\/uploads\/2024\/07\/curso-burriana-basica-julio-2024-scaled.jpg\",\"contentUrl\":\"https:\/\/pacteceramic.es\/wp-content\/uploads\/2024\/07\/curso-burriana-basica-julio-2024-scaled.jpg\",\"width\":2560,\"height\":1920},{\"@type\":\"BreadcrumbList\",\"@id\":\"https:\/\/pacteceramic.es\/el-pacte-territorial-per-locupacio-forma-a-la-poblacion-de-burriana-con-14-talleres-en-lo-que-llevamos-de-2024\/#breadcrumb\",\"itemListElement\":[{\"@type\":\"ListItem\",\"position\":1,\"name\":\"Portada\",\"item\":\"https:\/\/pacteceramic.es\/\"},{\"@type\":\"ListItem\",\"position\":2,\"name\":\"El Pacte Territorial per l\u2019Ocupaci\u00f3 forma a la poblaci\u00f3n de Burriana con 14 talleres en lo que llevamos de 2024\"}]},{\"@type\":\"WebSite\",\"@id\":\"https:\/\/pacteceramic.es\/es_es\/#website\",\"url\":\"https:\/\/pacteceramic.es\/es_es\/\",\"name\":\"Pacte Cer\u00e0mic\",\"description\":\"Pacte Cer\u00e0mic\",\"publisher\":{\"@id\":\"https:\/\/pacteceramic.es\/es_es\/#organization\"},\"potentialAction\":[{\"@type\":\"SearchAction\",\"target\":{\"@type\":\"EntryPoint\",\"urlTemplate\":\"https:\/\/pacteceramic.es\/es_es\/?s={search_term_string}\"},\"query-input\":\"required name=search_term_string\"}],\"inLanguage\":\"va-ES\"},{\"@type\":\"Organization\",\"@id\":\"https:\/\/pacteceramic.es\/es_es\/#organization\",\"name\":\"Pacte Cer\u00e0mic\",\"url\":\"https:\/\/pacteceramic.es\/es_es\/\",\"logo\":{\"@type\":\"ImageObject\",\"inLanguage\":\"va-ES\",\"@id\":\"https:\/\/pacteceramic.es\/es_es\/#\/schema\/logo\/image\/\",\"url\":\"https:\/\/pacteceramic.es\/wp-content\/uploads\/2023\/05\/menulogo.png\",\"contentUrl\":\"https:\/\/pacteceramic.es\/wp-content\/uploads\/2023\/05\/menulogo.png\",\"width\":249,\"height\":80,\"caption\":\"Pacte Cer\u00e0mic\"},\"image\":{\"@id\":\"https:\/\/pacteceramic.es\/es_es\/#\/schema\/logo\/image\/\"},\"sameAs\":[\"https:\/\/www.facebook.com\/pacteceramic\/\",\"https:\/\/x.com\/pacteceramic\",\"https:\/\/www.instagram.com\/pacteceramic\/\",\"https:\/\/www.linkedin.com\/company\/pactemunicipisceramics\/\"]},{\"@type\":\"Person\",\"@id\":\"https:\/\/pacteceramic.es\/es_es\/#\/schema\/person\/d8757e82992b54387f1f96b63e3434af\",\"name\":\"Pacteceramic\",\"image\":{\"@type\":\"ImageObject\",\"inLanguage\":\"va-ES\",\"@id\":\"https:\/\/pacteceramic.es\/es_es\/#\/schema\/person\/image\/\",\"url\":\"https:\/\/secure.gravatar.com\/avatar\/add03c3ae52e6d8ee8c27f9a7cdeaf18899ffc6cc348538526bfcb9ba78343ff?s=96&d=mm&r=g\",\"contentUrl\":\"https:\/\/secure.gravatar.com\/avatar\/add03c3ae52e6d8ee8c27f9a7cdeaf18899ffc6cc348538526bfcb9ba78343ff?s=96&d=mm&r=g\",\"caption\":\"Pacteceramic\"},\"sameAs\":[\"http:\/\/pacteceramic.es\"],\"url\":\"https:\/\/pacteceramic.es\/va_es\/author\/pacteceramic\/\"}]}<\/script>\n<!-- \/ Yoast SEO plugin. -->","yoast_head_json":{"title":"El Pacte Territorial per l\u2019Ocupaci\u00f3 forma a la poblaci\u00f3n de Burriana con 14 talleres en lo que llevamos de 2024 - Pacte Cer\u00e0mic","robots":{"index":"index","follow":"follow","max-snippet":"max-snippet:-1","max-image-preview":"max-image-preview:large","max-video-preview":"max-video-preview:-1"},"canonical":"https:\/\/pacteceramic.es\/va_es\/el-pacte-territorial-per-locupacio-forma-a-la-poblacion-de-burriana-con-14-talleres-en-lo-que-llevamos-de-2024\/","og_locale":"en_US","og_type":"article","og_title":"El Pacte Territorial per l\u2019Ocupaci\u00f3 forma a la poblaci\u00f3n de Burriana con 14 talleres en lo que llevamos de 2024 - Pacte Cer\u00e0mic","og_description":"74 personas se han inscrito en talleres de competencia digitales, 23 en formaci\u00f3n tur\u00edstica y 41 en poda de c\u00edtricos El Pacte Territorial per l&#8217;Ocupaci\u00f3 dels Municipis Cer\u00e0mics apuesta por la formaci\u00f3n mediante 14 talleres en Burriana que se han realizado desde enero a julio de 2024. En lo que llevamos de a\u00f1o, 138 personas &hellip; Continue reading \"El Pacte Territorial per l\u2019Ocupaci\u00f3 forma a la poblaci\u00f3n de Burriana con 14 talleres en lo que llevamos de 2024\"","og_url":"https:\/\/pacteceramic.es\/va_es\/el-pacte-territorial-per-locupacio-forma-a-la-poblacion-de-burriana-con-14-talleres-en-lo-que-llevamos-de-2024\/","og_site_name":"Pacte Cer\u00e0mic","article_publisher":"https:\/\/www.facebook.com\/pacteceramic\/","article_published_time":"2024-07-30T11:16:11+00:00","article_modified_time":"2024-07-30T11:16:58+00:00","og_image":[{"width":2560,"height":1920,"url":"https:\/\/pacteceramic.es\/wp-content\/uploads\/2024\/07\/curso-burriana-basica-julio-2024-scaled.jpg","type":"image\/jpeg"}],"author":"Pacteceramic","twitter_card":"summary_large_image","twitter_creator":"@pacteceramic","twitter_site":"@pacteceramic","twitter_misc":{"Written by":"Pacteceramic","Est. reading time":"3 minutes"},"schema":{"@context":"https:\/\/schema.org","@graph":[{"@type":"Article","@id":"https:\/\/pacteceramic.es\/el-pacte-territorial-per-locupacio-forma-a-la-poblacion-de-burriana-con-14-talleres-en-lo-que-llevamos-de-2024\/#article","isPartOf":{"@id":"https:\/\/pacteceramic.es\/el-pacte-territorial-per-locupacio-forma-a-la-poblacion-de-burriana-con-14-talleres-en-lo-que-llevamos-de-2024\/"},"author":{"name":"Pacteceramic","@id":"https:\/\/pacteceramic.es\/es_es\/#\/schema\/person\/d8757e82992b54387f1f96b63e3434af"},"headline":"El Pacte Territorial per l\u2019Ocupaci\u00f3 forma a la poblaci\u00f3n de Burriana con 14 talleres en lo que llevamos de 2024","datePublished":"2024-07-30T11:16:11+00:00","dateModified":"2024-07-30T11:16:58+00:00","mainEntityOfPage":{"@id":"https:\/\/pacteceramic.es\/el-pacte-territorial-per-locupacio-forma-a-la-poblacion-de-burriana-con-14-talleres-en-lo-que-llevamos-de-2024\/"},"wordCount":413,"commentCount":0,"publisher":{"@id":"https:\/\/pacteceramic.es\/es_es\/#organization"},"image":{"@id":"https:\/\/pacteceramic.es\/el-pacte-territorial-per-locupacio-forma-a-la-poblacion-de-burriana-con-14-talleres-en-lo-que-llevamos-de-2024\/#primaryimage"},"thumbnailUrl":"https:\/\/pacteceramic.es\/wp-content\/uploads\/2024\/07\/curso-burriana-basica-julio-2024-scaled.jpg","articleSection":["Noticias"],"inLanguage":"va-ES","potentialAction":[{"@type":"CommentAction","name":"Comment","target":["https:\/\/pacteceramic.es\/el-pacte-territorial-per-locupacio-forma-a-la-poblacion-de-burriana-con-14-talleres-en-lo-que-llevamos-de-2024\/#respond"]}]},{"@type":"WebPage","@id":"https:\/\/pacteceramic.es\/el-pacte-territorial-per-locupacio-forma-a-la-poblacion-de-burriana-con-14-talleres-en-lo-que-llevamos-de-2024\/","url":"https:\/\/pacteceramic.es\/el-pacte-territorial-per-locupacio-forma-a-la-poblacion-de-burriana-con-14-talleres-en-lo-que-llevamos-de-2024\/","name":"El Pacte Territorial per l\u2019Ocupaci\u00f3 forma a la poblaci\u00f3n de Burriana con 14 talleres en lo que llevamos de 2024 - Pacte Cer\u00e0mic","isPartOf":{"@id":"https:\/\/pacteceramic.es\/es_es\/#website"},"primaryImageOfPage":{"@id":"https:\/\/pacteceramic.es\/el-pacte-territorial-per-locupacio-forma-a-la-poblacion-de-burriana-con-14-talleres-en-lo-que-llevamos-de-2024\/#primaryimage"},"image":{"@id":"https:\/\/pacteceramic.es\/el-pacte-territorial-per-locupacio-forma-a-la-poblacion-de-burriana-con-14-talleres-en-lo-que-llevamos-de-2024\/#primaryimage"},"thumbnailUrl":"https:\/\/pacteceramic.es\/wp-content\/uploads\/2024\/07\/curso-burriana-basica-julio-2024-scaled.jpg","datePublished":"2024-07-30T11:16:11+00:00","dateModified":"2024-07-30T11:16:58+00:00","breadcrumb":{"@id":"https:\/\/pacteceramic.es\/el-pacte-territorial-per-locupacio-forma-a-la-poblacion-de-burriana-con-14-talleres-en-lo-que-llevamos-de-2024\/#breadcrumb"},"inLanguage":"va-ES","potentialAction":[{"@type":"ReadAction","target":["https:\/\/pacteceramic.es\/el-pacte-territorial-per-locupacio-forma-a-la-poblacion-de-burriana-con-14-talleres-en-lo-que-llevamos-de-2024\/"]}]},{"@type":"ImageObject","inLanguage":"va-ES","@id":"https:\/\/pacteceramic.es\/el-pacte-territorial-per-locupacio-forma-a-la-poblacion-de-burriana-con-14-talleres-en-lo-que-llevamos-de-2024\/#primaryimage","url":"https:\/\/pacteceramic.es\/wp-content\/uploads\/2024\/07\/curso-burriana-basica-julio-2024-scaled.jpg","contentUrl":"https:\/\/pacteceramic.es\/wp-content\/uploads\/2024\/07\/curso-burriana-basica-julio-2024-scaled.jpg","width":2560,"height":1920},{"@type":"BreadcrumbList","@id":"https:\/\/pacteceramic.es\/el-pacte-territorial-per-locupacio-forma-a-la-poblacion-de-burriana-con-14-talleres-en-lo-que-llevamos-de-2024\/#breadcrumb","itemListElement":[{"@type":"ListItem","position":1,"name":"Portada","item":"https:\/\/pacteceramic.es\/"},{"@type":"ListItem","position":2,"name":"El Pacte Territorial per l\u2019Ocupaci\u00f3 forma a la poblaci\u00f3n de Burriana con 14 talleres en lo que llevamos de 2024"}]},{"@type":"WebSite","@id":"https:\/\/pacteceramic.es\/es_es\/#website","url":"https:\/\/pacteceramic.es\/es_es\/","name":"Pacte Cer\u00e0mic","description":"Pacte Cer\u00e0mic","publisher":{"@id":"https:\/\/pacteceramic.es\/es_es\/#organization"},"potentialAction":[{"@type":"SearchAction","target":{"@type":"EntryPoint","urlTemplate":"https:\/\/pacteceramic.es\/es_es\/?s={search_term_string}"},"query-input":"required name=search_term_string"}],"inLanguage":"va-ES"},{"@type":"Organization","@id":"https:\/\/pacteceramic.es\/es_es\/#organization","name":"Pacte Cer\u00e0mic","url":"https:\/\/pacteceramic.es\/es_es\/","logo":{"@type":"ImageObject","inLanguage":"va-ES","@id":"https:\/\/pacteceramic.es\/es_es\/#\/schema\/logo\/image\/","url":"https:\/\/pacteceramic.es\/wp-content\/uploads\/2023\/05\/menulogo.png","contentUrl":"https:\/\/pacteceramic.es\/wp-content\/uploads\/2023\/05\/menulogo.png","width":249,"height":80,"caption":"Pacte Cer\u00e0mic"},"image":{"@id":"https:\/\/pacteceramic.es\/es_es\/#\/schema\/logo\/image\/"},"sameAs":["https:\/\/www.facebook.com\/pacteceramic\/","https:\/\/x.com\/pacteceramic","https:\/\/www.instagram.com\/pacteceramic\/","https:\/\/www.linkedin.com\/company\/pactemunicipisceramics\/"]},{"@type":"Person","@id":"https:\/\/pacteceramic.es\/es_es\/#\/schema\/person\/d8757e82992b54387f1f96b63e3434af","name":"Pacteceramic","image":{"@type":"ImageObject","inLanguage":"va-ES","@id":"https:\/\/pacteceramic.es\/es_es\/#\/schema\/person\/image\/","url":"https:\/\/secure.gravatar.com\/avatar\/add03c3ae52e6d8ee8c27f9a7cdeaf18899ffc6cc348538526bfcb9ba78343ff?s=96&d=mm&r=g","contentUrl":"https:\/\/secure.gravatar.com\/avatar\/add03c3ae52e6d8ee8c27f9a7cdeaf18899ffc6cc348538526bfcb9ba78343ff?s=96&d=mm&r=g","caption":"Pacteceramic"},"sameAs":["http:\/\/pacteceramic.es"],"url":"https:\/\/pacteceramic.es\/va_es\/author\/pacteceramic\/"}]}},"_links":{"self":[{"href":"https:\/\/pacteceramic.es\/va_es\/wp-json\/wp\/v2\/posts\/12222","targetHints":{"allow":["GET"]}}],"collection":[{"href":"https:\/\/pacteceramic.es\/va_es\/wp-json\/wp\/v2\/posts"}],"about":[{"href":"https:\/\/pacteceramic.es\/va_es\/wp-json\/wp\/v2\/types\/post"}],"author":[{"embeddable":true,"href":"https:\/\/pacteceramic.es\/va_es\/wp-json\/wp\/v2\/users\/1"}],"replies":[{"embeddable":true,"href":"https:\/\/pacteceramic.es\/va_es\/wp-json\/wp\/v2\/comments?post=12222"}],"version-history":[{"count":2,"href":"https:\/\/pacteceramic.es\/va_es\/wp-json\/wp\/v2\/posts\/12222\/revisions"}],"predecessor-version":[{"id":12226,"href":"https:\/\/pacteceramic.es\/va_es\/wp-json\/wp\/v2\/posts\/12222\/revisions\/12226"}],"wp:featuredmedia":[{"embeddable":true,"href":"https:\/\/pacteceramic.es\/va_es\/wp-json\/wp\/v2\/media\/12223"}],"wp:attachment":[{"href":"https:\/\/pacteceramic.es\/va_es\/wp-json\/wp\/v2\/media?parent=12222"}],"wp:term":[{"taxonomy":"category","embeddable":true,"href":"https:\/\/pacteceramic.es\/va_es\/wp-json\/wp\/v2\/categories?post=12222"},{"taxonomy":"post_tag","embeddable":true,"href":"https:\/\/pacteceramic.es\/va_es\/wp-json\/wp\/v2\/tags?post=12222"}],"curies":[{"name":"wp","href":"https:\/\/api.w.org\/{rel}","templated":true}]}}