{"id":11865,"date":"2023-06-19T10:23:01","date_gmt":"2023-06-19T10:23:01","guid":{"rendered":"https:\/\/pacteceramic.es\/?p=11865"},"modified":"2023-06-21T10:49:19","modified_gmt":"2023-06-21T10:49:19","slug":"el-pacto-por-el-empleo-de-los-municipios-ceramicos-busca-profesionales-para-cubrir-las-ofertas-de-empleo-de-las-empresas-del-cluster-ceramico-de-la-provincia","status":"publish","type":"post","link":"https:\/\/pacteceramic.es\/va_es\/el-pacto-por-el-empleo-de-los-municipios-ceramicos-busca-profesionales-para-cubrir-las-ofertas-de-empleo-de-las-empresas-del-cluster-ceramico-de-la-provincia\/","title":{"rendered":"El Pacte per l'Ocupaci\u00f3 dels Municipis Cer\u00e0mics cerca professionals per a cobrir les ofertes de treball de les empreses del cl\u00faster cer\u00e0mic de la prov\u00edncia"},"content":{"rendered":"<p><!--more--><\/p>\n<p><em>El Consorci compta amb un portal d'ocupaci\u00f3 en el qual comparteix les vacants de les signatures cer\u00e0miques. En l'actualitat s'ofereixen llocs de treball com a t\u00e8cnic de suport inform\u00e0tic, administratiu\/a d'exportaci\u00f3 o t\u00e8cnic electromec\u00e0nic, entre altres <\/em><em>entre otros<\/em><\/p>\n<p>&nbsp;<\/p>\n<p>El Pacte Territorial per l'Ocupaci\u00f3 dels Municipis Cer\u00e0mics informa la ciutadania de les ofertes de treball que poden trobar en el portal web que ha creat amb la finalitat de facilitar la inserci\u00f3 laboral en empreses de la prov\u00edncia de Castell\u00f3 pertanyents al cl\u00faster cer\u00e0mic.<\/p>\n<p>El portal de empleo del Pacto Cer\u00e1mico (<a href=\"https:\/\/pacteceramic.portalemp.com\/\">https:\/\/pacteceramic.portalemp.com\/<\/a>El portal d\u2019ocupaci\u00f3 del Pacte Cer\u00e0mic (https:\/\/pacteceramic.portalemp.com\/) \u00e9s un servei gratu\u00eft en l\u00ednia que en l'actualitat compta amb diferents ofertes de treball com a t\u00e8cnic de suport inform\u00e0tic, administratiu\/a d'exportaci\u00f3, personal de manteniment cer\u00e0mic o t\u00e8cnic electromec\u00e0nic en empreses situades a Onda, Almassora, Castell\u00f3 o l'Alcora o diferents municipis de la prov\u00edncia. En la fitxa de cada oferta laboral s'inclouen dades generals d'inter\u00e9s com el tipus de contracte, la seua duraci\u00f3, la jornada a realitzar o les funcions i requisits del lloc.<\/p>\n<p>Per a poder inscriure's en les vacants del portal de treball del Pacte Cer\u00e0mic, \u00e9s necessari registrar-se com a demandant d'ocupaci\u00f3 en la web i emplenar, a trav\u00e9s d'un m\u00e8tode senzill, la informaci\u00f3 sobre el perfil professional, l'experi\u00e8ncia o la formaci\u00f3 rebuda. D'aquesta manera, l'equip del Consorci preselecciona a les persones aspirants m\u00e9s ben preparats per a la vacant i informa les empreses que han publicat el lloc disponible.<\/p>\n<p><strong>La labor del Pacte Cer\u00e0mic<\/strong><\/p>\n<p>El Consorci del Pacte Territorial per l'Ocupaci\u00f3 dels municipis cer\u00e0mics i la seua \u00e0rea d'influ\u00e8ncia a la prov\u00edncia de Castell\u00f3 \u00e9s un organisme p\u00fablic creat a l'agost del 2010 que treballa per fomentar i millorar l'ocupabilitat. Est\u00e0 format pels Ajuntaments de l'Alcora, Almassora, les Alqueries, Betx\u00ed, Borriana, Costur, Sant Joan de Mor\u00f3 i Vilafam\u00e9s, i els sindicats UGT, CCOO i la CEV.<strong>\u00a0<\/strong>UGT, CCOO y la CEV.<\/p>\n<p>L'objectiu primordial \u00e9s crear noves oportunitats d'inserci\u00f3 laboral per al col\u00b7lectiu d'aturats i potenciar el desenvolupament dels diferents sectors econ\u00f2mics emmarcats en els municipis consorciats.<\/p>","protected":false},"excerpt":{"rendered":"","protected":false},"author":1,"featured_media":11866,"comment_status":"open","ping_status":"open","sticky":false,"template":"","format":"standard","meta":{"iawp_total_views":23,"footnotes":""},"categories":[26,1],"tags":[38,21,31,23,37,39,36],"class_list":["post-11865","post","type-post","status-publish","format-standard","has-post-thumbnail","hentry","category-noticiesca","category-uncategorized","tag-castellon","tag-empleo","tag-ocupacion","tag-pacte-ceramic","tag-pacto-ceramico","tag-portal-web","tag-trabajo"],"yoast_head":"<!-- This site is optimized with the Yoast SEO plugin v23.1 - https:\/\/yoast.com\/wordpress\/plugins\/seo\/ -->\n<title>El Pacto por el Empleo de los Municipios Cer\u00e1micos busca profesionales para cubrir las ofertas de empleo de las empresas del cl\u00faster cer\u00e1mico de la provincia - Pacte Cer\u00e0mic<\/title>\n<meta name=\"robots\" content=\"index, follow, max-snippet:-1, max-image-preview:large, max-video-preview:-1\" \/>\n<link rel=\"canonical\" href=\"https:\/\/pacteceramic.es\/va_es\/el-pacto-por-el-empleo-de-los-municipios-ceramicos-busca-profesionales-para-cubrir-las-ofertas-de-empleo-de-las-empresas-del-cluster-ceramico-de-la-provincia\/\" \/>\n<meta property=\"og:locale\" content=\"en_US\" \/>\n<meta property=\"og:type\" content=\"article\" \/>\n<meta property=\"og:title\" content=\"El Pacto por el Empleo de los Municipios Cer\u00e1micos busca profesionales para cubrir las ofertas de empleo de las empresas del cl\u00faster cer\u00e1mico de la provincia - Pacte Cer\u00e0mic\" \/>\n<meta property=\"og:url\" content=\"https:\/\/pacteceramic.es\/va_es\/el-pacto-por-el-empleo-de-los-municipios-ceramicos-busca-profesionales-para-cubrir-las-ofertas-de-empleo-de-las-empresas-del-cluster-ceramico-de-la-provincia\/\" \/>\n<meta property=\"og:site_name\" content=\"Pacte Cer\u00e0mic\" \/>\n<meta property=\"article:publisher\" content=\"https:\/\/www.facebook.com\/pacteceramic\/\" \/>\n<meta property=\"article:published_time\" content=\"2023-06-19T10:23:01+00:00\" \/>\n<meta property=\"article:modified_time\" content=\"2023-06-21T10:49:19+00:00\" \/>\n<meta property=\"og:image\" content=\"https:\/\/pacteceramic.es\/wp-content\/uploads\/2023\/06\/NP-PORTAL-EMPLEO-PC.jpg\" \/>\n\t<meta property=\"og:image:width\" content=\"2233\" \/>\n\t<meta property=\"og:image:height\" content=\"1453\" \/>\n\t<meta property=\"og:image:type\" content=\"image\/jpeg\" \/>\n<meta name=\"author\" content=\"Pacteceramic\" \/>\n<meta name=\"twitter:card\" content=\"summary_large_image\" \/>\n<meta name=\"twitter:creator\" content=\"@pacteceramic\" \/>\n<meta name=\"twitter:site\" content=\"@pacteceramic\" \/>\n<meta name=\"twitter:label1\" content=\"Written by\" \/>\n\t<meta name=\"twitter:data1\" content=\"Pacteceramic\" \/>\n\t<meta name=\"twitter:label2\" content=\"Est. reading time\" \/>\n\t<meta name=\"twitter:data2\" content=\"2 minutes\" \/>\n<script type=\"application\/ld+json\" class=\"yoast-schema-graph\">{\"@context\":\"https:\/\/schema.org\",\"@graph\":[{\"@type\":\"Article\",\"@id\":\"https:\/\/pacteceramic.es\/el-pacto-por-el-empleo-de-los-municipios-ceramicos-busca-profesionales-para-cubrir-las-ofertas-de-empleo-de-las-empresas-del-cluster-ceramico-de-la-provincia\/#article\",\"isPartOf\":{\"@id\":\"https:\/\/pacteceramic.es\/el-pacto-por-el-empleo-de-los-municipios-ceramicos-busca-profesionales-para-cubrir-las-ofertas-de-empleo-de-las-empresas-del-cluster-ceramico-de-la-provincia\/\"},\"author\":{\"name\":\"Pacteceramic\",\"@id\":\"https:\/\/pacteceramic.es\/es_es\/#\/schema\/person\/d8757e82992b54387f1f96b63e3434af\"},\"headline\":\"El Pacto por el Empleo de los Municipios Cer\u00e1micos busca profesionales para cubrir las ofertas de empleo de las empresas del cl\u00faster cer\u00e1mico de la provincia\",\"datePublished\":\"2023-06-19T10:23:01+00:00\",\"dateModified\":\"2023-06-21T10:49:19+00:00\",\"mainEntityOfPage\":{\"@id\":\"https:\/\/pacteceramic.es\/el-pacto-por-el-empleo-de-los-municipios-ceramicos-busca-profesionales-para-cubrir-las-ofertas-de-empleo-de-las-empresas-del-cluster-ceramico-de-la-provincia\/\"},\"wordCount\":412,\"commentCount\":0,\"publisher\":{\"@id\":\"https:\/\/pacteceramic.es\/es_es\/#organization\"},\"image\":{\"@id\":\"https:\/\/pacteceramic.es\/el-pacto-por-el-empleo-de-los-municipios-ceramicos-busca-profesionales-para-cubrir-las-ofertas-de-empleo-de-las-empresas-del-cluster-ceramico-de-la-provincia\/#primaryimage\"},\"thumbnailUrl\":\"https:\/\/pacteceramic.es\/wp-content\/uploads\/2023\/06\/NP-PORTAL-EMPLEO-PC.jpg\",\"keywords\":[\"castell\u00f3n\",\"EMPLEO\",\"ocupaci\u00f3n\",\"PACTE CERAMIC\",\"pacto cer\u00e1mico\",\"portal web\",\"trabajo\"],\"articleSection\":[\"Noticies@ca\"],\"inLanguage\":\"va-ES\",\"potentialAction\":[{\"@type\":\"CommentAction\",\"name\":\"Comment\",\"target\":[\"https:\/\/pacteceramic.es\/el-pacto-por-el-empleo-de-los-municipios-ceramicos-busca-profesionales-para-cubrir-las-ofertas-de-empleo-de-las-empresas-del-cluster-ceramico-de-la-provincia\/#respond\"]}]},{\"@type\":\"WebPage\",\"@id\":\"https:\/\/pacteceramic.es\/el-pacto-por-el-empleo-de-los-municipios-ceramicos-busca-profesionales-para-cubrir-las-ofertas-de-empleo-de-las-empresas-del-cluster-ceramico-de-la-provincia\/\",\"url\":\"https:\/\/pacteceramic.es\/el-pacto-por-el-empleo-de-los-municipios-ceramicos-busca-profesionales-para-cubrir-las-ofertas-de-empleo-de-las-empresas-del-cluster-ceramico-de-la-provincia\/\",\"name\":\"El Pacto por el Empleo de los Municipios Cer\u00e1micos busca profesionales para cubrir las ofertas de empleo de las empresas del cl\u00faster cer\u00e1mico de la provincia - Pacte Cer\u00e0mic\",\"isPartOf\":{\"@id\":\"https:\/\/pacteceramic.es\/es_es\/#website\"},\"primaryImageOfPage\":{\"@id\":\"https:\/\/pacteceramic.es\/el-pacto-por-el-empleo-de-los-municipios-ceramicos-busca-profesionales-para-cubrir-las-ofertas-de-empleo-de-las-empresas-del-cluster-ceramico-de-la-provincia\/#primaryimage\"},\"image\":{\"@id\":\"https:\/\/pacteceramic.es\/el-pacto-por-el-empleo-de-los-municipios-ceramicos-busca-profesionales-para-cubrir-las-ofertas-de-empleo-de-las-empresas-del-cluster-ceramico-de-la-provincia\/#primaryimage\"},\"thumbnailUrl\":\"https:\/\/pacteceramic.es\/wp-content\/uploads\/2023\/06\/NP-PORTAL-EMPLEO-PC.jpg\",\"datePublished\":\"2023-06-19T10:23:01+00:00\",\"dateModified\":\"2023-06-21T10:49:19+00:00\",\"breadcrumb\":{\"@id\":\"https:\/\/pacteceramic.es\/el-pacto-por-el-empleo-de-los-municipios-ceramicos-busca-profesionales-para-cubrir-las-ofertas-de-empleo-de-las-empresas-del-cluster-ceramico-de-la-provincia\/#breadcrumb\"},\"inLanguage\":\"va-ES\",\"potentialAction\":[{\"@type\":\"ReadAction\",\"target\":[\"https:\/\/pacteceramic.es\/el-pacto-por-el-empleo-de-los-municipios-ceramicos-busca-profesionales-para-cubrir-las-ofertas-de-empleo-de-las-empresas-del-cluster-ceramico-de-la-provincia\/\"]}]},{\"@type\":\"ImageObject\",\"inLanguage\":\"va-ES\",\"@id\":\"https:\/\/pacteceramic.es\/el-pacto-por-el-empleo-de-los-municipios-ceramicos-busca-profesionales-para-cubrir-las-ofertas-de-empleo-de-las-empresas-del-cluster-ceramico-de-la-provincia\/#primaryimage\",\"url\":\"https:\/\/pacteceramic.es\/wp-content\/uploads\/2023\/06\/NP-PORTAL-EMPLEO-PC.jpg\",\"contentUrl\":\"https:\/\/pacteceramic.es\/wp-content\/uploads\/2023\/06\/NP-PORTAL-EMPLEO-PC.jpg\",\"width\":2233,\"height\":1453,\"caption\":\"Dise\u00f1o sin t\u00edtulo - 1\"},{\"@type\":\"BreadcrumbList\",\"@id\":\"https:\/\/pacteceramic.es\/el-pacto-por-el-empleo-de-los-municipios-ceramicos-busca-profesionales-para-cubrir-las-ofertas-de-empleo-de-las-empresas-del-cluster-ceramico-de-la-provincia\/#breadcrumb\",\"itemListElement\":[{\"@type\":\"ListItem\",\"position\":1,\"name\":\"Portada\",\"item\":\"https:\/\/pacteceramic.es\/\"},{\"@type\":\"ListItem\",\"position\":2,\"name\":\"El Pacto por el Empleo de los Municipios Cer\u00e1micos busca profesionales para cubrir las ofertas de empleo de las empresas del cl\u00faster cer\u00e1mico de la provincia\"}]},{\"@type\":\"WebSite\",\"@id\":\"https:\/\/pacteceramic.es\/es_es\/#website\",\"url\":\"https:\/\/pacteceramic.es\/es_es\/\",\"name\":\"Pacte Cer\u00e0mic\",\"description\":\"Pacte Cer\u00e0mic\",\"publisher\":{\"@id\":\"https:\/\/pacteceramic.es\/es_es\/#organization\"},\"potentialAction\":[{\"@type\":\"SearchAction\",\"target\":{\"@type\":\"EntryPoint\",\"urlTemplate\":\"https:\/\/pacteceramic.es\/es_es\/?s={search_term_string}\"},\"query-input\":\"required name=search_term_string\"}],\"inLanguage\":\"va-ES\"},{\"@type\":\"Organization\",\"@id\":\"https:\/\/pacteceramic.es\/es_es\/#organization\",\"name\":\"Pacte Cer\u00e0mic\",\"url\":\"https:\/\/pacteceramic.es\/es_es\/\",\"logo\":{\"@type\":\"ImageObject\",\"inLanguage\":\"va-ES\",\"@id\":\"https:\/\/pacteceramic.es\/es_es\/#\/schema\/logo\/image\/\",\"url\":\"https:\/\/pacteceramic.es\/wp-content\/uploads\/2023\/05\/menulogo.png\",\"contentUrl\":\"https:\/\/pacteceramic.es\/wp-content\/uploads\/2023\/05\/menulogo.png\",\"width\":249,\"height\":80,\"caption\":\"Pacte Cer\u00e0mic\"},\"image\":{\"@id\":\"https:\/\/pacteceramic.es\/es_es\/#\/schema\/logo\/image\/\"},\"sameAs\":[\"https:\/\/www.facebook.com\/pacteceramic\/\",\"https:\/\/x.com\/pacteceramic\",\"https:\/\/www.instagram.com\/pacteceramic\/\",\"https:\/\/www.linkedin.com\/company\/pactemunicipisceramics\/\"]},{\"@type\":\"Person\",\"@id\":\"https:\/\/pacteceramic.es\/es_es\/#\/schema\/person\/d8757e82992b54387f1f96b63e3434af\",\"name\":\"Pacteceramic\",\"image\":{\"@type\":\"ImageObject\",\"inLanguage\":\"va-ES\",\"@id\":\"https:\/\/pacteceramic.es\/es_es\/#\/schema\/person\/image\/\",\"url\":\"https:\/\/secure.gravatar.com\/avatar\/add03c3ae52e6d8ee8c27f9a7cdeaf18899ffc6cc348538526bfcb9ba78343ff?s=96&d=mm&r=g\",\"contentUrl\":\"https:\/\/secure.gravatar.com\/avatar\/add03c3ae52e6d8ee8c27f9a7cdeaf18899ffc6cc348538526bfcb9ba78343ff?s=96&d=mm&r=g\",\"caption\":\"Pacteceramic\"},\"sameAs\":[\"http:\/\/pacteceramic.es\"],\"url\":\"https:\/\/pacteceramic.es\/va_es\/author\/pacteceramic\/\"}]}<\/script>\n<!-- \/ Yoast SEO plugin. -->","yoast_head_json":{"title":"El Pacto por el Empleo de los Municipios Cer\u00e1micos busca profesionales para cubrir las ofertas de empleo de las empresas del cl\u00faster cer\u00e1mico de la provincia - Pacte Cer\u00e0mic","robots":{"index":"index","follow":"follow","max-snippet":"max-snippet:-1","max-image-preview":"max-image-preview:large","max-video-preview":"max-video-preview:-1"},"canonical":"https:\/\/pacteceramic.es\/va_es\/el-pacto-por-el-empleo-de-los-municipios-ceramicos-busca-profesionales-para-cubrir-las-ofertas-de-empleo-de-las-empresas-del-cluster-ceramico-de-la-provincia\/","og_locale":"en_US","og_type":"article","og_title":"El Pacto por el Empleo de los Municipios Cer\u00e1micos busca profesionales para cubrir las ofertas de empleo de las empresas del cl\u00faster cer\u00e1mico de la provincia - Pacte Cer\u00e0mic","og_url":"https:\/\/pacteceramic.es\/va_es\/el-pacto-por-el-empleo-de-los-municipios-ceramicos-busca-profesionales-para-cubrir-las-ofertas-de-empleo-de-las-empresas-del-cluster-ceramico-de-la-provincia\/","og_site_name":"Pacte Cer\u00e0mic","article_publisher":"https:\/\/www.facebook.com\/pacteceramic\/","article_published_time":"2023-06-19T10:23:01+00:00","article_modified_time":"2023-06-21T10:49:19+00:00","og_image":[{"width":2233,"height":1453,"url":"https:\/\/pacteceramic.es\/wp-content\/uploads\/2023\/06\/NP-PORTAL-EMPLEO-PC.jpg","type":"image\/jpeg"}],"author":"Pacteceramic","twitter_card":"summary_large_image","twitter_creator":"@pacteceramic","twitter_site":"@pacteceramic","twitter_misc":{"Written by":"Pacteceramic","Est. reading time":"2 minutes"},"schema":{"@context":"https:\/\/schema.org","@graph":[{"@type":"Article","@id":"https:\/\/pacteceramic.es\/el-pacto-por-el-empleo-de-los-municipios-ceramicos-busca-profesionales-para-cubrir-las-ofertas-de-empleo-de-las-empresas-del-cluster-ceramico-de-la-provincia\/#article","isPartOf":{"@id":"https:\/\/pacteceramic.es\/el-pacto-por-el-empleo-de-los-municipios-ceramicos-busca-profesionales-para-cubrir-las-ofertas-de-empleo-de-las-empresas-del-cluster-ceramico-de-la-provincia\/"},"author":{"name":"Pacteceramic","@id":"https:\/\/pacteceramic.es\/es_es\/#\/schema\/person\/d8757e82992b54387f1f96b63e3434af"},"headline":"El Pacto por el Empleo de los Municipios Cer\u00e1micos busca profesionales para cubrir las ofertas de empleo de las empresas del cl\u00faster cer\u00e1mico de la provincia","datePublished":"2023-06-19T10:23:01+00:00","dateModified":"2023-06-21T10:49:19+00:00","mainEntityOfPage":{"@id":"https:\/\/pacteceramic.es\/el-pacto-por-el-empleo-de-los-municipios-ceramicos-busca-profesionales-para-cubrir-las-ofertas-de-empleo-de-las-empresas-del-cluster-ceramico-de-la-provincia\/"},"wordCount":412,"commentCount":0,"publisher":{"@id":"https:\/\/pacteceramic.es\/es_es\/#organization"},"image":{"@id":"https:\/\/pacteceramic.es\/el-pacto-por-el-empleo-de-los-municipios-ceramicos-busca-profesionales-para-cubrir-las-ofertas-de-empleo-de-las-empresas-del-cluster-ceramico-de-la-provincia\/#primaryimage"},"thumbnailUrl":"https:\/\/pacteceramic.es\/wp-content\/uploads\/2023\/06\/NP-PORTAL-EMPLEO-PC.jpg","keywords":["castell\u00f3n","EMPLEO","ocupaci\u00f3n","PACTE CERAMIC","pacto cer\u00e1mico","portal web","trabajo"],"articleSection":["Noticies@ca"],"inLanguage":"va-ES","potentialAction":[{"@type":"CommentAction","name":"Comment","target":["https:\/\/pacteceramic.es\/el-pacto-por-el-empleo-de-los-municipios-ceramicos-busca-profesionales-para-cubrir-las-ofertas-de-empleo-de-las-empresas-del-cluster-ceramico-de-la-provincia\/#respond"]}]},{"@type":"WebPage","@id":"https:\/\/pacteceramic.es\/el-pacto-por-el-empleo-de-los-municipios-ceramicos-busca-profesionales-para-cubrir-las-ofertas-de-empleo-de-las-empresas-del-cluster-ceramico-de-la-provincia\/","url":"https:\/\/pacteceramic.es\/el-pacto-por-el-empleo-de-los-municipios-ceramicos-busca-profesionales-para-cubrir-las-ofertas-de-empleo-de-las-empresas-del-cluster-ceramico-de-la-provincia\/","name":"El Pacto por el Empleo de los Municipios Cer\u00e1micos busca profesionales para cubrir las ofertas de empleo de las empresas del cl\u00faster cer\u00e1mico de la provincia - Pacte Cer\u00e0mic","isPartOf":{"@id":"https:\/\/pacteceramic.es\/es_es\/#website"},"primaryImageOfPage":{"@id":"https:\/\/pacteceramic.es\/el-pacto-por-el-empleo-de-los-municipios-ceramicos-busca-profesionales-para-cubrir-las-ofertas-de-empleo-de-las-empresas-del-cluster-ceramico-de-la-provincia\/#primaryimage"},"image":{"@id":"https:\/\/pacteceramic.es\/el-pacto-por-el-empleo-de-los-municipios-ceramicos-busca-profesionales-para-cubrir-las-ofertas-de-empleo-de-las-empresas-del-cluster-ceramico-de-la-provincia\/#primaryimage"},"thumbnailUrl":"https:\/\/pacteceramic.es\/wp-content\/uploads\/2023\/06\/NP-PORTAL-EMPLEO-PC.jpg","datePublished":"2023-06-19T10:23:01+00:00","dateModified":"2023-06-21T10:49:19+00:00","breadcrumb":{"@id":"https:\/\/pacteceramic.es\/el-pacto-por-el-empleo-de-los-municipios-ceramicos-busca-profesionales-para-cubrir-las-ofertas-de-empleo-de-las-empresas-del-cluster-ceramico-de-la-provincia\/#breadcrumb"},"inLanguage":"va-ES","potentialAction":[{"@type":"ReadAction","target":["https:\/\/pacteceramic.es\/el-pacto-por-el-empleo-de-los-municipios-ceramicos-busca-profesionales-para-cubrir-las-ofertas-de-empleo-de-las-empresas-del-cluster-ceramico-de-la-provincia\/"]}]},{"@type":"ImageObject","inLanguage":"va-ES","@id":"https:\/\/pacteceramic.es\/el-pacto-por-el-empleo-de-los-municipios-ceramicos-busca-profesionales-para-cubrir-las-ofertas-de-empleo-de-las-empresas-del-cluster-ceramico-de-la-provincia\/#primaryimage","url":"https:\/\/pacteceramic.es\/wp-content\/uploads\/2023\/06\/NP-PORTAL-EMPLEO-PC.jpg","contentUrl":"https:\/\/pacteceramic.es\/wp-content\/uploads\/2023\/06\/NP-PORTAL-EMPLEO-PC.jpg","width":2233,"height":1453,"caption":"Dise\u00f1o sin t\u00edtulo - 1"},{"@type":"BreadcrumbList","@id":"https:\/\/pacteceramic.es\/el-pacto-por-el-empleo-de-los-municipios-ceramicos-busca-profesionales-para-cubrir-las-ofertas-de-empleo-de-las-empresas-del-cluster-ceramico-de-la-provincia\/#breadcrumb","itemListElement":[{"@type":"ListItem","position":1,"name":"Portada","item":"https:\/\/pacteceramic.es\/"},{"@type":"ListItem","position":2,"name":"El Pacto por el Empleo de los Municipios Cer\u00e1micos busca profesionales para cubrir las ofertas de empleo de las empresas del cl\u00faster cer\u00e1mico de la provincia"}]},{"@type":"WebSite","@id":"https:\/\/pacteceramic.es\/es_es\/#website","url":"https:\/\/pacteceramic.es\/es_es\/","name":"Pacte Cer\u00e0mic","description":"Pacte Cer\u00e0mic","publisher":{"@id":"https:\/\/pacteceramic.es\/es_es\/#organization"},"potentialAction":[{"@type":"SearchAction","target":{"@type":"EntryPoint","urlTemplate":"https:\/\/pacteceramic.es\/es_es\/?s={search_term_string}"},"query-input":"required name=search_term_string"}],"inLanguage":"va-ES"},{"@type":"Organization","@id":"https:\/\/pacteceramic.es\/es_es\/#organization","name":"Pacte Cer\u00e0mic","url":"https:\/\/pacteceramic.es\/es_es\/","logo":{"@type":"ImageObject","inLanguage":"va-ES","@id":"https:\/\/pacteceramic.es\/es_es\/#\/schema\/logo\/image\/","url":"https:\/\/pacteceramic.es\/wp-content\/uploads\/2023\/05\/menulogo.png","contentUrl":"https:\/\/pacteceramic.es\/wp-content\/uploads\/2023\/05\/menulogo.png","width":249,"height":80,"caption":"Pacte Cer\u00e0mic"},"image":{"@id":"https:\/\/pacteceramic.es\/es_es\/#\/schema\/logo\/image\/"},"sameAs":["https:\/\/www.facebook.com\/pacteceramic\/","https:\/\/x.com\/pacteceramic","https:\/\/www.instagram.com\/pacteceramic\/","https:\/\/www.linkedin.com\/company\/pactemunicipisceramics\/"]},{"@type":"Person","@id":"https:\/\/pacteceramic.es\/es_es\/#\/schema\/person\/d8757e82992b54387f1f96b63e3434af","name":"Pacteceramic","image":{"@type":"ImageObject","inLanguage":"va-ES","@id":"https:\/\/pacteceramic.es\/es_es\/#\/schema\/person\/image\/","url":"https:\/\/secure.gravatar.com\/avatar\/add03c3ae52e6d8ee8c27f9a7cdeaf18899ffc6cc348538526bfcb9ba78343ff?s=96&d=mm&r=g","contentUrl":"https:\/\/secure.gravatar.com\/avatar\/add03c3ae52e6d8ee8c27f9a7cdeaf18899ffc6cc348538526bfcb9ba78343ff?s=96&d=mm&r=g","caption":"Pacteceramic"},"sameAs":["http:\/\/pacteceramic.es"],"url":"https:\/\/pacteceramic.es\/va_es\/author\/pacteceramic\/"}]}},"_links":{"self":[{"href":"https:\/\/pacteceramic.es\/va_es\/wp-json\/wp\/v2\/posts\/11865","targetHints":{"allow":["GET"]}}],"collection":[{"href":"https:\/\/pacteceramic.es\/va_es\/wp-json\/wp\/v2\/posts"}],"about":[{"href":"https:\/\/pacteceramic.es\/va_es\/wp-json\/wp\/v2\/types\/post"}],"author":[{"embeddable":true,"href":"https:\/\/pacteceramic.es\/va_es\/wp-json\/wp\/v2\/users\/1"}],"replies":[{"embeddable":true,"href":"https:\/\/pacteceramic.es\/va_es\/wp-json\/wp\/v2\/comments?post=11865"}],"version-history":[{"count":4,"href":"https:\/\/pacteceramic.es\/va_es\/wp-json\/wp\/v2\/posts\/11865\/revisions"}],"predecessor-version":[{"id":11874,"href":"https:\/\/pacteceramic.es\/va_es\/wp-json\/wp\/v2\/posts\/11865\/revisions\/11874"}],"wp:featuredmedia":[{"embeddable":true,"href":"https:\/\/pacteceramic.es\/va_es\/wp-json\/wp\/v2\/media\/11866"}],"wp:attachment":[{"href":"https:\/\/pacteceramic.es\/va_es\/wp-json\/wp\/v2\/media?parent=11865"}],"wp:term":[{"taxonomy":"category","embeddable":true,"href":"https:\/\/pacteceramic.es\/va_es\/wp-json\/wp\/v2\/categories?post=11865"},{"taxonomy":"post_tag","embeddable":true,"href":"https:\/\/pacteceramic.es\/va_es\/wp-json\/wp\/v2\/tags?post=11865"}],"curies":[{"name":"wp","href":"https:\/\/api.w.org\/{rel}","templated":true}]}}