{"id":11748,"date":"2023-05-02T13:48:15","date_gmt":"2023-05-02T11:48:15","guid":{"rendered":"https:\/\/www.pacteceramic.es\/?p=11368"},"modified":"2023-06-21T10:52:12","modified_gmt":"2023-06-21T10:52:12","slug":"el-pacte-per-locupacio-dels-municipis-ceramics-tramita-mes-de-202-000-euros-en-ajudes-per-a-persones-emprenedores-autonoms-i-pimes","status":"publish","type":"post","link":"https:\/\/pacteceramic.es\/va_es\/el-pacte-per-locupacio-dels-municipis-ceramics-tramita-mes-de-202-000-euros-en-ajudes-per-a-persones-emprenedores-autonoms-i-pimes\/","title":{"rendered":"El Pacte per l&#8217;Ocupaci\u00f3 dels Municipis Cer\u00e0mics tramita m\u00e9s de 202.000 euros en ajudes per a persones emprenedores, aut\u00f2noms i pimes."},"content":{"rendered":"<p><!--more--><\/p>\r\n\r\n\r\n\r\n<p><em>Els fons, que provenen de l&#8217;instrument financer NEXT GENERATION EU, tenen com a finalitat donar suport a la inversi\u00f3 i les reformes en els Estats membres per a aconseguir una recuperaci\u00f3 sostenible i resilient, al mateix temps que es promouen les prioritats ecol\u00f2giques i digitals de la UE<\/em><\/p>\r\n\r\n\r\n\r\n<p>&nbsp;<\/p>\r\n\r\n\r\n\r\n<p>El Pacte Territorial per l&#8217;Ocupaci\u00f3 dels Municipis Cer\u00e0mics ha aconseguit tramitar m\u00e9s de 202.000 euros en ajudes dirigides a emprenedors\/es i empreses a trav\u00e9s del seu servei gratu\u00eft d&#8217;assessorament a emprenedors i empreses. Les subvencions de major import han sigut les EUATOP 2022\/2023, amb 105.000 euros, emmarcades en els fons NEXT GENERATION EU. Aquesta actuaci\u00f3 se situa en la inversi\u00f3 \u00abNous projectes territorials per al reequilibri i l&#8217;equitat emprenedoria i microempreses\u00bb, i t\u00e9 per finalitat fomentar projectes d&#8217;emprenedoria que contribu\u00efsquen a la fixaci\u00f3 de poblaci\u00f3 en territoris en situaci\u00f3 o risc de despoblament i que afavorisquen l&#8217;economia verda i digital.<\/p>\r\n\r\n\r\n\r\n<p>&nbsp;<\/p>\r\n\r\n\r\n\r\n<p>Aix\u00ed mateix, el Pacte Cer\u00e0mic ha tramitat 50.400 euros de les subvencions ECOVUL 2022, del Servei Valenci\u00e0 d&#8217;Ocupaci\u00f3 i Formaci\u00f3 Labora, amb la finalitat de fomentar la contractaci\u00f3 de persones desocupades, especialment aquelles amb majors dificultats d&#8217;inserci\u00f3 en el mercat laboral .<\/p>\r\n\r\n\r\n\r\n<p>&nbsp;<\/p>\r\n\r\n\r\n\r\n<p>Quant a la iniciativa del Govern d&#8217;Espanya Kit Digital finan\u00e7at pels fons NEXT GENERATION EU per a proporcionar solucions digitals orientades a empreses menudes, microempreses i treballadors aut\u00f2noms que pertanguen a qualsevol sector o tipologia de negoci, el Consorci ha gestionat ajudes que han sumat 36.000 euros en 2022\/2023.<\/p>\r\n\r\n\r\n\r\n<p>&nbsp;<\/p>\r\n\r\n\r\n\r\n<p>D&#8217;altra banda, l&#8217;\u00e0rea d&#8217;assessorament a emprenedors i empreses tamb\u00e9 ha tramitat 5.700 euros procedents de les ajudes del Pla Reactiva impulsades per la Generalitat Valenciana i 5.000 euros de EUATOE 2022. Es tracta de subvencions destinades a persones desocupades que accedisquen al seu \u00fas a trav\u00e9s de la creaci\u00f3 d&#8217;activitat empresarial com a persona treballadora aut\u00f2noma en projectes innovadors per a l&#8217;exercici 2022. Aix\u00ed mateix, el Consorci tamb\u00e9 ha gestionat la sol\u00b7licitud de vint ajudes per al pagament del lloguer.<\/p>\r\n\r\n\r\n\r\n<p>&nbsp;<\/p>\r\n\r\n\r\n\r\n<p>Per a rebre assessorament o iniciar el procediment per a l&#8217;obtenci\u00f3 d&#8217;aquesta retribuci\u00f3 per a emprenedors de forma totalment gratu\u00efta, pots contactar a trav\u00e9s del correu electr\u00f2nic\u00a0creacionempresas@pacteceramic.es\u00a0o trucant al tel\u00e8fon 647 948 588.<\/p>","protected":false},"excerpt":{"rendered":"","protected":false},"author":1,"featured_media":11877,"comment_status":"closed","ping_status":"open","sticky":false,"template":"","format":"standard","meta":{"iawp_total_views":0,"footnotes":""},"categories":[8],"tags":[],"class_list":["post-11748","post","type-post","status-publish","format-standard","has-post-thumbnail","hentry","category-sin-categoria-ca"],"yoast_head":"<!-- This site is optimized with the Yoast SEO plugin v23.1 - https:\/\/yoast.com\/wordpress\/plugins\/seo\/ -->\n<title>El Pacte per l&#039;Ocupaci\u00f3 dels Municipis Cer\u00e0mics tramita m\u00e9s de 202.000 euros en ajudes per a persones emprenedores, aut\u00f2noms i pimes. - Pacte Cer\u00e0mic<\/title>\n<meta name=\"robots\" content=\"index, follow, max-snippet:-1, max-image-preview:large, max-video-preview:-1\" \/>\n<link rel=\"canonical\" href=\"https:\/\/pacteceramic.es\/va_es\/el-pacte-per-locupacio-dels-municipis-ceramics-tramita-mes-de-202-000-euros-en-ajudes-per-a-persones-emprenedores-autonoms-i-pimes\/\" \/>\n<meta property=\"og:locale\" content=\"en_US\" \/>\n<meta property=\"og:type\" content=\"article\" \/>\n<meta property=\"og:title\" content=\"El Pacte per l&#039;Ocupaci\u00f3 dels Municipis Cer\u00e0mics tramita m\u00e9s de 202.000 euros en ajudes per a persones emprenedores, aut\u00f2noms i pimes. - Pacte Cer\u00e0mic\" \/>\n<meta property=\"og:url\" content=\"https:\/\/pacteceramic.es\/va_es\/el-pacte-per-locupacio-dels-municipis-ceramics-tramita-mes-de-202-000-euros-en-ajudes-per-a-persones-emprenedores-autonoms-i-pimes\/\" \/>\n<meta property=\"og:site_name\" content=\"Pacte Cer\u00e0mic\" \/>\n<meta property=\"article:publisher\" content=\"https:\/\/www.facebook.com\/pacteceramic\/\" \/>\n<meta property=\"article:published_time\" content=\"2023-05-02T11:48:15+00:00\" \/>\n<meta property=\"article:modified_time\" content=\"2023-06-21T10:52:12+00:00\" \/>\n<meta property=\"og:image\" content=\"https:\/\/pacteceramic.es\/wp-content\/uploads\/2023\/05\/ASESORAMIENTO-scaled.jpg\" \/>\n\t<meta property=\"og:image:width\" content=\"2560\" \/>\n\t<meta property=\"og:image:height\" content=\"1920\" \/>\n\t<meta property=\"og:image:type\" content=\"image\/jpeg\" \/>\n<meta name=\"author\" content=\"Pacteceramic\" \/>\n<meta name=\"twitter:card\" content=\"summary_large_image\" \/>\n<meta name=\"twitter:creator\" content=\"@pacteceramic\" \/>\n<meta name=\"twitter:site\" content=\"@pacteceramic\" \/>\n<meta name=\"twitter:label1\" content=\"Written by\" \/>\n\t<meta name=\"twitter:data1\" content=\"Pacteceramic\" \/>\n\t<meta name=\"twitter:label2\" content=\"Est. reading time\" \/>\n\t<meta name=\"twitter:data2\" content=\"2 minutes\" \/>\n<script type=\"application\/ld+json\" class=\"yoast-schema-graph\">{\"@context\":\"https:\/\/schema.org\",\"@graph\":[{\"@type\":\"Article\",\"@id\":\"https:\/\/pacteceramic.es\/el-pacte-per-locupacio-dels-municipis-ceramics-tramita-mes-de-202-000-euros-en-ajudes-per-a-persones-emprenedores-autonoms-i-pimes\/#article\",\"isPartOf\":{\"@id\":\"https:\/\/pacteceramic.es\/el-pacte-per-locupacio-dels-municipis-ceramics-tramita-mes-de-202-000-euros-en-ajudes-per-a-persones-emprenedores-autonoms-i-pimes\/\"},\"author\":{\"name\":\"Pacteceramic\",\"@id\":\"https:\/\/pacteceramic.es\/es_es\/#\/schema\/person\/d8757e82992b54387f1f96b63e3434af\"},\"headline\":\"El Pacte per l&#8217;Ocupaci\u00f3 dels Municipis Cer\u00e0mics tramita m\u00e9s de 202.000 euros en ajudes per a persones emprenedores, aut\u00f2noms i pimes.\",\"datePublished\":\"2023-05-02T11:48:15+00:00\",\"dateModified\":\"2023-06-21T10:52:12+00:00\",\"mainEntityOfPage\":{\"@id\":\"https:\/\/pacteceramic.es\/el-pacte-per-locupacio-dels-municipis-ceramics-tramita-mes-de-202-000-euros-en-ajudes-per-a-persones-emprenedores-autonoms-i-pimes\/\"},\"wordCount\":403,\"publisher\":{\"@id\":\"https:\/\/pacteceramic.es\/es_es\/#organization\"},\"image\":{\"@id\":\"https:\/\/pacteceramic.es\/el-pacte-per-locupacio-dels-municipis-ceramics-tramita-mes-de-202-000-euros-en-ajudes-per-a-persones-emprenedores-autonoms-i-pimes\/#primaryimage\"},\"thumbnailUrl\":\"https:\/\/pacteceramic.es\/wp-content\/uploads\/2023\/05\/ASESORAMIENTO-scaled.jpg\",\"articleSection\":[\"Sin categor\u00eda @ca\"],\"inLanguage\":\"va-ES\"},{\"@type\":\"WebPage\",\"@id\":\"https:\/\/pacteceramic.es\/el-pacte-per-locupacio-dels-municipis-ceramics-tramita-mes-de-202-000-euros-en-ajudes-per-a-persones-emprenedores-autonoms-i-pimes\/\",\"url\":\"https:\/\/pacteceramic.es\/el-pacte-per-locupacio-dels-municipis-ceramics-tramita-mes-de-202-000-euros-en-ajudes-per-a-persones-emprenedores-autonoms-i-pimes\/\",\"name\":\"El Pacte per l'Ocupaci\u00f3 dels Municipis Cer\u00e0mics tramita m\u00e9s de 202.000 euros en ajudes per a persones emprenedores, aut\u00f2noms i pimes. - Pacte Cer\u00e0mic\",\"isPartOf\":{\"@id\":\"https:\/\/pacteceramic.es\/es_es\/#website\"},\"primaryImageOfPage\":{\"@id\":\"https:\/\/pacteceramic.es\/el-pacte-per-locupacio-dels-municipis-ceramics-tramita-mes-de-202-000-euros-en-ajudes-per-a-persones-emprenedores-autonoms-i-pimes\/#primaryimage\"},\"image\":{\"@id\":\"https:\/\/pacteceramic.es\/el-pacte-per-locupacio-dels-municipis-ceramics-tramita-mes-de-202-000-euros-en-ajudes-per-a-persones-emprenedores-autonoms-i-pimes\/#primaryimage\"},\"thumbnailUrl\":\"https:\/\/pacteceramic.es\/wp-content\/uploads\/2023\/05\/ASESORAMIENTO-scaled.jpg\",\"datePublished\":\"2023-05-02T11:48:15+00:00\",\"dateModified\":\"2023-06-21T10:52:12+00:00\",\"breadcrumb\":{\"@id\":\"https:\/\/pacteceramic.es\/el-pacte-per-locupacio-dels-municipis-ceramics-tramita-mes-de-202-000-euros-en-ajudes-per-a-persones-emprenedores-autonoms-i-pimes\/#breadcrumb\"},\"inLanguage\":\"va-ES\",\"potentialAction\":[{\"@type\":\"ReadAction\",\"target\":[\"https:\/\/pacteceramic.es\/el-pacte-per-locupacio-dels-municipis-ceramics-tramita-mes-de-202-000-euros-en-ajudes-per-a-persones-emprenedores-autonoms-i-pimes\/\"]}]},{\"@type\":\"ImageObject\",\"inLanguage\":\"va-ES\",\"@id\":\"https:\/\/pacteceramic.es\/el-pacte-per-locupacio-dels-municipis-ceramics-tramita-mes-de-202-000-euros-en-ajudes-per-a-persones-emprenedores-autonoms-i-pimes\/#primaryimage\",\"url\":\"https:\/\/pacteceramic.es\/wp-content\/uploads\/2023\/05\/ASESORAMIENTO-scaled.jpg\",\"contentUrl\":\"https:\/\/pacteceramic.es\/wp-content\/uploads\/2023\/05\/ASESORAMIENTO-scaled.jpg\",\"width\":2560,\"height\":1920},{\"@type\":\"BreadcrumbList\",\"@id\":\"https:\/\/pacteceramic.es\/el-pacte-per-locupacio-dels-municipis-ceramics-tramita-mes-de-202-000-euros-en-ajudes-per-a-persones-emprenedores-autonoms-i-pimes\/#breadcrumb\",\"itemListElement\":[{\"@type\":\"ListItem\",\"position\":1,\"name\":\"Portada\",\"item\":\"https:\/\/pacteceramic.es\/\"},{\"@type\":\"ListItem\",\"position\":2,\"name\":\"El Pacte per l&#8217;Ocupaci\u00f3 dels Municipis Cer\u00e0mics tramita m\u00e9s de 202.000 euros en ajudes per a persones emprenedores, aut\u00f2noms i pimes.\"}]},{\"@type\":\"WebSite\",\"@id\":\"https:\/\/pacteceramic.es\/es_es\/#website\",\"url\":\"https:\/\/pacteceramic.es\/es_es\/\",\"name\":\"Pacte Cer\u00e0mic\",\"description\":\"Pacte Cer\u00e0mic\",\"publisher\":{\"@id\":\"https:\/\/pacteceramic.es\/es_es\/#organization\"},\"potentialAction\":[{\"@type\":\"SearchAction\",\"target\":{\"@type\":\"EntryPoint\",\"urlTemplate\":\"https:\/\/pacteceramic.es\/es_es\/?s={search_term_string}\"},\"query-input\":\"required name=search_term_string\"}],\"inLanguage\":\"va-ES\"},{\"@type\":\"Organization\",\"@id\":\"https:\/\/pacteceramic.es\/es_es\/#organization\",\"name\":\"Pacte Cer\u00e0mic\",\"url\":\"https:\/\/pacteceramic.es\/es_es\/\",\"logo\":{\"@type\":\"ImageObject\",\"inLanguage\":\"va-ES\",\"@id\":\"https:\/\/pacteceramic.es\/es_es\/#\/schema\/logo\/image\/\",\"url\":\"https:\/\/pacteceramic.es\/wp-content\/uploads\/2023\/05\/menulogo.png\",\"contentUrl\":\"https:\/\/pacteceramic.es\/wp-content\/uploads\/2023\/05\/menulogo.png\",\"width\":249,\"height\":80,\"caption\":\"Pacte Cer\u00e0mic\"},\"image\":{\"@id\":\"https:\/\/pacteceramic.es\/es_es\/#\/schema\/logo\/image\/\"},\"sameAs\":[\"https:\/\/www.facebook.com\/pacteceramic\/\",\"https:\/\/x.com\/pacteceramic\",\"https:\/\/www.instagram.com\/pacteceramic\/\",\"https:\/\/www.linkedin.com\/company\/pactemunicipisceramics\/\"]},{\"@type\":\"Person\",\"@id\":\"https:\/\/pacteceramic.es\/es_es\/#\/schema\/person\/d8757e82992b54387f1f96b63e3434af\",\"name\":\"Pacteceramic\",\"image\":{\"@type\":\"ImageObject\",\"inLanguage\":\"va-ES\",\"@id\":\"https:\/\/pacteceramic.es\/es_es\/#\/schema\/person\/image\/\",\"url\":\"https:\/\/secure.gravatar.com\/avatar\/add03c3ae52e6d8ee8c27f9a7cdeaf18899ffc6cc348538526bfcb9ba78343ff?s=96&d=mm&r=g\",\"contentUrl\":\"https:\/\/secure.gravatar.com\/avatar\/add03c3ae52e6d8ee8c27f9a7cdeaf18899ffc6cc348538526bfcb9ba78343ff?s=96&d=mm&r=g\",\"caption\":\"Pacteceramic\"},\"sameAs\":[\"http:\/\/pacteceramic.es\"],\"url\":\"https:\/\/pacteceramic.es\/va_es\/author\/pacteceramic\/\"}]}<\/script>\n<!-- \/ Yoast SEO plugin. -->","yoast_head_json":{"title":"El Pacte per l'Ocupaci\u00f3 dels Municipis Cer\u00e0mics tramita m\u00e9s de 202.000 euros en ajudes per a persones emprenedores, aut\u00f2noms i pimes. - Pacte Cer\u00e0mic","robots":{"index":"index","follow":"follow","max-snippet":"max-snippet:-1","max-image-preview":"max-image-preview:large","max-video-preview":"max-video-preview:-1"},"canonical":"https:\/\/pacteceramic.es\/va_es\/el-pacte-per-locupacio-dels-municipis-ceramics-tramita-mes-de-202-000-euros-en-ajudes-per-a-persones-emprenedores-autonoms-i-pimes\/","og_locale":"en_US","og_type":"article","og_title":"El Pacte per l'Ocupaci\u00f3 dels Municipis Cer\u00e0mics tramita m\u00e9s de 202.000 euros en ajudes per a persones emprenedores, aut\u00f2noms i pimes. - Pacte Cer\u00e0mic","og_url":"https:\/\/pacteceramic.es\/va_es\/el-pacte-per-locupacio-dels-municipis-ceramics-tramita-mes-de-202-000-euros-en-ajudes-per-a-persones-emprenedores-autonoms-i-pimes\/","og_site_name":"Pacte Cer\u00e0mic","article_publisher":"https:\/\/www.facebook.com\/pacteceramic\/","article_published_time":"2023-05-02T11:48:15+00:00","article_modified_time":"2023-06-21T10:52:12+00:00","og_image":[{"width":2560,"height":1920,"url":"https:\/\/pacteceramic.es\/wp-content\/uploads\/2023\/05\/ASESORAMIENTO-scaled.jpg","type":"image\/jpeg"}],"author":"Pacteceramic","twitter_card":"summary_large_image","twitter_creator":"@pacteceramic","twitter_site":"@pacteceramic","twitter_misc":{"Written by":"Pacteceramic","Est. reading time":"2 minutes"},"schema":{"@context":"https:\/\/schema.org","@graph":[{"@type":"Article","@id":"https:\/\/pacteceramic.es\/el-pacte-per-locupacio-dels-municipis-ceramics-tramita-mes-de-202-000-euros-en-ajudes-per-a-persones-emprenedores-autonoms-i-pimes\/#article","isPartOf":{"@id":"https:\/\/pacteceramic.es\/el-pacte-per-locupacio-dels-municipis-ceramics-tramita-mes-de-202-000-euros-en-ajudes-per-a-persones-emprenedores-autonoms-i-pimes\/"},"author":{"name":"Pacteceramic","@id":"https:\/\/pacteceramic.es\/es_es\/#\/schema\/person\/d8757e82992b54387f1f96b63e3434af"},"headline":"El Pacte per l&#8217;Ocupaci\u00f3 dels Municipis Cer\u00e0mics tramita m\u00e9s de 202.000 euros en ajudes per a persones emprenedores, aut\u00f2noms i pimes.","datePublished":"2023-05-02T11:48:15+00:00","dateModified":"2023-06-21T10:52:12+00:00","mainEntityOfPage":{"@id":"https:\/\/pacteceramic.es\/el-pacte-per-locupacio-dels-municipis-ceramics-tramita-mes-de-202-000-euros-en-ajudes-per-a-persones-emprenedores-autonoms-i-pimes\/"},"wordCount":403,"publisher":{"@id":"https:\/\/pacteceramic.es\/es_es\/#organization"},"image":{"@id":"https:\/\/pacteceramic.es\/el-pacte-per-locupacio-dels-municipis-ceramics-tramita-mes-de-202-000-euros-en-ajudes-per-a-persones-emprenedores-autonoms-i-pimes\/#primaryimage"},"thumbnailUrl":"https:\/\/pacteceramic.es\/wp-content\/uploads\/2023\/05\/ASESORAMIENTO-scaled.jpg","articleSection":["Sin categor\u00eda @ca"],"inLanguage":"va-ES"},{"@type":"WebPage","@id":"https:\/\/pacteceramic.es\/el-pacte-per-locupacio-dels-municipis-ceramics-tramita-mes-de-202-000-euros-en-ajudes-per-a-persones-emprenedores-autonoms-i-pimes\/","url":"https:\/\/pacteceramic.es\/el-pacte-per-locupacio-dels-municipis-ceramics-tramita-mes-de-202-000-euros-en-ajudes-per-a-persones-emprenedores-autonoms-i-pimes\/","name":"El Pacte per l'Ocupaci\u00f3 dels Municipis Cer\u00e0mics tramita m\u00e9s de 202.000 euros en ajudes per a persones emprenedores, aut\u00f2noms i pimes. - Pacte Cer\u00e0mic","isPartOf":{"@id":"https:\/\/pacteceramic.es\/es_es\/#website"},"primaryImageOfPage":{"@id":"https:\/\/pacteceramic.es\/el-pacte-per-locupacio-dels-municipis-ceramics-tramita-mes-de-202-000-euros-en-ajudes-per-a-persones-emprenedores-autonoms-i-pimes\/#primaryimage"},"image":{"@id":"https:\/\/pacteceramic.es\/el-pacte-per-locupacio-dels-municipis-ceramics-tramita-mes-de-202-000-euros-en-ajudes-per-a-persones-emprenedores-autonoms-i-pimes\/#primaryimage"},"thumbnailUrl":"https:\/\/pacteceramic.es\/wp-content\/uploads\/2023\/05\/ASESORAMIENTO-scaled.jpg","datePublished":"2023-05-02T11:48:15+00:00","dateModified":"2023-06-21T10:52:12+00:00","breadcrumb":{"@id":"https:\/\/pacteceramic.es\/el-pacte-per-locupacio-dels-municipis-ceramics-tramita-mes-de-202-000-euros-en-ajudes-per-a-persones-emprenedores-autonoms-i-pimes\/#breadcrumb"},"inLanguage":"va-ES","potentialAction":[{"@type":"ReadAction","target":["https:\/\/pacteceramic.es\/el-pacte-per-locupacio-dels-municipis-ceramics-tramita-mes-de-202-000-euros-en-ajudes-per-a-persones-emprenedores-autonoms-i-pimes\/"]}]},{"@type":"ImageObject","inLanguage":"va-ES","@id":"https:\/\/pacteceramic.es\/el-pacte-per-locupacio-dels-municipis-ceramics-tramita-mes-de-202-000-euros-en-ajudes-per-a-persones-emprenedores-autonoms-i-pimes\/#primaryimage","url":"https:\/\/pacteceramic.es\/wp-content\/uploads\/2023\/05\/ASESORAMIENTO-scaled.jpg","contentUrl":"https:\/\/pacteceramic.es\/wp-content\/uploads\/2023\/05\/ASESORAMIENTO-scaled.jpg","width":2560,"height":1920},{"@type":"BreadcrumbList","@id":"https:\/\/pacteceramic.es\/el-pacte-per-locupacio-dels-municipis-ceramics-tramita-mes-de-202-000-euros-en-ajudes-per-a-persones-emprenedores-autonoms-i-pimes\/#breadcrumb","itemListElement":[{"@type":"ListItem","position":1,"name":"Portada","item":"https:\/\/pacteceramic.es\/"},{"@type":"ListItem","position":2,"name":"El Pacte per l&#8217;Ocupaci\u00f3 dels Municipis Cer\u00e0mics tramita m\u00e9s de 202.000 euros en ajudes per a persones emprenedores, aut\u00f2noms i pimes."}]},{"@type":"WebSite","@id":"https:\/\/pacteceramic.es\/es_es\/#website","url":"https:\/\/pacteceramic.es\/es_es\/","name":"Pacte Cer\u00e0mic","description":"Pacte Cer\u00e0mic","publisher":{"@id":"https:\/\/pacteceramic.es\/es_es\/#organization"},"potentialAction":[{"@type":"SearchAction","target":{"@type":"EntryPoint","urlTemplate":"https:\/\/pacteceramic.es\/es_es\/?s={search_term_string}"},"query-input":"required name=search_term_string"}],"inLanguage":"va-ES"},{"@type":"Organization","@id":"https:\/\/pacteceramic.es\/es_es\/#organization","name":"Pacte Cer\u00e0mic","url":"https:\/\/pacteceramic.es\/es_es\/","logo":{"@type":"ImageObject","inLanguage":"va-ES","@id":"https:\/\/pacteceramic.es\/es_es\/#\/schema\/logo\/image\/","url":"https:\/\/pacteceramic.es\/wp-content\/uploads\/2023\/05\/menulogo.png","contentUrl":"https:\/\/pacteceramic.es\/wp-content\/uploads\/2023\/05\/menulogo.png","width":249,"height":80,"caption":"Pacte Cer\u00e0mic"},"image":{"@id":"https:\/\/pacteceramic.es\/es_es\/#\/schema\/logo\/image\/"},"sameAs":["https:\/\/www.facebook.com\/pacteceramic\/","https:\/\/x.com\/pacteceramic","https:\/\/www.instagram.com\/pacteceramic\/","https:\/\/www.linkedin.com\/company\/pactemunicipisceramics\/"]},{"@type":"Person","@id":"https:\/\/pacteceramic.es\/es_es\/#\/schema\/person\/d8757e82992b54387f1f96b63e3434af","name":"Pacteceramic","image":{"@type":"ImageObject","inLanguage":"va-ES","@id":"https:\/\/pacteceramic.es\/es_es\/#\/schema\/person\/image\/","url":"https:\/\/secure.gravatar.com\/avatar\/add03c3ae52e6d8ee8c27f9a7cdeaf18899ffc6cc348538526bfcb9ba78343ff?s=96&d=mm&r=g","contentUrl":"https:\/\/secure.gravatar.com\/avatar\/add03c3ae52e6d8ee8c27f9a7cdeaf18899ffc6cc348538526bfcb9ba78343ff?s=96&d=mm&r=g","caption":"Pacteceramic"},"sameAs":["http:\/\/pacteceramic.es"],"url":"https:\/\/pacteceramic.es\/va_es\/author\/pacteceramic\/"}]}},"_links":{"self":[{"href":"https:\/\/pacteceramic.es\/va_es\/wp-json\/wp\/v2\/posts\/11748","targetHints":{"allow":["GET"]}}],"collection":[{"href":"https:\/\/pacteceramic.es\/va_es\/wp-json\/wp\/v2\/posts"}],"about":[{"href":"https:\/\/pacteceramic.es\/va_es\/wp-json\/wp\/v2\/types\/post"}],"author":[{"embeddable":true,"href":"https:\/\/pacteceramic.es\/va_es\/wp-json\/wp\/v2\/users\/1"}],"replies":[{"embeddable":true,"href":"https:\/\/pacteceramic.es\/va_es\/wp-json\/wp\/v2\/comments?post=11748"}],"version-history":[{"count":2,"href":"https:\/\/pacteceramic.es\/va_es\/wp-json\/wp\/v2\/posts\/11748\/revisions"}],"predecessor-version":[{"id":11880,"href":"https:\/\/pacteceramic.es\/va_es\/wp-json\/wp\/v2\/posts\/11748\/revisions\/11880"}],"wp:featuredmedia":[{"embeddable":true,"href":"https:\/\/pacteceramic.es\/va_es\/wp-json\/wp\/v2\/media\/11877"}],"wp:attachment":[{"href":"https:\/\/pacteceramic.es\/va_es\/wp-json\/wp\/v2\/media?parent=11748"}],"wp:term":[{"taxonomy":"category","embeddable":true,"href":"https:\/\/pacteceramic.es\/va_es\/wp-json\/wp\/v2\/categories?post=11748"},{"taxonomy":"post_tag","embeddable":true,"href":"https:\/\/pacteceramic.es\/va_es\/wp-json\/wp\/v2\/tags?post=11748"}],"curies":[{"name":"wp","href":"https:\/\/api.w.org\/{rel}","templated":true}]}}