{"id":11744,"date":"2023-05-02T13:44:49","date_gmt":"2023-05-02T11:44:49","guid":{"rendered":"https:\/\/www.pacteceramic.es\/?p=11373"},"modified":"2023-06-21T10:53:35","modified_gmt":"2023-06-21T10:53:35","slug":"el-pacte-per-locupacio-dels-municipis-ceramics-activara-un-portaldocupacio-per-a-facilitar-la-insercio-laboral-en-el-territori","status":"publish","type":"post","link":"https:\/\/pacteceramic.es\/va_es\/el-pacte-per-locupacio-dels-municipis-ceramics-activara-un-portaldocupacio-per-a-facilitar-la-insercio-laboral-en-el-territori\/","title":{"rendered":"El Pacte per l&#8217;Ocupaci\u00f3 dels Municipis Cer\u00e0mics activar\u00e0 un portal d&#8217;ocupaci\u00f3 per a facilitar la inserci\u00f3 laboral en el territori"},"content":{"rendered":"<p style=\"text-align: center;\"><a href=\"https:\/\/www.pacteceramic.es\/wp-content\/uploads\/2023\/05\/PORTAL-EMPLEO-1.png\"><img loading=\"lazy\" decoding=\"async\" class=\"size-medium wp-image-11374 alignnone\" src=\"https:\/\/pacteceramic.es\/wp-content\/uploads\/2023\/05\/PORTAL-EMPLEO-1-300x200.png\" alt=\"\" width=\"300\" height=\"200\" \/><\/a><\/p>\r\n\r\n<p><!--more--><\/p>\r\n\r\n<p>El termini d&#8217;inscripcions per als grups Reincorpora-T de formaci\u00f3 en cer\u00e0mica digital continuen<br \/>oberts per a les persones demandants d&#8217;ocupaci\u00f3 en els municipis consorciats<\/p>\r\n<p>&nbsp;<\/p>\r\n<p>El Pacte Territorial per l&#8217;Ocupaci\u00f3 dels Municipis Cer\u00e0mics ha activat un portal web d&#8217;ocupaci\u00f3 per<br \/>a facilitar la inserci\u00f3 laboral en el territori, un servei gratu\u00eft en l\u00ednia per a les persones en cerca<br \/>activa de treball i, al seu torn, per a les empreses que busquen perfils professionals que millor<br \/>s&#8217;adapten a les seues necessitats. El Consorci tamb\u00e9 inclour\u00e0 en la plataforma web, l&#8217;acc\u00e9s p\u00fablic<br \/>de la qual estar\u00e0 disponible pr\u00f2ximament, tota la seua oferta formativa juntament amb continguts<br \/>en orientaci\u00f3, inserci\u00f3 laboral i emprenedoria.<\/p>\r\n<p>A m\u00e9s, el Pacte ha iniciat recentment el seu nou projecte \u201cDESENVOLUPA-T: Emprenedoria,<br \/>Ocupaci\u00f3 i Formaci\u00f3\u201d, en el qual s&#8217;han creat els grups de formaci\u00f3 espec\u00edfica en cer\u00e0mica digital<br \/>Reincorpora-T, per als quals segueix obert el termini d&#8217;inscripcions. Aquesta formaci\u00f3 est\u00e0 dirigida<br \/>a persones desocupades que formen part dels municipis consorciats i que tinguen inter\u00e9s per<br \/>reincorporar-se en el mercat laboral, en concret en empreses del cl\u00faster cer\u00e0mic.<\/p>\r\n<p>Els grups gratu\u00efts, impartits en els municipis d&#8217;Almassora, l&#8217;Alcora i Borriana, tenen per objectiu<br \/>proporcionar els coneixements i eines teoricopr\u00e0ctiques necess\u00e0ries per al desenvolupament i<br \/>impressi\u00f3 de dissenys adaptats a la tecnologia Inkjet (gesti\u00f3 de color, Photoshop b\u00e0sic, perfils<br \/>cer\u00e0mics, tons&#8230;), aix\u00ed com el funcionament i \u00fas de les m\u00e0quines Inkjet, l&#8217;evoluci\u00f3 de la producci\u00f3<br \/>cer\u00e0mica fins a la tecnologia actual i el I+D+I que s&#8217;est\u00e0 implementant de cara al futur. D&#8217;altra<br \/>banda, durant les sessions tamb\u00e9 es treballaran les habilitats i aptituds de l&#8217;alumnat en l&#8217;entorn<br \/>laboral i entrevistes de treball.<\/p>","protected":false},"excerpt":{"rendered":"","protected":false},"author":1,"featured_media":11881,"comment_status":"closed","ping_status":"open","sticky":false,"template":"","format":"standard","meta":{"iawp_total_views":3,"footnotes":""},"categories":[8],"tags":[],"class_list":["post-11744","post","type-post","status-publish","format-standard","has-post-thumbnail","hentry","category-sin-categoria-ca"],"yoast_head":"<!-- This site is optimized with the Yoast SEO plugin v23.1 - https:\/\/yoast.com\/wordpress\/plugins\/seo\/ -->\n<title>El Pacte per l&#039;Ocupaci\u00f3 dels Municipis Cer\u00e0mics activar\u00e0 un portal d&#039;ocupaci\u00f3 per a facilitar la inserci\u00f3 laboral en el territori - Pacte Cer\u00e0mic<\/title>\n<meta name=\"robots\" content=\"index, follow, max-snippet:-1, max-image-preview:large, max-video-preview:-1\" \/>\n<link rel=\"canonical\" href=\"https:\/\/pacteceramic.es\/va_es\/el-pacte-per-locupacio-dels-municipis-ceramics-activara-un-portaldocupacio-per-a-facilitar-la-insercio-laboral-en-el-territori\/\" \/>\n<meta property=\"og:locale\" content=\"en_US\" \/>\n<meta property=\"og:type\" content=\"article\" \/>\n<meta property=\"og:title\" content=\"El Pacte per l&#039;Ocupaci\u00f3 dels Municipis Cer\u00e0mics activar\u00e0 un portal d&#039;ocupaci\u00f3 per a facilitar la inserci\u00f3 laboral en el territori - Pacte Cer\u00e0mic\" \/>\n<meta property=\"og:url\" content=\"https:\/\/pacteceramic.es\/va_es\/el-pacte-per-locupacio-dels-municipis-ceramics-activara-un-portaldocupacio-per-a-facilitar-la-insercio-laboral-en-el-territori\/\" \/>\n<meta property=\"og:site_name\" content=\"Pacte Cer\u00e0mic\" \/>\n<meta property=\"article:publisher\" content=\"https:\/\/www.facebook.com\/pacteceramic\/\" \/>\n<meta property=\"article:published_time\" content=\"2023-05-02T11:44:49+00:00\" \/>\n<meta property=\"article:modified_time\" content=\"2023-06-21T10:53:35+00:00\" \/>\n<meta property=\"og:image\" content=\"https:\/\/pacteceramic.es\/wp-content\/uploads\/2023\/05\/IMAGEN-CABECERA.png\" \/>\n\t<meta property=\"og:image:width\" content=\"3250\" \/>\n\t<meta property=\"og:image:height\" content=\"1050\" \/>\n\t<meta property=\"og:image:type\" content=\"image\/png\" \/>\n<meta name=\"author\" content=\"Pacteceramic\" \/>\n<meta name=\"twitter:card\" content=\"summary_large_image\" \/>\n<meta name=\"twitter:creator\" content=\"@pacteceramic\" \/>\n<meta name=\"twitter:site\" content=\"@pacteceramic\" \/>\n<meta name=\"twitter:label1\" content=\"Written by\" \/>\n\t<meta name=\"twitter:data1\" content=\"Pacteceramic\" \/>\n\t<meta name=\"twitter:label2\" content=\"Est. reading time\" \/>\n\t<meta name=\"twitter:data2\" content=\"2 minutes\" \/>\n<script type=\"application\/ld+json\" class=\"yoast-schema-graph\">{\"@context\":\"https:\/\/schema.org\",\"@graph\":[{\"@type\":\"Article\",\"@id\":\"https:\/\/pacteceramic.es\/el-pacte-per-locupacio-dels-municipis-ceramics-activara-un-portaldocupacio-per-a-facilitar-la-insercio-laboral-en-el-territori\/#article\",\"isPartOf\":{\"@id\":\"https:\/\/pacteceramic.es\/el-pacte-per-locupacio-dels-municipis-ceramics-activara-un-portaldocupacio-per-a-facilitar-la-insercio-laboral-en-el-territori\/\"},\"author\":{\"name\":\"Pacteceramic\",\"@id\":\"https:\/\/pacteceramic.es\/es_es\/#\/schema\/person\/d8757e82992b54387f1f96b63e3434af\"},\"headline\":\"El Pacte per l&#8217;Ocupaci\u00f3 dels Municipis Cer\u00e0mics activar\u00e0 un portal d&#8217;ocupaci\u00f3 per a facilitar la inserci\u00f3 laboral en el territori\",\"datePublished\":\"2023-05-02T11:44:49+00:00\",\"dateModified\":\"2023-06-21T10:53:35+00:00\",\"mainEntityOfPage\":{\"@id\":\"https:\/\/pacteceramic.es\/el-pacte-per-locupacio-dels-municipis-ceramics-activara-un-portaldocupacio-per-a-facilitar-la-insercio-laboral-en-el-territori\/\"},\"wordCount\":317,\"publisher\":{\"@id\":\"https:\/\/pacteceramic.es\/es_es\/#organization\"},\"image\":{\"@id\":\"https:\/\/pacteceramic.es\/el-pacte-per-locupacio-dels-municipis-ceramics-activara-un-portaldocupacio-per-a-facilitar-la-insercio-laboral-en-el-territori\/#primaryimage\"},\"thumbnailUrl\":\"https:\/\/pacteceramic.es\/wp-content\/uploads\/2023\/05\/IMAGEN-CABECERA-e1687427413428.png\",\"articleSection\":[\"Sin categor\u00eda @ca\"],\"inLanguage\":\"va-ES\"},{\"@type\":\"WebPage\",\"@id\":\"https:\/\/pacteceramic.es\/el-pacte-per-locupacio-dels-municipis-ceramics-activara-un-portaldocupacio-per-a-facilitar-la-insercio-laboral-en-el-territori\/\",\"url\":\"https:\/\/pacteceramic.es\/el-pacte-per-locupacio-dels-municipis-ceramics-activara-un-portaldocupacio-per-a-facilitar-la-insercio-laboral-en-el-territori\/\",\"name\":\"El Pacte per l'Ocupaci\u00f3 dels Municipis Cer\u00e0mics activar\u00e0 un portal d'ocupaci\u00f3 per a facilitar la inserci\u00f3 laboral en el territori - Pacte Cer\u00e0mic\",\"isPartOf\":{\"@id\":\"https:\/\/pacteceramic.es\/es_es\/#website\"},\"primaryImageOfPage\":{\"@id\":\"https:\/\/pacteceramic.es\/el-pacte-per-locupacio-dels-municipis-ceramics-activara-un-portaldocupacio-per-a-facilitar-la-insercio-laboral-en-el-territori\/#primaryimage\"},\"image\":{\"@id\":\"https:\/\/pacteceramic.es\/el-pacte-per-locupacio-dels-municipis-ceramics-activara-un-portaldocupacio-per-a-facilitar-la-insercio-laboral-en-el-territori\/#primaryimage\"},\"thumbnailUrl\":\"https:\/\/pacteceramic.es\/wp-content\/uploads\/2023\/05\/IMAGEN-CABECERA-e1687427413428.png\",\"datePublished\":\"2023-05-02T11:44:49+00:00\",\"dateModified\":\"2023-06-21T10:53:35+00:00\",\"breadcrumb\":{\"@id\":\"https:\/\/pacteceramic.es\/el-pacte-per-locupacio-dels-municipis-ceramics-activara-un-portaldocupacio-per-a-facilitar-la-insercio-laboral-en-el-territori\/#breadcrumb\"},\"inLanguage\":\"va-ES\",\"potentialAction\":[{\"@type\":\"ReadAction\",\"target\":[\"https:\/\/pacteceramic.es\/el-pacte-per-locupacio-dels-municipis-ceramics-activara-un-portaldocupacio-per-a-facilitar-la-insercio-laboral-en-el-territori\/\"]}]},{\"@type\":\"ImageObject\",\"inLanguage\":\"va-ES\",\"@id\":\"https:\/\/pacteceramic.es\/el-pacte-per-locupacio-dels-municipis-ceramics-activara-un-portaldocupacio-per-a-facilitar-la-insercio-laboral-en-el-territori\/#primaryimage\",\"url\":\"https:\/\/pacteceramic.es\/wp-content\/uploads\/2023\/05\/IMAGEN-CABECERA-e1687427413428.png\",\"contentUrl\":\"https:\/\/pacteceramic.es\/wp-content\/uploads\/2023\/05\/IMAGEN-CABECERA-e1687427413428.png\",\"width\":50,\"height\":16},{\"@type\":\"BreadcrumbList\",\"@id\":\"https:\/\/pacteceramic.es\/el-pacte-per-locupacio-dels-municipis-ceramics-activara-un-portaldocupacio-per-a-facilitar-la-insercio-laboral-en-el-territori\/#breadcrumb\",\"itemListElement\":[{\"@type\":\"ListItem\",\"position\":1,\"name\":\"Portada\",\"item\":\"https:\/\/pacteceramic.es\/\"},{\"@type\":\"ListItem\",\"position\":2,\"name\":\"El Pacte per l&#8217;Ocupaci\u00f3 dels Municipis Cer\u00e0mics activar\u00e0 un portal d&#8217;ocupaci\u00f3 per a facilitar la inserci\u00f3 laboral en el territori\"}]},{\"@type\":\"WebSite\",\"@id\":\"https:\/\/pacteceramic.es\/es_es\/#website\",\"url\":\"https:\/\/pacteceramic.es\/es_es\/\",\"name\":\"Pacte Cer\u00e0mic\",\"description\":\"Pacte Cer\u00e0mic\",\"publisher\":{\"@id\":\"https:\/\/pacteceramic.es\/es_es\/#organization\"},\"potentialAction\":[{\"@type\":\"SearchAction\",\"target\":{\"@type\":\"EntryPoint\",\"urlTemplate\":\"https:\/\/pacteceramic.es\/es_es\/?s={search_term_string}\"},\"query-input\":\"required name=search_term_string\"}],\"inLanguage\":\"va-ES\"},{\"@type\":\"Organization\",\"@id\":\"https:\/\/pacteceramic.es\/es_es\/#organization\",\"name\":\"Pacte Cer\u00e0mic\",\"url\":\"https:\/\/pacteceramic.es\/es_es\/\",\"logo\":{\"@type\":\"ImageObject\",\"inLanguage\":\"va-ES\",\"@id\":\"https:\/\/pacteceramic.es\/es_es\/#\/schema\/logo\/image\/\",\"url\":\"https:\/\/pacteceramic.es\/wp-content\/uploads\/2023\/05\/menulogo.png\",\"contentUrl\":\"https:\/\/pacteceramic.es\/wp-content\/uploads\/2023\/05\/menulogo.png\",\"width\":249,\"height\":80,\"caption\":\"Pacte Cer\u00e0mic\"},\"image\":{\"@id\":\"https:\/\/pacteceramic.es\/es_es\/#\/schema\/logo\/image\/\"},\"sameAs\":[\"https:\/\/www.facebook.com\/pacteceramic\/\",\"https:\/\/x.com\/pacteceramic\",\"https:\/\/www.instagram.com\/pacteceramic\/\",\"https:\/\/www.linkedin.com\/company\/pactemunicipisceramics\/\"]},{\"@type\":\"Person\",\"@id\":\"https:\/\/pacteceramic.es\/es_es\/#\/schema\/person\/d8757e82992b54387f1f96b63e3434af\",\"name\":\"Pacteceramic\",\"image\":{\"@type\":\"ImageObject\",\"inLanguage\":\"va-ES\",\"@id\":\"https:\/\/pacteceramic.es\/es_es\/#\/schema\/person\/image\/\",\"url\":\"https:\/\/secure.gravatar.com\/avatar\/add03c3ae52e6d8ee8c27f9a7cdeaf18899ffc6cc348538526bfcb9ba78343ff?s=96&d=mm&r=g\",\"contentUrl\":\"https:\/\/secure.gravatar.com\/avatar\/add03c3ae52e6d8ee8c27f9a7cdeaf18899ffc6cc348538526bfcb9ba78343ff?s=96&d=mm&r=g\",\"caption\":\"Pacteceramic\"},\"sameAs\":[\"http:\/\/pacteceramic.es\"],\"url\":\"https:\/\/pacteceramic.es\/va_es\/author\/pacteceramic\/\"}]}<\/script>\n<!-- \/ Yoast SEO plugin. -->","yoast_head_json":{"title":"El Pacte per l'Ocupaci\u00f3 dels Municipis Cer\u00e0mics activar\u00e0 un portal d'ocupaci\u00f3 per a facilitar la inserci\u00f3 laboral en el territori - Pacte Cer\u00e0mic","robots":{"index":"index","follow":"follow","max-snippet":"max-snippet:-1","max-image-preview":"max-image-preview:large","max-video-preview":"max-video-preview:-1"},"canonical":"https:\/\/pacteceramic.es\/va_es\/el-pacte-per-locupacio-dels-municipis-ceramics-activara-un-portaldocupacio-per-a-facilitar-la-insercio-laboral-en-el-territori\/","og_locale":"en_US","og_type":"article","og_title":"El Pacte per l'Ocupaci\u00f3 dels Municipis Cer\u00e0mics activar\u00e0 un portal d'ocupaci\u00f3 per a facilitar la inserci\u00f3 laboral en el territori - Pacte Cer\u00e0mic","og_url":"https:\/\/pacteceramic.es\/va_es\/el-pacte-per-locupacio-dels-municipis-ceramics-activara-un-portaldocupacio-per-a-facilitar-la-insercio-laboral-en-el-territori\/","og_site_name":"Pacte Cer\u00e0mic","article_publisher":"https:\/\/www.facebook.com\/pacteceramic\/","article_published_time":"2023-05-02T11:44:49+00:00","article_modified_time":"2023-06-21T10:53:35+00:00","og_image":[{"width":3250,"height":1050,"url":"https:\/\/pacteceramic.es\/wp-content\/uploads\/2023\/05\/IMAGEN-CABECERA.png","type":"image\/png"}],"author":"Pacteceramic","twitter_card":"summary_large_image","twitter_creator":"@pacteceramic","twitter_site":"@pacteceramic","twitter_misc":{"Written by":"Pacteceramic","Est. reading time":"2 minutes"},"schema":{"@context":"https:\/\/schema.org","@graph":[{"@type":"Article","@id":"https:\/\/pacteceramic.es\/el-pacte-per-locupacio-dels-municipis-ceramics-activara-un-portaldocupacio-per-a-facilitar-la-insercio-laboral-en-el-territori\/#article","isPartOf":{"@id":"https:\/\/pacteceramic.es\/el-pacte-per-locupacio-dels-municipis-ceramics-activara-un-portaldocupacio-per-a-facilitar-la-insercio-laboral-en-el-territori\/"},"author":{"name":"Pacteceramic","@id":"https:\/\/pacteceramic.es\/es_es\/#\/schema\/person\/d8757e82992b54387f1f96b63e3434af"},"headline":"El Pacte per l&#8217;Ocupaci\u00f3 dels Municipis Cer\u00e0mics activar\u00e0 un portal d&#8217;ocupaci\u00f3 per a facilitar la inserci\u00f3 laboral en el territori","datePublished":"2023-05-02T11:44:49+00:00","dateModified":"2023-06-21T10:53:35+00:00","mainEntityOfPage":{"@id":"https:\/\/pacteceramic.es\/el-pacte-per-locupacio-dels-municipis-ceramics-activara-un-portaldocupacio-per-a-facilitar-la-insercio-laboral-en-el-territori\/"},"wordCount":317,"publisher":{"@id":"https:\/\/pacteceramic.es\/es_es\/#organization"},"image":{"@id":"https:\/\/pacteceramic.es\/el-pacte-per-locupacio-dels-municipis-ceramics-activara-un-portaldocupacio-per-a-facilitar-la-insercio-laboral-en-el-territori\/#primaryimage"},"thumbnailUrl":"https:\/\/pacteceramic.es\/wp-content\/uploads\/2023\/05\/IMAGEN-CABECERA-e1687427413428.png","articleSection":["Sin categor\u00eda @ca"],"inLanguage":"va-ES"},{"@type":"WebPage","@id":"https:\/\/pacteceramic.es\/el-pacte-per-locupacio-dels-municipis-ceramics-activara-un-portaldocupacio-per-a-facilitar-la-insercio-laboral-en-el-territori\/","url":"https:\/\/pacteceramic.es\/el-pacte-per-locupacio-dels-municipis-ceramics-activara-un-portaldocupacio-per-a-facilitar-la-insercio-laboral-en-el-territori\/","name":"El Pacte per l'Ocupaci\u00f3 dels Municipis Cer\u00e0mics activar\u00e0 un portal d'ocupaci\u00f3 per a facilitar la inserci\u00f3 laboral en el territori - Pacte Cer\u00e0mic","isPartOf":{"@id":"https:\/\/pacteceramic.es\/es_es\/#website"},"primaryImageOfPage":{"@id":"https:\/\/pacteceramic.es\/el-pacte-per-locupacio-dels-municipis-ceramics-activara-un-portaldocupacio-per-a-facilitar-la-insercio-laboral-en-el-territori\/#primaryimage"},"image":{"@id":"https:\/\/pacteceramic.es\/el-pacte-per-locupacio-dels-municipis-ceramics-activara-un-portaldocupacio-per-a-facilitar-la-insercio-laboral-en-el-territori\/#primaryimage"},"thumbnailUrl":"https:\/\/pacteceramic.es\/wp-content\/uploads\/2023\/05\/IMAGEN-CABECERA-e1687427413428.png","datePublished":"2023-05-02T11:44:49+00:00","dateModified":"2023-06-21T10:53:35+00:00","breadcrumb":{"@id":"https:\/\/pacteceramic.es\/el-pacte-per-locupacio-dels-municipis-ceramics-activara-un-portaldocupacio-per-a-facilitar-la-insercio-laboral-en-el-territori\/#breadcrumb"},"inLanguage":"va-ES","potentialAction":[{"@type":"ReadAction","target":["https:\/\/pacteceramic.es\/el-pacte-per-locupacio-dels-municipis-ceramics-activara-un-portaldocupacio-per-a-facilitar-la-insercio-laboral-en-el-territori\/"]}]},{"@type":"ImageObject","inLanguage":"va-ES","@id":"https:\/\/pacteceramic.es\/el-pacte-per-locupacio-dels-municipis-ceramics-activara-un-portaldocupacio-per-a-facilitar-la-insercio-laboral-en-el-territori\/#primaryimage","url":"https:\/\/pacteceramic.es\/wp-content\/uploads\/2023\/05\/IMAGEN-CABECERA-e1687427413428.png","contentUrl":"https:\/\/pacteceramic.es\/wp-content\/uploads\/2023\/05\/IMAGEN-CABECERA-e1687427413428.png","width":50,"height":16},{"@type":"BreadcrumbList","@id":"https:\/\/pacteceramic.es\/el-pacte-per-locupacio-dels-municipis-ceramics-activara-un-portaldocupacio-per-a-facilitar-la-insercio-laboral-en-el-territori\/#breadcrumb","itemListElement":[{"@type":"ListItem","position":1,"name":"Portada","item":"https:\/\/pacteceramic.es\/"},{"@type":"ListItem","position":2,"name":"El Pacte per l&#8217;Ocupaci\u00f3 dels Municipis Cer\u00e0mics activar\u00e0 un portal d&#8217;ocupaci\u00f3 per a facilitar la inserci\u00f3 laboral en el territori"}]},{"@type":"WebSite","@id":"https:\/\/pacteceramic.es\/es_es\/#website","url":"https:\/\/pacteceramic.es\/es_es\/","name":"Pacte Cer\u00e0mic","description":"Pacte Cer\u00e0mic","publisher":{"@id":"https:\/\/pacteceramic.es\/es_es\/#organization"},"potentialAction":[{"@type":"SearchAction","target":{"@type":"EntryPoint","urlTemplate":"https:\/\/pacteceramic.es\/es_es\/?s={search_term_string}"},"query-input":"required name=search_term_string"}],"inLanguage":"va-ES"},{"@type":"Organization","@id":"https:\/\/pacteceramic.es\/es_es\/#organization","name":"Pacte Cer\u00e0mic","url":"https:\/\/pacteceramic.es\/es_es\/","logo":{"@type":"ImageObject","inLanguage":"va-ES","@id":"https:\/\/pacteceramic.es\/es_es\/#\/schema\/logo\/image\/","url":"https:\/\/pacteceramic.es\/wp-content\/uploads\/2023\/05\/menulogo.png","contentUrl":"https:\/\/pacteceramic.es\/wp-content\/uploads\/2023\/05\/menulogo.png","width":249,"height":80,"caption":"Pacte Cer\u00e0mic"},"image":{"@id":"https:\/\/pacteceramic.es\/es_es\/#\/schema\/logo\/image\/"},"sameAs":["https:\/\/www.facebook.com\/pacteceramic\/","https:\/\/x.com\/pacteceramic","https:\/\/www.instagram.com\/pacteceramic\/","https:\/\/www.linkedin.com\/company\/pactemunicipisceramics\/"]},{"@type":"Person","@id":"https:\/\/pacteceramic.es\/es_es\/#\/schema\/person\/d8757e82992b54387f1f96b63e3434af","name":"Pacteceramic","image":{"@type":"ImageObject","inLanguage":"va-ES","@id":"https:\/\/pacteceramic.es\/es_es\/#\/schema\/person\/image\/","url":"https:\/\/secure.gravatar.com\/avatar\/add03c3ae52e6d8ee8c27f9a7cdeaf18899ffc6cc348538526bfcb9ba78343ff?s=96&d=mm&r=g","contentUrl":"https:\/\/secure.gravatar.com\/avatar\/add03c3ae52e6d8ee8c27f9a7cdeaf18899ffc6cc348538526bfcb9ba78343ff?s=96&d=mm&r=g","caption":"Pacteceramic"},"sameAs":["http:\/\/pacteceramic.es"],"url":"https:\/\/pacteceramic.es\/va_es\/author\/pacteceramic\/"}]}},"_links":{"self":[{"href":"https:\/\/pacteceramic.es\/va_es\/wp-json\/wp\/v2\/posts\/11744","targetHints":{"allow":["GET"]}}],"collection":[{"href":"https:\/\/pacteceramic.es\/va_es\/wp-json\/wp\/v2\/posts"}],"about":[{"href":"https:\/\/pacteceramic.es\/va_es\/wp-json\/wp\/v2\/types\/post"}],"author":[{"embeddable":true,"href":"https:\/\/pacteceramic.es\/va_es\/wp-json\/wp\/v2\/users\/1"}],"replies":[{"embeddable":true,"href":"https:\/\/pacteceramic.es\/va_es\/wp-json\/wp\/v2\/comments?post=11744"}],"version-history":[{"count":1,"href":"https:\/\/pacteceramic.es\/va_es\/wp-json\/wp\/v2\/posts\/11744\/revisions"}],"predecessor-version":[{"id":11883,"href":"https:\/\/pacteceramic.es\/va_es\/wp-json\/wp\/v2\/posts\/11744\/revisions\/11883"}],"wp:featuredmedia":[{"embeddable":true,"href":"https:\/\/pacteceramic.es\/va_es\/wp-json\/wp\/v2\/media\/11881"}],"wp:attachment":[{"href":"https:\/\/pacteceramic.es\/va_es\/wp-json\/wp\/v2\/media?parent=11744"}],"wp:term":[{"taxonomy":"category","embeddable":true,"href":"https:\/\/pacteceramic.es\/va_es\/wp-json\/wp\/v2\/categories?post=11744"},{"taxonomy":"post_tag","embeddable":true,"href":"https:\/\/pacteceramic.es\/va_es\/wp-json\/wp\/v2\/tags?post=11744"}],"curies":[{"name":"wp","href":"https:\/\/api.w.org\/{rel}","templated":true}]}}