{"id":11302,"date":"2023-03-08T13:43:21","date_gmt":"2023-03-08T12:43:21","guid":{"rendered":"https:\/\/www.pacteceramic.es\/?p=11302"},"modified":"2023-03-08T13:43:21","modified_gmt":"2023-03-08T12:43:21","slug":"el-pacte-per-locupacio-dels-municipis-ceramics-promociona-els-seus-serveis-entre-lestudiantat-dalmassora","status":"publish","type":"post","link":"https:\/\/pacteceramic.es\/va_es\/el-pacte-per-locupacio-dels-municipis-ceramics-promociona-els-seus-serveis-entre-lestudiantat-dalmassora\/","title":{"rendered":"El Pacte per l\u2019Ocupaci\u00f3 dels Municipis Cer\u00e0mics promociona els seus serveis entre l&#8217;estudiantat d&#8217;Almassora"},"content":{"rendered":"<p><a href=\"https:\/\/www.pacteceramic.es\/wp-content\/uploads\/2023\/03\/20230306_101509-1-scaled.jpg\"><img loading=\"lazy\" decoding=\"async\" class=\"aligncenter size-medium wp-image-11303\" src=\"https:\/\/pacteceramic.es\/wp-content\/uploads\/2023\/05\/20230306_101509-1-300x225.jpg\" alt=\"\" width=\"300\" height=\"225\" \/><\/a><\/p>\n\n\n<!--more-->\n\n\n<div><strong><i>El Consorci ha participat aquesta setmana en la fira Orienta\u2019t d&#8217;Almassora davant 250 estudiants dels IES \u00c1lvaro\u00a0Falomir\u00a0i Vila-vermella, i el Centre de Formaci\u00f3 Cervantes<\/i><\/strong><\/div>\n\n<p>El Pacte Territorial per l&#8217;Ocupaci\u00f3 dels Municipis Cer\u00e0mics continua treballant per la creaci\u00f3 de noves oportunitats d&#8217;inserci\u00f3 laboral i pel desenvolupament dels diferents sectors econ\u00f2mics emmarcats en els municipis consorciats. Com a mostra d&#8217;aquesta missi\u00f3, el Consorci ha participat aquesta setmana en la fira Orienta\u2019t d&#8217;Almassora, un esdeveniment que reuneix organitzacions i empreses per a donar a con\u00e8ixer sortides laborals a la joventut.<\/p>\n<p><br \/>L&#8217;equip del Pacte ha acudit aquest dilluns i dimarts a la XII\u00a0Fira\u00a0Orienta&#8217;t d&#8217;Almassora per a informar l&#8217;alumnat dels instituts \u00c1lvaro\u00a0Falomir\u00a0i Vila-vermella, i el Centre de Formaci\u00f3 Cervantes de la localitat dels serveis que ofereix en mat\u00e8ria d&#8217;orientaci\u00f3 laboral, assessorament a empreses i emprenedors, i formaci\u00f3 cer\u00e0mica.<\/p>\n<p>\u00a0<\/p>\n<p>En aquesta fira, els 250 alumnes\/as assistents han conegut l&#8217;\u00e0rea d&#8217;assessorament per a emprenedors i pimes, en la qual el Pacte ajuda en la tramitaci\u00f3 d&#8217;ajudes o creaci\u00f3 de negocis, el departament d&#8217;orientaci\u00f3 laboral i intermediaci\u00f3 d&#8217;empreses, o la Llan\u00e7adora cap a l&#8217;Ocupabilitat Sostenible amb la qual es pret\u00e9n afavorir la inserci\u00f3 laboral de les persones desocupades i l&#8217;actualitzaci\u00f3 dels coneixements de els\/as treballadors del cl\u00faster cer\u00e0mic. Aquest Consorci tracta de con\u00e8ixer la realitat social i econ\u00f2mica de les poblacions que l&#8217;integren per a oferir-los programes de formaci\u00f3 i assessorament encaminats a la generaci\u00f3 de noves ocupacions.<\/p>","protected":false},"excerpt":{"rendered":"","protected":false},"author":1,"featured_media":11300,"comment_status":"closed","ping_status":"open","sticky":false,"template":"","format":"standard","meta":{"iawp_total_views":3,"footnotes":""},"categories":[8],"tags":[],"class_list":["post-11302","post","type-post","status-publish","format-standard","has-post-thumbnail","hentry","category-sin-categoria-ca"],"yoast_head":"<!-- This site is optimized with the Yoast SEO plugin v23.1 - https:\/\/yoast.com\/wordpress\/plugins\/seo\/ -->\n<title>El Pacte per l\u2019Ocupaci\u00f3 dels Municipis Cer\u00e0mics promociona els seus serveis entre l&#039;estudiantat d&#039;Almassora - Pacte Cer\u00e0mic<\/title>\n<meta name=\"robots\" content=\"index, follow, max-snippet:-1, max-image-preview:large, max-video-preview:-1\" \/>\n<link rel=\"canonical\" href=\"https:\/\/pacteceramic.es\/va_es\/el-pacte-per-locupacio-dels-municipis-ceramics-promociona-els-seus-serveis-entre-lestudiantat-dalmassora\/\" \/>\n<meta property=\"og:locale\" content=\"en_US\" \/>\n<meta property=\"og:type\" content=\"article\" \/>\n<meta property=\"og:title\" content=\"El Pacte per l\u2019Ocupaci\u00f3 dels Municipis Cer\u00e0mics promociona els seus serveis entre l&#039;estudiantat d&#039;Almassora - Pacte Cer\u00e0mic\" \/>\n<meta property=\"og:url\" content=\"https:\/\/pacteceramic.es\/va_es\/el-pacte-per-locupacio-dels-municipis-ceramics-promociona-els-seus-serveis-entre-lestudiantat-dalmassora\/\" \/>\n<meta property=\"og:site_name\" content=\"Pacte Cer\u00e0mic\" \/>\n<meta property=\"article:publisher\" content=\"https:\/\/www.facebook.com\/pacteceramic\/\" \/>\n<meta property=\"article:published_time\" content=\"2023-03-08T12:43:21+00:00\" \/>\n<meta name=\"author\" content=\"Pacteceramic\" \/>\n<meta name=\"twitter:card\" content=\"summary_large_image\" \/>\n<meta name=\"twitter:creator\" content=\"@pacteceramic\" \/>\n<meta name=\"twitter:site\" content=\"@pacteceramic\" \/>\n<meta name=\"twitter:label1\" content=\"Written by\" \/>\n\t<meta name=\"twitter:data1\" content=\"Pacteceramic\" \/>\n\t<meta name=\"twitter:label2\" content=\"Est. reading time\" \/>\n\t<meta name=\"twitter:data2\" content=\"1 minute\" \/>\n<script type=\"application\/ld+json\" class=\"yoast-schema-graph\">{\"@context\":\"https:\/\/schema.org\",\"@graph\":[{\"@type\":\"Article\",\"@id\":\"https:\/\/pacteceramic.es\/es_es\/el-pacte-per-locupacio-dels-municipis-ceramics-promociona-els-seus-serveis-entre-lestudiantat-dalmassora\/#article\",\"isPartOf\":{\"@id\":\"https:\/\/pacteceramic.es\/es_es\/el-pacte-per-locupacio-dels-municipis-ceramics-promociona-els-seus-serveis-entre-lestudiantat-dalmassora\/\"},\"author\":{\"name\":\"Pacteceramic\",\"@id\":\"https:\/\/pacteceramic.es\/es_es\/#\/schema\/person\/d8757e82992b54387f1f96b63e3434af\"},\"headline\":\"El Pacte per l\u2019Ocupaci\u00f3 dels Municipis Cer\u00e0mics promociona els seus serveis entre l&#8217;estudiantat d&#8217;Almassora\",\"datePublished\":\"2023-03-08T12:43:21+00:00\",\"dateModified\":\"2023-03-08T12:43:21+00:00\",\"mainEntityOfPage\":{\"@id\":\"https:\/\/pacteceramic.es\/es_es\/el-pacte-per-locupacio-dels-municipis-ceramics-promociona-els-seus-serveis-entre-lestudiantat-dalmassora\/\"},\"wordCount\":285,\"publisher\":{\"@id\":\"https:\/\/pacteceramic.es\/es_es\/#organization\"},\"image\":{\"@id\":\"https:\/\/pacteceramic.es\/es_es\/el-pacte-per-locupacio-dels-municipis-ceramics-promociona-els-seus-serveis-entre-lestudiantat-dalmassora\/#primaryimage\"},\"thumbnailUrl\":\"\",\"articleSection\":[\"Sin categor\u00eda @ca\"],\"inLanguage\":\"va-ES\"},{\"@type\":\"WebPage\",\"@id\":\"https:\/\/pacteceramic.es\/es_es\/el-pacte-per-locupacio-dels-municipis-ceramics-promociona-els-seus-serveis-entre-lestudiantat-dalmassora\/\",\"url\":\"https:\/\/pacteceramic.es\/es_es\/el-pacte-per-locupacio-dels-municipis-ceramics-promociona-els-seus-serveis-entre-lestudiantat-dalmassora\/\",\"name\":\"El Pacte per l\u2019Ocupaci\u00f3 dels Municipis Cer\u00e0mics promociona els seus serveis entre l'estudiantat d'Almassora - Pacte Cer\u00e0mic\",\"isPartOf\":{\"@id\":\"https:\/\/pacteceramic.es\/es_es\/#website\"},\"primaryImageOfPage\":{\"@id\":\"https:\/\/pacteceramic.es\/es_es\/el-pacte-per-locupacio-dels-municipis-ceramics-promociona-els-seus-serveis-entre-lestudiantat-dalmassora\/#primaryimage\"},\"image\":{\"@id\":\"https:\/\/pacteceramic.es\/es_es\/el-pacte-per-locupacio-dels-municipis-ceramics-promociona-els-seus-serveis-entre-lestudiantat-dalmassora\/#primaryimage\"},\"thumbnailUrl\":\"\",\"datePublished\":\"2023-03-08T12:43:21+00:00\",\"dateModified\":\"2023-03-08T12:43:21+00:00\",\"breadcrumb\":{\"@id\":\"https:\/\/pacteceramic.es\/es_es\/el-pacte-per-locupacio-dels-municipis-ceramics-promociona-els-seus-serveis-entre-lestudiantat-dalmassora\/#breadcrumb\"},\"inLanguage\":\"va-ES\",\"potentialAction\":[{\"@type\":\"ReadAction\",\"target\":[\"https:\/\/pacteceramic.es\/es_es\/el-pacte-per-locupacio-dels-municipis-ceramics-promociona-els-seus-serveis-entre-lestudiantat-dalmassora\/\"]}]},{\"@type\":\"ImageObject\",\"inLanguage\":\"va-ES\",\"@id\":\"https:\/\/pacteceramic.es\/es_es\/el-pacte-per-locupacio-dels-municipis-ceramics-promociona-els-seus-serveis-entre-lestudiantat-dalmassora\/#primaryimage\",\"url\":\"\",\"contentUrl\":\"\"},{\"@type\":\"BreadcrumbList\",\"@id\":\"https:\/\/pacteceramic.es\/es_es\/el-pacte-per-locupacio-dels-municipis-ceramics-promociona-els-seus-serveis-entre-lestudiantat-dalmassora\/#breadcrumb\",\"itemListElement\":[{\"@type\":\"ListItem\",\"position\":1,\"name\":\"Portada\",\"item\":\"https:\/\/pacteceramic.es\/\"},{\"@type\":\"ListItem\",\"position\":2,\"name\":\"El Pacte per l\u2019Ocupaci\u00f3 dels Municipis Cer\u00e0mics promociona els seus serveis entre l&#8217;estudiantat d&#8217;Almassora\"}]},{\"@type\":\"WebSite\",\"@id\":\"https:\/\/pacteceramic.es\/es_es\/#website\",\"url\":\"https:\/\/pacteceramic.es\/es_es\/\",\"name\":\"Pacte Cer\u00e0mic\",\"description\":\"Pacte Cer\u00e0mic\",\"publisher\":{\"@id\":\"https:\/\/pacteceramic.es\/es_es\/#organization\"},\"potentialAction\":[{\"@type\":\"SearchAction\",\"target\":{\"@type\":\"EntryPoint\",\"urlTemplate\":\"https:\/\/pacteceramic.es\/es_es\/?s={search_term_string}\"},\"query-input\":\"required name=search_term_string\"}],\"inLanguage\":\"va-ES\"},{\"@type\":\"Organization\",\"@id\":\"https:\/\/pacteceramic.es\/es_es\/#organization\",\"name\":\"Pacte Cer\u00e0mic\",\"url\":\"https:\/\/pacteceramic.es\/es_es\/\",\"logo\":{\"@type\":\"ImageObject\",\"inLanguage\":\"va-ES\",\"@id\":\"https:\/\/pacteceramic.es\/es_es\/#\/schema\/logo\/image\/\",\"url\":\"https:\/\/pacteceramic.es\/wp-content\/uploads\/2023\/05\/menulogo.png\",\"contentUrl\":\"https:\/\/pacteceramic.es\/wp-content\/uploads\/2023\/05\/menulogo.png\",\"width\":249,\"height\":80,\"caption\":\"Pacte Cer\u00e0mic\"},\"image\":{\"@id\":\"https:\/\/pacteceramic.es\/es_es\/#\/schema\/logo\/image\/\"},\"sameAs\":[\"https:\/\/www.facebook.com\/pacteceramic\/\",\"https:\/\/x.com\/pacteceramic\",\"https:\/\/www.instagram.com\/pacteceramic\/\",\"https:\/\/www.linkedin.com\/company\/pactemunicipisceramics\/\"]},{\"@type\":\"Person\",\"@id\":\"https:\/\/pacteceramic.es\/es_es\/#\/schema\/person\/d8757e82992b54387f1f96b63e3434af\",\"name\":\"Pacteceramic\",\"image\":{\"@type\":\"ImageObject\",\"inLanguage\":\"va-ES\",\"@id\":\"https:\/\/pacteceramic.es\/es_es\/#\/schema\/person\/image\/\",\"url\":\"https:\/\/secure.gravatar.com\/avatar\/add03c3ae52e6d8ee8c27f9a7cdeaf18899ffc6cc348538526bfcb9ba78343ff?s=96&d=mm&r=g\",\"contentUrl\":\"https:\/\/secure.gravatar.com\/avatar\/add03c3ae52e6d8ee8c27f9a7cdeaf18899ffc6cc348538526bfcb9ba78343ff?s=96&d=mm&r=g\",\"caption\":\"Pacteceramic\"},\"sameAs\":[\"http:\/\/pacteceramic.es\"],\"url\":\"https:\/\/pacteceramic.es\/va_es\/author\/pacteceramic\/\"}]}<\/script>\n<!-- \/ Yoast SEO plugin. -->","yoast_head_json":{"title":"El Pacte per l\u2019Ocupaci\u00f3 dels Municipis Cer\u00e0mics promociona els seus serveis entre l'estudiantat d'Almassora - Pacte Cer\u00e0mic","robots":{"index":"index","follow":"follow","max-snippet":"max-snippet:-1","max-image-preview":"max-image-preview:large","max-video-preview":"max-video-preview:-1"},"canonical":"https:\/\/pacteceramic.es\/va_es\/el-pacte-per-locupacio-dels-municipis-ceramics-promociona-els-seus-serveis-entre-lestudiantat-dalmassora\/","og_locale":"en_US","og_type":"article","og_title":"El Pacte per l\u2019Ocupaci\u00f3 dels Municipis Cer\u00e0mics promociona els seus serveis entre l'estudiantat d'Almassora - Pacte Cer\u00e0mic","og_url":"https:\/\/pacteceramic.es\/va_es\/el-pacte-per-locupacio-dels-municipis-ceramics-promociona-els-seus-serveis-entre-lestudiantat-dalmassora\/","og_site_name":"Pacte Cer\u00e0mic","article_publisher":"https:\/\/www.facebook.com\/pacteceramic\/","article_published_time":"2023-03-08T12:43:21+00:00","author":"Pacteceramic","twitter_card":"summary_large_image","twitter_creator":"@pacteceramic","twitter_site":"@pacteceramic","twitter_misc":{"Written by":"Pacteceramic","Est. reading time":"1 minute"},"schema":{"@context":"https:\/\/schema.org","@graph":[{"@type":"Article","@id":"https:\/\/pacteceramic.es\/es_es\/el-pacte-per-locupacio-dels-municipis-ceramics-promociona-els-seus-serveis-entre-lestudiantat-dalmassora\/#article","isPartOf":{"@id":"https:\/\/pacteceramic.es\/es_es\/el-pacte-per-locupacio-dels-municipis-ceramics-promociona-els-seus-serveis-entre-lestudiantat-dalmassora\/"},"author":{"name":"Pacteceramic","@id":"https:\/\/pacteceramic.es\/es_es\/#\/schema\/person\/d8757e82992b54387f1f96b63e3434af"},"headline":"El Pacte per l\u2019Ocupaci\u00f3 dels Municipis Cer\u00e0mics promociona els seus serveis entre l&#8217;estudiantat d&#8217;Almassora","datePublished":"2023-03-08T12:43:21+00:00","dateModified":"2023-03-08T12:43:21+00:00","mainEntityOfPage":{"@id":"https:\/\/pacteceramic.es\/es_es\/el-pacte-per-locupacio-dels-municipis-ceramics-promociona-els-seus-serveis-entre-lestudiantat-dalmassora\/"},"wordCount":285,"publisher":{"@id":"https:\/\/pacteceramic.es\/es_es\/#organization"},"image":{"@id":"https:\/\/pacteceramic.es\/es_es\/el-pacte-per-locupacio-dels-municipis-ceramics-promociona-els-seus-serveis-entre-lestudiantat-dalmassora\/#primaryimage"},"thumbnailUrl":"","articleSection":["Sin categor\u00eda @ca"],"inLanguage":"va-ES"},{"@type":"WebPage","@id":"https:\/\/pacteceramic.es\/es_es\/el-pacte-per-locupacio-dels-municipis-ceramics-promociona-els-seus-serveis-entre-lestudiantat-dalmassora\/","url":"https:\/\/pacteceramic.es\/es_es\/el-pacte-per-locupacio-dels-municipis-ceramics-promociona-els-seus-serveis-entre-lestudiantat-dalmassora\/","name":"El Pacte per l\u2019Ocupaci\u00f3 dels Municipis Cer\u00e0mics promociona els seus serveis entre l'estudiantat d'Almassora - Pacte Cer\u00e0mic","isPartOf":{"@id":"https:\/\/pacteceramic.es\/es_es\/#website"},"primaryImageOfPage":{"@id":"https:\/\/pacteceramic.es\/es_es\/el-pacte-per-locupacio-dels-municipis-ceramics-promociona-els-seus-serveis-entre-lestudiantat-dalmassora\/#primaryimage"},"image":{"@id":"https:\/\/pacteceramic.es\/es_es\/el-pacte-per-locupacio-dels-municipis-ceramics-promociona-els-seus-serveis-entre-lestudiantat-dalmassora\/#primaryimage"},"thumbnailUrl":"","datePublished":"2023-03-08T12:43:21+00:00","dateModified":"2023-03-08T12:43:21+00:00","breadcrumb":{"@id":"https:\/\/pacteceramic.es\/es_es\/el-pacte-per-locupacio-dels-municipis-ceramics-promociona-els-seus-serveis-entre-lestudiantat-dalmassora\/#breadcrumb"},"inLanguage":"va-ES","potentialAction":[{"@type":"ReadAction","target":["https:\/\/pacteceramic.es\/es_es\/el-pacte-per-locupacio-dels-municipis-ceramics-promociona-els-seus-serveis-entre-lestudiantat-dalmassora\/"]}]},{"@type":"ImageObject","inLanguage":"va-ES","@id":"https:\/\/pacteceramic.es\/es_es\/el-pacte-per-locupacio-dels-municipis-ceramics-promociona-els-seus-serveis-entre-lestudiantat-dalmassora\/#primaryimage","url":"","contentUrl":""},{"@type":"BreadcrumbList","@id":"https:\/\/pacteceramic.es\/es_es\/el-pacte-per-locupacio-dels-municipis-ceramics-promociona-els-seus-serveis-entre-lestudiantat-dalmassora\/#breadcrumb","itemListElement":[{"@type":"ListItem","position":1,"name":"Portada","item":"https:\/\/pacteceramic.es\/"},{"@type":"ListItem","position":2,"name":"El Pacte per l\u2019Ocupaci\u00f3 dels Municipis Cer\u00e0mics promociona els seus serveis entre l&#8217;estudiantat d&#8217;Almassora"}]},{"@type":"WebSite","@id":"https:\/\/pacteceramic.es\/es_es\/#website","url":"https:\/\/pacteceramic.es\/es_es\/","name":"Pacte Cer\u00e0mic","description":"Pacte Cer\u00e0mic","publisher":{"@id":"https:\/\/pacteceramic.es\/es_es\/#organization"},"potentialAction":[{"@type":"SearchAction","target":{"@type":"EntryPoint","urlTemplate":"https:\/\/pacteceramic.es\/es_es\/?s={search_term_string}"},"query-input":"required name=search_term_string"}],"inLanguage":"va-ES"},{"@type":"Organization","@id":"https:\/\/pacteceramic.es\/es_es\/#organization","name":"Pacte Cer\u00e0mic","url":"https:\/\/pacteceramic.es\/es_es\/","logo":{"@type":"ImageObject","inLanguage":"va-ES","@id":"https:\/\/pacteceramic.es\/es_es\/#\/schema\/logo\/image\/","url":"https:\/\/pacteceramic.es\/wp-content\/uploads\/2023\/05\/menulogo.png","contentUrl":"https:\/\/pacteceramic.es\/wp-content\/uploads\/2023\/05\/menulogo.png","width":249,"height":80,"caption":"Pacte Cer\u00e0mic"},"image":{"@id":"https:\/\/pacteceramic.es\/es_es\/#\/schema\/logo\/image\/"},"sameAs":["https:\/\/www.facebook.com\/pacteceramic\/","https:\/\/x.com\/pacteceramic","https:\/\/www.instagram.com\/pacteceramic\/","https:\/\/www.linkedin.com\/company\/pactemunicipisceramics\/"]},{"@type":"Person","@id":"https:\/\/pacteceramic.es\/es_es\/#\/schema\/person\/d8757e82992b54387f1f96b63e3434af","name":"Pacteceramic","image":{"@type":"ImageObject","inLanguage":"va-ES","@id":"https:\/\/pacteceramic.es\/es_es\/#\/schema\/person\/image\/","url":"https:\/\/secure.gravatar.com\/avatar\/add03c3ae52e6d8ee8c27f9a7cdeaf18899ffc6cc348538526bfcb9ba78343ff?s=96&d=mm&r=g","contentUrl":"https:\/\/secure.gravatar.com\/avatar\/add03c3ae52e6d8ee8c27f9a7cdeaf18899ffc6cc348538526bfcb9ba78343ff?s=96&d=mm&r=g","caption":"Pacteceramic"},"sameAs":["http:\/\/pacteceramic.es"],"url":"https:\/\/pacteceramic.es\/va_es\/author\/pacteceramic\/"}]}},"_links":{"self":[{"href":"https:\/\/pacteceramic.es\/va_es\/wp-json\/wp\/v2\/posts\/11302","targetHints":{"allow":["GET"]}}],"collection":[{"href":"https:\/\/pacteceramic.es\/va_es\/wp-json\/wp\/v2\/posts"}],"about":[{"href":"https:\/\/pacteceramic.es\/va_es\/wp-json\/wp\/v2\/types\/post"}],"author":[{"embeddable":true,"href":"https:\/\/pacteceramic.es\/va_es\/wp-json\/wp\/v2\/users\/1"}],"replies":[{"embeddable":true,"href":"https:\/\/pacteceramic.es\/va_es\/wp-json\/wp\/v2\/comments?post=11302"}],"version-history":[{"count":0,"href":"https:\/\/pacteceramic.es\/va_es\/wp-json\/wp\/v2\/posts\/11302\/revisions"}],"wp:featuredmedia":[{"embeddable":true,"href":"https:\/\/pacteceramic.es\/va_es\/wp-json\/"}],"wp:attachment":[{"href":"https:\/\/pacteceramic.es\/va_es\/wp-json\/wp\/v2\/media?parent=11302"}],"wp:term":[{"taxonomy":"category","embeddable":true,"href":"https:\/\/pacteceramic.es\/va_es\/wp-json\/wp\/v2\/categories?post=11302"},{"taxonomy":"post_tag","embeddable":true,"href":"https:\/\/pacteceramic.es\/va_es\/wp-json\/wp\/v2\/tags?post=11302"}],"curies":[{"name":"wp","href":"https:\/\/api.w.org\/{rel}","templated":true}]}}