{"id":11250,"date":"2023-01-27T09:29:01","date_gmt":"2023-01-27T08:29:01","guid":{"rendered":"https:\/\/www.pacteceramic.es\/?p=11250"},"modified":"2023-01-27T09:29:01","modified_gmt":"2023-01-27T08:29:01","slug":"el-pacte-per-locupacio-dels-municipis-ceramics-col%c2%b7labora-amb-anffecc-per-a-oferir-formacio-continua-en-el-sector-ceramic","status":"publish","type":"post","link":"https:\/\/pacteceramic.es\/va_es\/el-pacte-per-locupacio-dels-municipis-ceramics-col%c2%b7labora-amb-anffecc-per-a-oferir-formacio-continua-en-el-sector-ceramic\/","title":{"rendered":"El Pacte per l&#8217;Ocupaci\u00f3 dels Municipis Cer\u00e0mics col\u00b7labora amb ANFFECC per a oferir formaci\u00f3 cont\u00ednua en el sector cer\u00e0mic"},"content":{"rendered":"<p><a href=\"https:\/\/www.pacteceramic.es\/wp-content\/uploads\/2023\/01\/colaboracion-startups-y-empresas-min-1.jpeg\"><img loading=\"lazy\" decoding=\"async\" class=\"aligncenter size-medium wp-image-11251\" src=\"https:\/\/pacteceramic.es\/wp-content\/uploads\/2023\/05\/colaboracion-startups-y-empresas-min-1-300x141.jpg\" alt=\"\" width=\"300\" height=\"141\" \/><\/a><\/p>\n\n\n<!--more-->\n\n\n<p><em>El secretari general de ANFFECC, Manuel Breva, destaca la import\u00e0ncia que les parts involucrades \u201cremen conjuntament\u201d per a eixir al m\u00e9s prompte possible de la crisi que est\u00e0 afectant la industria<\/em><\/p>\n<p>\u00a0<\/p>\n<p>El Pacte Territorial per l&#8217;Ocupaci\u00f3 dels Municipis Cer\u00e0mics i l&#8217;Associaci\u00f3 Nacional de Fabricants de Fregides, Esmalts i Colors Cer\u00e0mics (ANFFECC) col\u00b7laboren de manera constant en la formaci\u00f3 dels treballadors del sector cer\u00e0mic amb l&#8217;objectiu de pal\u00b7liar els efectes negatius que t\u00e9 la crisi energ\u00e8tica que afecta en aquests moments a la ind\u00fastria.<\/p>\n<p>\u00a0<\/p>\n<p>El Consorci ha dut a terme el programa \u201cLlan\u00e7adora Cap a l&#8217;Ocupabilitat Sostenible\u201d dirigit priorit\u00e0riament a treballadors en ERTO del sector, la qual cosa ha sigut valorat molt positivament pel secretari general de ANFFECC, Manuel Breva, qui ha destacat que \u201c\u00e9s de vital import\u00e0ncia que el personal desocupat continue la seua formaci\u00f3 i perceba que est\u00e0 ocupant el seu temps en una tasca \u00fatil i que li reportar\u00e0 beneficis per al futur\u201d.<\/p>\n<p>\u00a0<\/p>\n<p>A la prov\u00edncia de Castell\u00f3 s\u00f3n quasi 25.000 llocs de treball generats de manera directa per aquesta ind\u00fastria i m\u00e9s de 60.000 indirectes, fet que evidencia la import\u00e0ncia que les parts involucrades \u201cremen conjuntament per a eixir al m\u00e9s prompte possible d&#8217;aquesta situaci\u00f3 i que aix\u00ed, el cl\u00faster cer\u00e0mic recupere la seua producci\u00f3 i la seua competitivitat internacional per a evitar la p\u00e8rdua d&#8217;ocupaci\u00f3 i la deslocalitzaci\u00f3 de la ind\u00fastria cer\u00e0mica\u201d, ha assenyalat Breva.<\/p>\n<p>\u00a0<\/p>\n<p>Per aquest motiu, des de ANFFECC s&#8217;han promogut els programes de formaci\u00f3 a la carta que el Consorci ofereix a les empreses, adaptant els continguts a les necessitats actuals del sector. Una manera d&#8217;actualitzar els coneixements dels treballadors de manera cont\u00ednua, alguna cosa que des de l&#8217;associaci\u00f3 s&#8217;ha promocionat des de fa un temps arrere a trav\u00e9s de plans formatius propis i col\u00b7laboracions amb l&#8217;administraci\u00f3, institucions i empreses.<\/p>\n<p>\u00a0<\/p>\n<p>A m\u00e9s, el Pacte tamb\u00e9 disposa d&#8217;un servei gratu\u00eft d&#8217;assessorament a empreses i treballadors aut\u00f2noms, mitjan\u00e7ant el qual s&#8217;ofereix ajuda en la tramitaci\u00f3 de subvencions, una q\u00fcesti\u00f3 abordada per ANFFECC en diferents reunions amb les Administracions P\u00fabliques enfront de la necessitat de rebre les ajudes per a mitigar la crisi energ\u00e8tica. \u201cAnalitzem de manera exhaustiva tant la normativa europea com la nacional i regional, i actuem davant l&#8217;Administraci\u00f3 en tots els temes que requerisquen la defensa del sector i els seus interessos\u201d, ha assenyalat Breva.<\/p>","protected":false},"excerpt":{"rendered":"","protected":false},"author":1,"featured_media":11247,"comment_status":"closed","ping_status":"open","sticky":false,"template":"","format":"standard","meta":{"iawp_total_views":1,"footnotes":""},"categories":[8],"tags":[],"class_list":["post-11250","post","type-post","status-publish","format-standard","has-post-thumbnail","hentry","category-sin-categoria-ca"],"yoast_head":"<!-- This site is optimized with the Yoast SEO plugin v23.1 - https:\/\/yoast.com\/wordpress\/plugins\/seo\/ -->\n<title>El Pacte per l&#039;Ocupaci\u00f3 dels Municipis Cer\u00e0mics col\u00b7labora amb ANFFECC per a oferir formaci\u00f3 cont\u00ednua en el sector cer\u00e0mic - Pacte Cer\u00e0mic<\/title>\n<meta name=\"robots\" content=\"index, follow, max-snippet:-1, max-image-preview:large, max-video-preview:-1\" \/>\n<link rel=\"canonical\" href=\"https:\/\/pacteceramic.es\/va_es\/el-pacte-per-locupacio-dels-municipis-ceramics-col\u00b7labora-amb-anffecc-per-a-oferir-formacio-continua-en-el-sector-ceramic\/\" \/>\n<meta property=\"og:locale\" content=\"en_US\" \/>\n<meta property=\"og:type\" content=\"article\" \/>\n<meta property=\"og:title\" content=\"El Pacte per l&#039;Ocupaci\u00f3 dels Municipis Cer\u00e0mics col\u00b7labora amb ANFFECC per a oferir formaci\u00f3 cont\u00ednua en el sector cer\u00e0mic - Pacte Cer\u00e0mic\" \/>\n<meta property=\"og:url\" content=\"https:\/\/pacteceramic.es\/va_es\/el-pacte-per-locupacio-dels-municipis-ceramics-col\u00b7labora-amb-anffecc-per-a-oferir-formacio-continua-en-el-sector-ceramic\/\" \/>\n<meta property=\"og:site_name\" content=\"Pacte Cer\u00e0mic\" \/>\n<meta property=\"article:publisher\" content=\"https:\/\/www.facebook.com\/pacteceramic\/\" \/>\n<meta property=\"article:published_time\" content=\"2023-01-27T08:29:01+00:00\" \/>\n<meta name=\"author\" content=\"Pacteceramic\" \/>\n<meta name=\"twitter:card\" content=\"summary_large_image\" \/>\n<meta name=\"twitter:creator\" content=\"@pacteceramic\" \/>\n<meta name=\"twitter:site\" content=\"@pacteceramic\" \/>\n<meta name=\"twitter:label1\" content=\"Written by\" \/>\n\t<meta name=\"twitter:data1\" content=\"Pacteceramic\" \/>\n\t<meta name=\"twitter:label2\" content=\"Est. reading time\" \/>\n\t<meta name=\"twitter:data2\" content=\"2 minutes\" \/>\n<script type=\"application\/ld+json\" class=\"yoast-schema-graph\">{\"@context\":\"https:\/\/schema.org\",\"@graph\":[{\"@type\":\"Article\",\"@id\":\"https:\/\/pacteceramic.es\/el-pacte-per-locupacio-dels-municipis-ceramics-col%c2%b7labora-amb-anffecc-per-a-oferir-formacio-continua-en-el-sector-ceramic\/#article\",\"isPartOf\":{\"@id\":\"https:\/\/pacteceramic.es\/el-pacte-per-locupacio-dels-municipis-ceramics-col%c2%b7labora-amb-anffecc-per-a-oferir-formacio-continua-en-el-sector-ceramic\/\"},\"author\":{\"name\":\"Pacteceramic\",\"@id\":\"https:\/\/pacteceramic.es\/es_es\/#\/schema\/person\/d8757e82992b54387f1f96b63e3434af\"},\"headline\":\"El Pacte per l&#8217;Ocupaci\u00f3 dels Municipis Cer\u00e0mics col\u00b7labora amb ANFFECC per a oferir formaci\u00f3 cont\u00ednua en el sector cer\u00e0mic\",\"datePublished\":\"2023-01-27T08:29:01+00:00\",\"dateModified\":\"2023-01-27T08:29:01+00:00\",\"mainEntityOfPage\":{\"@id\":\"https:\/\/pacteceramic.es\/el-pacte-per-locupacio-dels-municipis-ceramics-col%c2%b7labora-amb-anffecc-per-a-oferir-formacio-continua-en-el-sector-ceramic\/\"},\"wordCount\":452,\"publisher\":{\"@id\":\"https:\/\/pacteceramic.es\/es_es\/#organization\"},\"image\":{\"@id\":\"https:\/\/pacteceramic.es\/el-pacte-per-locupacio-dels-municipis-ceramics-col%c2%b7labora-amb-anffecc-per-a-oferir-formacio-continua-en-el-sector-ceramic\/#primaryimage\"},\"thumbnailUrl\":\"\",\"articleSection\":[\"Sin categor\u00eda @ca\"],\"inLanguage\":\"va-ES\"},{\"@type\":\"WebPage\",\"@id\":\"https:\/\/pacteceramic.es\/el-pacte-per-locupacio-dels-municipis-ceramics-col%c2%b7labora-amb-anffecc-per-a-oferir-formacio-continua-en-el-sector-ceramic\/\",\"url\":\"https:\/\/pacteceramic.es\/el-pacte-per-locupacio-dels-municipis-ceramics-col%c2%b7labora-amb-anffecc-per-a-oferir-formacio-continua-en-el-sector-ceramic\/\",\"name\":\"El Pacte per l'Ocupaci\u00f3 dels Municipis Cer\u00e0mics col\u00b7labora amb ANFFECC per a oferir formaci\u00f3 cont\u00ednua en el sector cer\u00e0mic - Pacte Cer\u00e0mic\",\"isPartOf\":{\"@id\":\"https:\/\/pacteceramic.es\/es_es\/#website\"},\"primaryImageOfPage\":{\"@id\":\"https:\/\/pacteceramic.es\/el-pacte-per-locupacio-dels-municipis-ceramics-col%c2%b7labora-amb-anffecc-per-a-oferir-formacio-continua-en-el-sector-ceramic\/#primaryimage\"},\"image\":{\"@id\":\"https:\/\/pacteceramic.es\/el-pacte-per-locupacio-dels-municipis-ceramics-col%c2%b7labora-amb-anffecc-per-a-oferir-formacio-continua-en-el-sector-ceramic\/#primaryimage\"},\"thumbnailUrl\":\"\",\"datePublished\":\"2023-01-27T08:29:01+00:00\",\"dateModified\":\"2023-01-27T08:29:01+00:00\",\"breadcrumb\":{\"@id\":\"https:\/\/pacteceramic.es\/el-pacte-per-locupacio-dels-municipis-ceramics-col%c2%b7labora-amb-anffecc-per-a-oferir-formacio-continua-en-el-sector-ceramic\/#breadcrumb\"},\"inLanguage\":\"va-ES\",\"potentialAction\":[{\"@type\":\"ReadAction\",\"target\":[\"https:\/\/pacteceramic.es\/el-pacte-per-locupacio-dels-municipis-ceramics-col%c2%b7labora-amb-anffecc-per-a-oferir-formacio-continua-en-el-sector-ceramic\/\"]}]},{\"@type\":\"ImageObject\",\"inLanguage\":\"va-ES\",\"@id\":\"https:\/\/pacteceramic.es\/el-pacte-per-locupacio-dels-municipis-ceramics-col%c2%b7labora-amb-anffecc-per-a-oferir-formacio-continua-en-el-sector-ceramic\/#primaryimage\",\"url\":\"\",\"contentUrl\":\"\"},{\"@type\":\"BreadcrumbList\",\"@id\":\"https:\/\/pacteceramic.es\/el-pacte-per-locupacio-dels-municipis-ceramics-col%c2%b7labora-amb-anffecc-per-a-oferir-formacio-continua-en-el-sector-ceramic\/#breadcrumb\",\"itemListElement\":[{\"@type\":\"ListItem\",\"position\":1,\"name\":\"Portada\",\"item\":\"https:\/\/pacteceramic.es\/\"},{\"@type\":\"ListItem\",\"position\":2,\"name\":\"El Pacte per l&#8217;Ocupaci\u00f3 dels Municipis Cer\u00e0mics col\u00b7labora amb ANFFECC per a oferir formaci\u00f3 cont\u00ednua en el sector cer\u00e0mic\"}]},{\"@type\":\"WebSite\",\"@id\":\"https:\/\/pacteceramic.es\/es_es\/#website\",\"url\":\"https:\/\/pacteceramic.es\/es_es\/\",\"name\":\"Pacte Cer\u00e0mic\",\"description\":\"Pacte Cer\u00e0mic\",\"publisher\":{\"@id\":\"https:\/\/pacteceramic.es\/es_es\/#organization\"},\"potentialAction\":[{\"@type\":\"SearchAction\",\"target\":{\"@type\":\"EntryPoint\",\"urlTemplate\":\"https:\/\/pacteceramic.es\/es_es\/?s={search_term_string}\"},\"query-input\":\"required name=search_term_string\"}],\"inLanguage\":\"va-ES\"},{\"@type\":\"Organization\",\"@id\":\"https:\/\/pacteceramic.es\/es_es\/#organization\",\"name\":\"Pacte Cer\u00e0mic\",\"url\":\"https:\/\/pacteceramic.es\/es_es\/\",\"logo\":{\"@type\":\"ImageObject\",\"inLanguage\":\"va-ES\",\"@id\":\"https:\/\/pacteceramic.es\/es_es\/#\/schema\/logo\/image\/\",\"url\":\"https:\/\/pacteceramic.es\/wp-content\/uploads\/2023\/05\/menulogo.png\",\"contentUrl\":\"https:\/\/pacteceramic.es\/wp-content\/uploads\/2023\/05\/menulogo.png\",\"width\":249,\"height\":80,\"caption\":\"Pacte Cer\u00e0mic\"},\"image\":{\"@id\":\"https:\/\/pacteceramic.es\/es_es\/#\/schema\/logo\/image\/\"},\"sameAs\":[\"https:\/\/www.facebook.com\/pacteceramic\/\",\"https:\/\/x.com\/pacteceramic\",\"https:\/\/www.instagram.com\/pacteceramic\/\",\"https:\/\/www.linkedin.com\/company\/pactemunicipisceramics\/\"]},{\"@type\":\"Person\",\"@id\":\"https:\/\/pacteceramic.es\/es_es\/#\/schema\/person\/d8757e82992b54387f1f96b63e3434af\",\"name\":\"Pacteceramic\",\"image\":{\"@type\":\"ImageObject\",\"inLanguage\":\"va-ES\",\"@id\":\"https:\/\/pacteceramic.es\/es_es\/#\/schema\/person\/image\/\",\"url\":\"https:\/\/secure.gravatar.com\/avatar\/add03c3ae52e6d8ee8c27f9a7cdeaf18899ffc6cc348538526bfcb9ba78343ff?s=96&d=mm&r=g\",\"contentUrl\":\"https:\/\/secure.gravatar.com\/avatar\/add03c3ae52e6d8ee8c27f9a7cdeaf18899ffc6cc348538526bfcb9ba78343ff?s=96&d=mm&r=g\",\"caption\":\"Pacteceramic\"},\"sameAs\":[\"http:\/\/pacteceramic.es\"],\"url\":\"https:\/\/pacteceramic.es\/va_es\/author\/pacteceramic\/\"}]}<\/script>\n<!-- \/ Yoast SEO plugin. -->","yoast_head_json":{"title":"El Pacte per l'Ocupaci\u00f3 dels Municipis Cer\u00e0mics col\u00b7labora amb ANFFECC per a oferir formaci\u00f3 cont\u00ednua en el sector cer\u00e0mic - Pacte Cer\u00e0mic","robots":{"index":"index","follow":"follow","max-snippet":"max-snippet:-1","max-image-preview":"max-image-preview:large","max-video-preview":"max-video-preview:-1"},"canonical":"https:\/\/pacteceramic.es\/va_es\/el-pacte-per-locupacio-dels-municipis-ceramics-col\u00b7labora-amb-anffecc-per-a-oferir-formacio-continua-en-el-sector-ceramic\/","og_locale":"en_US","og_type":"article","og_title":"El Pacte per l'Ocupaci\u00f3 dels Municipis Cer\u00e0mics col\u00b7labora amb ANFFECC per a oferir formaci\u00f3 cont\u00ednua en el sector cer\u00e0mic - Pacte Cer\u00e0mic","og_url":"https:\/\/pacteceramic.es\/va_es\/el-pacte-per-locupacio-dels-municipis-ceramics-col\u00b7labora-amb-anffecc-per-a-oferir-formacio-continua-en-el-sector-ceramic\/","og_site_name":"Pacte Cer\u00e0mic","article_publisher":"https:\/\/www.facebook.com\/pacteceramic\/","article_published_time":"2023-01-27T08:29:01+00:00","author":"Pacteceramic","twitter_card":"summary_large_image","twitter_creator":"@pacteceramic","twitter_site":"@pacteceramic","twitter_misc":{"Written by":"Pacteceramic","Est. reading time":"2 minutes"},"schema":{"@context":"https:\/\/schema.org","@graph":[{"@type":"Article","@id":"https:\/\/pacteceramic.es\/el-pacte-per-locupacio-dels-municipis-ceramics-col%c2%b7labora-amb-anffecc-per-a-oferir-formacio-continua-en-el-sector-ceramic\/#article","isPartOf":{"@id":"https:\/\/pacteceramic.es\/el-pacte-per-locupacio-dels-municipis-ceramics-col%c2%b7labora-amb-anffecc-per-a-oferir-formacio-continua-en-el-sector-ceramic\/"},"author":{"name":"Pacteceramic","@id":"https:\/\/pacteceramic.es\/es_es\/#\/schema\/person\/d8757e82992b54387f1f96b63e3434af"},"headline":"El Pacte per l&#8217;Ocupaci\u00f3 dels Municipis Cer\u00e0mics col\u00b7labora amb ANFFECC per a oferir formaci\u00f3 cont\u00ednua en el sector cer\u00e0mic","datePublished":"2023-01-27T08:29:01+00:00","dateModified":"2023-01-27T08:29:01+00:00","mainEntityOfPage":{"@id":"https:\/\/pacteceramic.es\/el-pacte-per-locupacio-dels-municipis-ceramics-col%c2%b7labora-amb-anffecc-per-a-oferir-formacio-continua-en-el-sector-ceramic\/"},"wordCount":452,"publisher":{"@id":"https:\/\/pacteceramic.es\/es_es\/#organization"},"image":{"@id":"https:\/\/pacteceramic.es\/el-pacte-per-locupacio-dels-municipis-ceramics-col%c2%b7labora-amb-anffecc-per-a-oferir-formacio-continua-en-el-sector-ceramic\/#primaryimage"},"thumbnailUrl":"","articleSection":["Sin categor\u00eda @ca"],"inLanguage":"va-ES"},{"@type":"WebPage","@id":"https:\/\/pacteceramic.es\/el-pacte-per-locupacio-dels-municipis-ceramics-col%c2%b7labora-amb-anffecc-per-a-oferir-formacio-continua-en-el-sector-ceramic\/","url":"https:\/\/pacteceramic.es\/el-pacte-per-locupacio-dels-municipis-ceramics-col%c2%b7labora-amb-anffecc-per-a-oferir-formacio-continua-en-el-sector-ceramic\/","name":"El Pacte per l'Ocupaci\u00f3 dels Municipis Cer\u00e0mics col\u00b7labora amb ANFFECC per a oferir formaci\u00f3 cont\u00ednua en el sector cer\u00e0mic - Pacte Cer\u00e0mic","isPartOf":{"@id":"https:\/\/pacteceramic.es\/es_es\/#website"},"primaryImageOfPage":{"@id":"https:\/\/pacteceramic.es\/el-pacte-per-locupacio-dels-municipis-ceramics-col%c2%b7labora-amb-anffecc-per-a-oferir-formacio-continua-en-el-sector-ceramic\/#primaryimage"},"image":{"@id":"https:\/\/pacteceramic.es\/el-pacte-per-locupacio-dels-municipis-ceramics-col%c2%b7labora-amb-anffecc-per-a-oferir-formacio-continua-en-el-sector-ceramic\/#primaryimage"},"thumbnailUrl":"","datePublished":"2023-01-27T08:29:01+00:00","dateModified":"2023-01-27T08:29:01+00:00","breadcrumb":{"@id":"https:\/\/pacteceramic.es\/el-pacte-per-locupacio-dels-municipis-ceramics-col%c2%b7labora-amb-anffecc-per-a-oferir-formacio-continua-en-el-sector-ceramic\/#breadcrumb"},"inLanguage":"va-ES","potentialAction":[{"@type":"ReadAction","target":["https:\/\/pacteceramic.es\/el-pacte-per-locupacio-dels-municipis-ceramics-col%c2%b7labora-amb-anffecc-per-a-oferir-formacio-continua-en-el-sector-ceramic\/"]}]},{"@type":"ImageObject","inLanguage":"va-ES","@id":"https:\/\/pacteceramic.es\/el-pacte-per-locupacio-dels-municipis-ceramics-col%c2%b7labora-amb-anffecc-per-a-oferir-formacio-continua-en-el-sector-ceramic\/#primaryimage","url":"","contentUrl":""},{"@type":"BreadcrumbList","@id":"https:\/\/pacteceramic.es\/el-pacte-per-locupacio-dels-municipis-ceramics-col%c2%b7labora-amb-anffecc-per-a-oferir-formacio-continua-en-el-sector-ceramic\/#breadcrumb","itemListElement":[{"@type":"ListItem","position":1,"name":"Portada","item":"https:\/\/pacteceramic.es\/"},{"@type":"ListItem","position":2,"name":"El Pacte per l&#8217;Ocupaci\u00f3 dels Municipis Cer\u00e0mics col\u00b7labora amb ANFFECC per a oferir formaci\u00f3 cont\u00ednua en el sector cer\u00e0mic"}]},{"@type":"WebSite","@id":"https:\/\/pacteceramic.es\/es_es\/#website","url":"https:\/\/pacteceramic.es\/es_es\/","name":"Pacte Cer\u00e0mic","description":"Pacte Cer\u00e0mic","publisher":{"@id":"https:\/\/pacteceramic.es\/es_es\/#organization"},"potentialAction":[{"@type":"SearchAction","target":{"@type":"EntryPoint","urlTemplate":"https:\/\/pacteceramic.es\/es_es\/?s={search_term_string}"},"query-input":"required name=search_term_string"}],"inLanguage":"va-ES"},{"@type":"Organization","@id":"https:\/\/pacteceramic.es\/es_es\/#organization","name":"Pacte Cer\u00e0mic","url":"https:\/\/pacteceramic.es\/es_es\/","logo":{"@type":"ImageObject","inLanguage":"va-ES","@id":"https:\/\/pacteceramic.es\/es_es\/#\/schema\/logo\/image\/","url":"https:\/\/pacteceramic.es\/wp-content\/uploads\/2023\/05\/menulogo.png","contentUrl":"https:\/\/pacteceramic.es\/wp-content\/uploads\/2023\/05\/menulogo.png","width":249,"height":80,"caption":"Pacte Cer\u00e0mic"},"image":{"@id":"https:\/\/pacteceramic.es\/es_es\/#\/schema\/logo\/image\/"},"sameAs":["https:\/\/www.facebook.com\/pacteceramic\/","https:\/\/x.com\/pacteceramic","https:\/\/www.instagram.com\/pacteceramic\/","https:\/\/www.linkedin.com\/company\/pactemunicipisceramics\/"]},{"@type":"Person","@id":"https:\/\/pacteceramic.es\/es_es\/#\/schema\/person\/d8757e82992b54387f1f96b63e3434af","name":"Pacteceramic","image":{"@type":"ImageObject","inLanguage":"va-ES","@id":"https:\/\/pacteceramic.es\/es_es\/#\/schema\/person\/image\/","url":"https:\/\/secure.gravatar.com\/avatar\/add03c3ae52e6d8ee8c27f9a7cdeaf18899ffc6cc348538526bfcb9ba78343ff?s=96&d=mm&r=g","contentUrl":"https:\/\/secure.gravatar.com\/avatar\/add03c3ae52e6d8ee8c27f9a7cdeaf18899ffc6cc348538526bfcb9ba78343ff?s=96&d=mm&r=g","caption":"Pacteceramic"},"sameAs":["http:\/\/pacteceramic.es"],"url":"https:\/\/pacteceramic.es\/va_es\/author\/pacteceramic\/"}]}},"_links":{"self":[{"href":"https:\/\/pacteceramic.es\/va_es\/wp-json\/wp\/v2\/posts\/11250","targetHints":{"allow":["GET"]}}],"collection":[{"href":"https:\/\/pacteceramic.es\/va_es\/wp-json\/wp\/v2\/posts"}],"about":[{"href":"https:\/\/pacteceramic.es\/va_es\/wp-json\/wp\/v2\/types\/post"}],"author":[{"embeddable":true,"href":"https:\/\/pacteceramic.es\/va_es\/wp-json\/wp\/v2\/users\/1"}],"replies":[{"embeddable":true,"href":"https:\/\/pacteceramic.es\/va_es\/wp-json\/wp\/v2\/comments?post=11250"}],"version-history":[{"count":0,"href":"https:\/\/pacteceramic.es\/va_es\/wp-json\/wp\/v2\/posts\/11250\/revisions"}],"wp:featuredmedia":[{"embeddable":true,"href":"https:\/\/pacteceramic.es\/va_es\/wp-json\/"}],"wp:attachment":[{"href":"https:\/\/pacteceramic.es\/va_es\/wp-json\/wp\/v2\/media?parent=11250"}],"wp:term":[{"taxonomy":"category","embeddable":true,"href":"https:\/\/pacteceramic.es\/va_es\/wp-json\/wp\/v2\/categories?post=11250"},{"taxonomy":"post_tag","embeddable":true,"href":"https:\/\/pacteceramic.es\/va_es\/wp-json\/wp\/v2\/tags?post=11250"}],"curies":[{"name":"wp","href":"https:\/\/api.w.org\/{rel}","templated":true}]}}