{"id":11170,"date":"2022-11-04T10:53:15","date_gmt":"2022-11-04T09:53:15","guid":{"rendered":"https:\/\/www.pacteceramic.es\/?p=11170"},"modified":"2022-11-04T10:53:15","modified_gmt":"2022-11-04T09:53:15","slug":"el-pacte-per-locupacio-dels-municipis-ceramics-aprova-uns-pressupostos-inicials-per-a-2023-per-valor-de-240-42961e","status":"publish","type":"post","link":"https:\/\/pacteceramic.es\/va_es\/el-pacte-per-locupacio-dels-municipis-ceramics-aprova-uns-pressupostos-inicials-per-a-2023-per-valor-de-240-42961e\/","title":{"rendered":"El Pacte per l&#8217;Ocupaci\u00f3 dels Municipis Cer\u00e0mics aprova uns pressupostos inicials per a 2023 per valor de 240.429,61\u20ac"},"content":{"rendered":"<p><a href=\"https:\/\/www.pacteceramic.es\/wp-content\/uploads\/2022\/11\/Captura-1-1.jpg\"><img loading=\"lazy\" decoding=\"async\" class=\"aligncenter size-medium wp-image-11171\" src=\"https:\/\/pacteceramic.es\/wp-content\/uploads\/2023\/05\/Captura-1-1-300x154.jpg\" alt=\"\" width=\"300\" height=\"154\" \/><\/a><\/p>\n\n\n<!--more-->\n\n\n<p><em>En el Consell Rector celebrat s&#8217;ha plantejat la creaci\u00f3 d&#8217;un Portal d&#8217;Ocupaci\u00f3 i s&#8217;ha informat sobre l&#8217;evoluci\u00f3 del nou cicle de la \u201cLlan\u00e7adora Cap a l&#8217;Ocupabilitat Sostenible\u201d<\/em><\/p>\n<p>\u00a0<\/p>\n<p>El Pacte Territorial per l&#8217;Ocupaci\u00f3 dels Municipis Cer\u00e0mics ha aprovat en el Consell Rector uns pressupostos inicials per a l&#8217;exercici 2023 per un import de 240.429,61 \u20ac. La sessi\u00f3 ha plantejat la possible creaci\u00f3 d&#8217;un Portal d&#8217;Ocupaci\u00f3, un servei que se sumaria als oferits actualment i els resultats positius dels quals s&#8217;han compartit durant la reuni\u00f3. En aquest sentit, s&#8217;ha exposat l&#8217;evoluci\u00f3 del nou cicle del projecte \u201cLlan\u00e7adora Cap a l&#8217;Ocupabilitat Sostenible\u201d, que ja ha donat principi en alguns dels municipis consorciats.<\/p>\n<p>\u00a0<\/p>\n<p>La nova etapa de la Llan\u00e7adora, dirigida fonamentalment a empleats del sector cer\u00e0mic en situaci\u00f3 d&#8217;ERTO, ha donat principi en municipis com L&#8217;Alcora, el passat 24 d&#8217;octubre, i Almassora, grup format \u00edntegrament per persones en aquesta situaci\u00f3 laboral, que ha comen\u00e7at aquest dijous 3 de novembre. Aquesta formaci\u00f3 est\u00e0 dissenyada per a respondre a les necessitats espec\u00edfiques i reals del sector cer\u00e0mic. En el cas de Borriana, el termini d&#8217;inscripcions continua obert per a totes les persones desocupades, independentment que hagen treballat en el sector, per a aix\u00ed poder con\u00e9ixer els coneixements b\u00e0sics sobre aquesta \u00e0rea d&#8217;ocupaci\u00f3.<\/p>\n<p>\u00a0<\/p>\n<p>D&#8217;altra banda, la sessi\u00f3 tamb\u00e9 ha informat sobre l&#8217;atenci\u00f3 d&#8217;11 nous emprenedors i l&#8217;assessorament a 9 empreses, a m\u00e9s de les 14 ajudes tramitades favorablement a trav\u00e9s del servei gratu\u00eft d&#8217;assessorament a empreses i emprenedors, que han suposat quasi 80.000 euros concedits en subvencions.<\/p>\n<p>\u00a0<\/p>\n<p>Paral\u00b7lelament, el Consorci ha impartit un nou cicle de tallers en compet\u00e8ncies digitals per a cobrir les necessitats de digitalitzaci\u00f3 detectades en el territori, uns cursos que continuen rebent un gran acolliment completant el seu aforament. De la mateixa manera, la intermediaci\u00f3 i derivaci\u00f3 de perfils professionals i les pr\u00e0ctiques no laborables gestionades pel Pacte segueixen el seu progr\u00e9s habitual, igual que el sistema de formaci\u00f3 a la carta per a empreses com Mercury, impartint sessions personalitzades en cer\u00e0mica digital dirigides als professionals del sector amb la finalitat d&#8217;afavorir el reciclatge professional per a millorar la competitivitat.<\/p>\n<p>\u00a0<\/p>\n<p>Aquestes accions estan emmarcades en l&#8217;actual projecte de \u201cLlan\u00e7adora cap a l&#8217;Ocupabilitat Sostenible\u201d, que est\u00e0 subvencionat per LABORA i el Ministeri de Treball i Economia Social a trav\u00e9s del programa Avalem Territori i compleix l&#8217;objectiu d&#8217;ajudar a les persones desocupades a trav\u00e9s de diferents serveis formatius i d&#8217;orientaci\u00f3 laboral.<\/p>","protected":false},"excerpt":{"rendered":"","protected":false},"author":1,"featured_media":11167,"comment_status":"closed","ping_status":"open","sticky":false,"template":"","format":"standard","meta":{"iawp_total_views":1,"footnotes":""},"categories":[8],"tags":[],"class_list":["post-11170","post","type-post","status-publish","format-standard","has-post-thumbnail","hentry","category-sin-categoria-ca"],"yoast_head":"<!-- This site is optimized with the Yoast SEO plugin v23.1 - https:\/\/yoast.com\/wordpress\/plugins\/seo\/ -->\n<title>El Pacte per l&#039;Ocupaci\u00f3 dels Municipis Cer\u00e0mics aprova uns pressupostos inicials per a 2023 per valor de 240.429,61\u20ac - Pacte Cer\u00e0mic<\/title>\n<meta name=\"robots\" content=\"index, follow, max-snippet:-1, max-image-preview:large, max-video-preview:-1\" \/>\n<link rel=\"canonical\" href=\"https:\/\/pacteceramic.es\/va_es\/el-pacte-per-locupacio-dels-municipis-ceramics-aprova-uns-pressupostos-inicials-per-a-2023-per-valor-de-240-42961e\/\" \/>\n<meta property=\"og:locale\" content=\"en_US\" \/>\n<meta property=\"og:type\" content=\"article\" \/>\n<meta property=\"og:title\" content=\"El Pacte per l&#039;Ocupaci\u00f3 dels Municipis Cer\u00e0mics aprova uns pressupostos inicials per a 2023 per valor de 240.429,61\u20ac - Pacte Cer\u00e0mic\" \/>\n<meta property=\"og:url\" content=\"https:\/\/pacteceramic.es\/va_es\/el-pacte-per-locupacio-dels-municipis-ceramics-aprova-uns-pressupostos-inicials-per-a-2023-per-valor-de-240-42961e\/\" \/>\n<meta property=\"og:site_name\" content=\"Pacte Cer\u00e0mic\" \/>\n<meta property=\"article:publisher\" content=\"https:\/\/www.facebook.com\/pacteceramic\/\" \/>\n<meta property=\"article:published_time\" content=\"2022-11-04T09:53:15+00:00\" \/>\n<meta name=\"author\" content=\"Pacteceramic\" \/>\n<meta name=\"twitter:card\" content=\"summary_large_image\" \/>\n<meta name=\"twitter:creator\" content=\"@pacteceramic\" \/>\n<meta name=\"twitter:site\" content=\"@pacteceramic\" \/>\n<meta name=\"twitter:label1\" content=\"Written by\" \/>\n\t<meta name=\"twitter:data1\" content=\"Pacteceramic\" \/>\n\t<meta name=\"twitter:label2\" content=\"Est. reading time\" \/>\n\t<meta name=\"twitter:data2\" content=\"2 minutes\" \/>\n<script type=\"application\/ld+json\" class=\"yoast-schema-graph\">{\"@context\":\"https:\/\/schema.org\",\"@graph\":[{\"@type\":\"Article\",\"@id\":\"https:\/\/pacteceramic.es\/es_es\/el-pacte-per-locupacio-dels-municipis-ceramics-aprova-uns-pressupostos-inicials-per-a-2023-per-valor-de-240-42961e\/#article\",\"isPartOf\":{\"@id\":\"https:\/\/pacteceramic.es\/es_es\/el-pacte-per-locupacio-dels-municipis-ceramics-aprova-uns-pressupostos-inicials-per-a-2023-per-valor-de-240-42961e\/\"},\"author\":{\"name\":\"Pacteceramic\",\"@id\":\"https:\/\/pacteceramic.es\/es_es\/#\/schema\/person\/d8757e82992b54387f1f96b63e3434af\"},\"headline\":\"El Pacte per l&#8217;Ocupaci\u00f3 dels Municipis Cer\u00e0mics aprova uns pressupostos inicials per a 2023 per valor de 240.429,61\u20ac\",\"datePublished\":\"2022-11-04T09:53:15+00:00\",\"dateModified\":\"2022-11-04T09:53:15+00:00\",\"mainEntityOfPage\":{\"@id\":\"https:\/\/pacteceramic.es\/es_es\/el-pacte-per-locupacio-dels-municipis-ceramics-aprova-uns-pressupostos-inicials-per-a-2023-per-valor-de-240-42961e\/\"},\"wordCount\":456,\"publisher\":{\"@id\":\"https:\/\/pacteceramic.es\/es_es\/#organization\"},\"image\":{\"@id\":\"https:\/\/pacteceramic.es\/es_es\/el-pacte-per-locupacio-dels-municipis-ceramics-aprova-uns-pressupostos-inicials-per-a-2023-per-valor-de-240-42961e\/#primaryimage\"},\"thumbnailUrl\":\"\",\"articleSection\":[\"Sin categor\u00eda @ca\"],\"inLanguage\":\"va-ES\"},{\"@type\":\"WebPage\",\"@id\":\"https:\/\/pacteceramic.es\/es_es\/el-pacte-per-locupacio-dels-municipis-ceramics-aprova-uns-pressupostos-inicials-per-a-2023-per-valor-de-240-42961e\/\",\"url\":\"https:\/\/pacteceramic.es\/es_es\/el-pacte-per-locupacio-dels-municipis-ceramics-aprova-uns-pressupostos-inicials-per-a-2023-per-valor-de-240-42961e\/\",\"name\":\"El Pacte per l'Ocupaci\u00f3 dels Municipis Cer\u00e0mics aprova uns pressupostos inicials per a 2023 per valor de 240.429,61\u20ac - Pacte Cer\u00e0mic\",\"isPartOf\":{\"@id\":\"https:\/\/pacteceramic.es\/es_es\/#website\"},\"primaryImageOfPage\":{\"@id\":\"https:\/\/pacteceramic.es\/es_es\/el-pacte-per-locupacio-dels-municipis-ceramics-aprova-uns-pressupostos-inicials-per-a-2023-per-valor-de-240-42961e\/#primaryimage\"},\"image\":{\"@id\":\"https:\/\/pacteceramic.es\/es_es\/el-pacte-per-locupacio-dels-municipis-ceramics-aprova-uns-pressupostos-inicials-per-a-2023-per-valor-de-240-42961e\/#primaryimage\"},\"thumbnailUrl\":\"\",\"datePublished\":\"2022-11-04T09:53:15+00:00\",\"dateModified\":\"2022-11-04T09:53:15+00:00\",\"breadcrumb\":{\"@id\":\"https:\/\/pacteceramic.es\/es_es\/el-pacte-per-locupacio-dels-municipis-ceramics-aprova-uns-pressupostos-inicials-per-a-2023-per-valor-de-240-42961e\/#breadcrumb\"},\"inLanguage\":\"va-ES\",\"potentialAction\":[{\"@type\":\"ReadAction\",\"target\":[\"https:\/\/pacteceramic.es\/es_es\/el-pacte-per-locupacio-dels-municipis-ceramics-aprova-uns-pressupostos-inicials-per-a-2023-per-valor-de-240-42961e\/\"]}]},{\"@type\":\"ImageObject\",\"inLanguage\":\"va-ES\",\"@id\":\"https:\/\/pacteceramic.es\/es_es\/el-pacte-per-locupacio-dels-municipis-ceramics-aprova-uns-pressupostos-inicials-per-a-2023-per-valor-de-240-42961e\/#primaryimage\",\"url\":\"\",\"contentUrl\":\"\"},{\"@type\":\"BreadcrumbList\",\"@id\":\"https:\/\/pacteceramic.es\/es_es\/el-pacte-per-locupacio-dels-municipis-ceramics-aprova-uns-pressupostos-inicials-per-a-2023-per-valor-de-240-42961e\/#breadcrumb\",\"itemListElement\":[{\"@type\":\"ListItem\",\"position\":1,\"name\":\"Portada\",\"item\":\"https:\/\/pacteceramic.es\/\"},{\"@type\":\"ListItem\",\"position\":2,\"name\":\"El Pacte per l&#8217;Ocupaci\u00f3 dels Municipis Cer\u00e0mics aprova uns pressupostos inicials per a 2023 per valor de 240.429,61\u20ac\"}]},{\"@type\":\"WebSite\",\"@id\":\"https:\/\/pacteceramic.es\/es_es\/#website\",\"url\":\"https:\/\/pacteceramic.es\/es_es\/\",\"name\":\"Pacte Cer\u00e0mic\",\"description\":\"Pacte Cer\u00e0mic\",\"publisher\":{\"@id\":\"https:\/\/pacteceramic.es\/es_es\/#organization\"},\"potentialAction\":[{\"@type\":\"SearchAction\",\"target\":{\"@type\":\"EntryPoint\",\"urlTemplate\":\"https:\/\/pacteceramic.es\/es_es\/?s={search_term_string}\"},\"query-input\":\"required name=search_term_string\"}],\"inLanguage\":\"va-ES\"},{\"@type\":\"Organization\",\"@id\":\"https:\/\/pacteceramic.es\/es_es\/#organization\",\"name\":\"Pacte Cer\u00e0mic\",\"url\":\"https:\/\/pacteceramic.es\/es_es\/\",\"logo\":{\"@type\":\"ImageObject\",\"inLanguage\":\"va-ES\",\"@id\":\"https:\/\/pacteceramic.es\/es_es\/#\/schema\/logo\/image\/\",\"url\":\"https:\/\/pacteceramic.es\/wp-content\/uploads\/2023\/05\/menulogo.png\",\"contentUrl\":\"https:\/\/pacteceramic.es\/wp-content\/uploads\/2023\/05\/menulogo.png\",\"width\":249,\"height\":80,\"caption\":\"Pacte Cer\u00e0mic\"},\"image\":{\"@id\":\"https:\/\/pacteceramic.es\/es_es\/#\/schema\/logo\/image\/\"},\"sameAs\":[\"https:\/\/www.facebook.com\/pacteceramic\/\",\"https:\/\/x.com\/pacteceramic\",\"https:\/\/www.instagram.com\/pacteceramic\/\",\"https:\/\/www.linkedin.com\/company\/pactemunicipisceramics\/\"]},{\"@type\":\"Person\",\"@id\":\"https:\/\/pacteceramic.es\/es_es\/#\/schema\/person\/d8757e82992b54387f1f96b63e3434af\",\"name\":\"Pacteceramic\",\"image\":{\"@type\":\"ImageObject\",\"inLanguage\":\"va-ES\",\"@id\":\"https:\/\/pacteceramic.es\/es_es\/#\/schema\/person\/image\/\",\"url\":\"https:\/\/secure.gravatar.com\/avatar\/add03c3ae52e6d8ee8c27f9a7cdeaf18899ffc6cc348538526bfcb9ba78343ff?s=96&d=mm&r=g\",\"contentUrl\":\"https:\/\/secure.gravatar.com\/avatar\/add03c3ae52e6d8ee8c27f9a7cdeaf18899ffc6cc348538526bfcb9ba78343ff?s=96&d=mm&r=g\",\"caption\":\"Pacteceramic\"},\"sameAs\":[\"http:\/\/pacteceramic.es\"],\"url\":\"https:\/\/pacteceramic.es\/va_es\/author\/pacteceramic\/\"}]}<\/script>\n<!-- \/ Yoast SEO plugin. -->","yoast_head_json":{"title":"El Pacte per l'Ocupaci\u00f3 dels Municipis Cer\u00e0mics aprova uns pressupostos inicials per a 2023 per valor de 240.429,61\u20ac - Pacte Cer\u00e0mic","robots":{"index":"index","follow":"follow","max-snippet":"max-snippet:-1","max-image-preview":"max-image-preview:large","max-video-preview":"max-video-preview:-1"},"canonical":"https:\/\/pacteceramic.es\/va_es\/el-pacte-per-locupacio-dels-municipis-ceramics-aprova-uns-pressupostos-inicials-per-a-2023-per-valor-de-240-42961e\/","og_locale":"en_US","og_type":"article","og_title":"El Pacte per l'Ocupaci\u00f3 dels Municipis Cer\u00e0mics aprova uns pressupostos inicials per a 2023 per valor de 240.429,61\u20ac - Pacte Cer\u00e0mic","og_url":"https:\/\/pacteceramic.es\/va_es\/el-pacte-per-locupacio-dels-municipis-ceramics-aprova-uns-pressupostos-inicials-per-a-2023-per-valor-de-240-42961e\/","og_site_name":"Pacte Cer\u00e0mic","article_publisher":"https:\/\/www.facebook.com\/pacteceramic\/","article_published_time":"2022-11-04T09:53:15+00:00","author":"Pacteceramic","twitter_card":"summary_large_image","twitter_creator":"@pacteceramic","twitter_site":"@pacteceramic","twitter_misc":{"Written by":"Pacteceramic","Est. reading time":"2 minutes"},"schema":{"@context":"https:\/\/schema.org","@graph":[{"@type":"Article","@id":"https:\/\/pacteceramic.es\/es_es\/el-pacte-per-locupacio-dels-municipis-ceramics-aprova-uns-pressupostos-inicials-per-a-2023-per-valor-de-240-42961e\/#article","isPartOf":{"@id":"https:\/\/pacteceramic.es\/es_es\/el-pacte-per-locupacio-dels-municipis-ceramics-aprova-uns-pressupostos-inicials-per-a-2023-per-valor-de-240-42961e\/"},"author":{"name":"Pacteceramic","@id":"https:\/\/pacteceramic.es\/es_es\/#\/schema\/person\/d8757e82992b54387f1f96b63e3434af"},"headline":"El Pacte per l&#8217;Ocupaci\u00f3 dels Municipis Cer\u00e0mics aprova uns pressupostos inicials per a 2023 per valor de 240.429,61\u20ac","datePublished":"2022-11-04T09:53:15+00:00","dateModified":"2022-11-04T09:53:15+00:00","mainEntityOfPage":{"@id":"https:\/\/pacteceramic.es\/es_es\/el-pacte-per-locupacio-dels-municipis-ceramics-aprova-uns-pressupostos-inicials-per-a-2023-per-valor-de-240-42961e\/"},"wordCount":456,"publisher":{"@id":"https:\/\/pacteceramic.es\/es_es\/#organization"},"image":{"@id":"https:\/\/pacteceramic.es\/es_es\/el-pacte-per-locupacio-dels-municipis-ceramics-aprova-uns-pressupostos-inicials-per-a-2023-per-valor-de-240-42961e\/#primaryimage"},"thumbnailUrl":"","articleSection":["Sin categor\u00eda @ca"],"inLanguage":"va-ES"},{"@type":"WebPage","@id":"https:\/\/pacteceramic.es\/es_es\/el-pacte-per-locupacio-dels-municipis-ceramics-aprova-uns-pressupostos-inicials-per-a-2023-per-valor-de-240-42961e\/","url":"https:\/\/pacteceramic.es\/es_es\/el-pacte-per-locupacio-dels-municipis-ceramics-aprova-uns-pressupostos-inicials-per-a-2023-per-valor-de-240-42961e\/","name":"El Pacte per l'Ocupaci\u00f3 dels Municipis Cer\u00e0mics aprova uns pressupostos inicials per a 2023 per valor de 240.429,61\u20ac - Pacte Cer\u00e0mic","isPartOf":{"@id":"https:\/\/pacteceramic.es\/es_es\/#website"},"primaryImageOfPage":{"@id":"https:\/\/pacteceramic.es\/es_es\/el-pacte-per-locupacio-dels-municipis-ceramics-aprova-uns-pressupostos-inicials-per-a-2023-per-valor-de-240-42961e\/#primaryimage"},"image":{"@id":"https:\/\/pacteceramic.es\/es_es\/el-pacte-per-locupacio-dels-municipis-ceramics-aprova-uns-pressupostos-inicials-per-a-2023-per-valor-de-240-42961e\/#primaryimage"},"thumbnailUrl":"","datePublished":"2022-11-04T09:53:15+00:00","dateModified":"2022-11-04T09:53:15+00:00","breadcrumb":{"@id":"https:\/\/pacteceramic.es\/es_es\/el-pacte-per-locupacio-dels-municipis-ceramics-aprova-uns-pressupostos-inicials-per-a-2023-per-valor-de-240-42961e\/#breadcrumb"},"inLanguage":"va-ES","potentialAction":[{"@type":"ReadAction","target":["https:\/\/pacteceramic.es\/es_es\/el-pacte-per-locupacio-dels-municipis-ceramics-aprova-uns-pressupostos-inicials-per-a-2023-per-valor-de-240-42961e\/"]}]},{"@type":"ImageObject","inLanguage":"va-ES","@id":"https:\/\/pacteceramic.es\/es_es\/el-pacte-per-locupacio-dels-municipis-ceramics-aprova-uns-pressupostos-inicials-per-a-2023-per-valor-de-240-42961e\/#primaryimage","url":"","contentUrl":""},{"@type":"BreadcrumbList","@id":"https:\/\/pacteceramic.es\/es_es\/el-pacte-per-locupacio-dels-municipis-ceramics-aprova-uns-pressupostos-inicials-per-a-2023-per-valor-de-240-42961e\/#breadcrumb","itemListElement":[{"@type":"ListItem","position":1,"name":"Portada","item":"https:\/\/pacteceramic.es\/"},{"@type":"ListItem","position":2,"name":"El Pacte per l&#8217;Ocupaci\u00f3 dels Municipis Cer\u00e0mics aprova uns pressupostos inicials per a 2023 per valor de 240.429,61\u20ac"}]},{"@type":"WebSite","@id":"https:\/\/pacteceramic.es\/es_es\/#website","url":"https:\/\/pacteceramic.es\/es_es\/","name":"Pacte Cer\u00e0mic","description":"Pacte Cer\u00e0mic","publisher":{"@id":"https:\/\/pacteceramic.es\/es_es\/#organization"},"potentialAction":[{"@type":"SearchAction","target":{"@type":"EntryPoint","urlTemplate":"https:\/\/pacteceramic.es\/es_es\/?s={search_term_string}"},"query-input":"required name=search_term_string"}],"inLanguage":"va-ES"},{"@type":"Organization","@id":"https:\/\/pacteceramic.es\/es_es\/#organization","name":"Pacte Cer\u00e0mic","url":"https:\/\/pacteceramic.es\/es_es\/","logo":{"@type":"ImageObject","inLanguage":"va-ES","@id":"https:\/\/pacteceramic.es\/es_es\/#\/schema\/logo\/image\/","url":"https:\/\/pacteceramic.es\/wp-content\/uploads\/2023\/05\/menulogo.png","contentUrl":"https:\/\/pacteceramic.es\/wp-content\/uploads\/2023\/05\/menulogo.png","width":249,"height":80,"caption":"Pacte Cer\u00e0mic"},"image":{"@id":"https:\/\/pacteceramic.es\/es_es\/#\/schema\/logo\/image\/"},"sameAs":["https:\/\/www.facebook.com\/pacteceramic\/","https:\/\/x.com\/pacteceramic","https:\/\/www.instagram.com\/pacteceramic\/","https:\/\/www.linkedin.com\/company\/pactemunicipisceramics\/"]},{"@type":"Person","@id":"https:\/\/pacteceramic.es\/es_es\/#\/schema\/person\/d8757e82992b54387f1f96b63e3434af","name":"Pacteceramic","image":{"@type":"ImageObject","inLanguage":"va-ES","@id":"https:\/\/pacteceramic.es\/es_es\/#\/schema\/person\/image\/","url":"https:\/\/secure.gravatar.com\/avatar\/add03c3ae52e6d8ee8c27f9a7cdeaf18899ffc6cc348538526bfcb9ba78343ff?s=96&d=mm&r=g","contentUrl":"https:\/\/secure.gravatar.com\/avatar\/add03c3ae52e6d8ee8c27f9a7cdeaf18899ffc6cc348538526bfcb9ba78343ff?s=96&d=mm&r=g","caption":"Pacteceramic"},"sameAs":["http:\/\/pacteceramic.es"],"url":"https:\/\/pacteceramic.es\/va_es\/author\/pacteceramic\/"}]}},"_links":{"self":[{"href":"https:\/\/pacteceramic.es\/va_es\/wp-json\/wp\/v2\/posts\/11170","targetHints":{"allow":["GET"]}}],"collection":[{"href":"https:\/\/pacteceramic.es\/va_es\/wp-json\/wp\/v2\/posts"}],"about":[{"href":"https:\/\/pacteceramic.es\/va_es\/wp-json\/wp\/v2\/types\/post"}],"author":[{"embeddable":true,"href":"https:\/\/pacteceramic.es\/va_es\/wp-json\/wp\/v2\/users\/1"}],"replies":[{"embeddable":true,"href":"https:\/\/pacteceramic.es\/va_es\/wp-json\/wp\/v2\/comments?post=11170"}],"version-history":[{"count":0,"href":"https:\/\/pacteceramic.es\/va_es\/wp-json\/wp\/v2\/posts\/11170\/revisions"}],"wp:featuredmedia":[{"embeddable":true,"href":"https:\/\/pacteceramic.es\/va_es\/wp-json\/"}],"wp:attachment":[{"href":"https:\/\/pacteceramic.es\/va_es\/wp-json\/wp\/v2\/media?parent=11170"}],"wp:term":[{"taxonomy":"category","embeddable":true,"href":"https:\/\/pacteceramic.es\/va_es\/wp-json\/wp\/v2\/categories?post=11170"},{"taxonomy":"post_tag","embeddable":true,"href":"https:\/\/pacteceramic.es\/va_es\/wp-json\/wp\/v2\/tags?post=11170"}],"curies":[{"name":"wp","href":"https:\/\/api.w.org\/{rel}","templated":true}]}}