{"id":10493,"date":"2021-09-20T15:42:37","date_gmt":"2021-09-20T13:42:37","guid":{"rendered":"https:\/\/www.pacteceramic.es\/?p=10493"},"modified":"2021-09-20T15:42:37","modified_gmt":"2021-09-20T13:42:37","slug":"el-pacte-territorial-per-locupacio-dels-municipis-ceramics-forma-a-lalumnat-en-surface-gracies-a-lacord-aconseguit-amb-sacmi-iberica","status":"publish","type":"post","link":"https:\/\/pacteceramic.es\/va_es\/el-pacte-territorial-per-locupacio-dels-municipis-ceramics-forma-a-lalumnat-en-surface-gracies-a-lacord-aconseguit-amb-sacmi-iberica\/","title":{"rendered":"El Pacte Territorial per l&#8217;Ocupaci\u00f3 dels Municipis Cer\u00e0mics forma a l&#8217;alumnat en Surface gr\u00e0cies a l&#8217;acord aconseguit amb Sacmi Ib\u00e8rica"},"content":{"rendered":"<p><!--more--><\/p>\n\n<p><a href=\"https:\/\/www.pacteceramic.es\/wp-content\/uploads\/2021\/09\/formacion-Sacmi-20-09-21.jpg\"><img loading=\"lazy\" decoding=\"async\" class=\"alignnone size-medium wp-image-10491\" src=\"https:\/\/pacteceramic.es\/wp-content\/uploads\/2023\/05\/formacion-Sacmi-20-09-21-300x222.jpg\" alt=\"\" width=\"300\" height=\"222\" \/><\/a><\/p>\n\n\n<p><em>El curs proporcionar\u00e0 a l&#8217;alumnat coneixements per al maneig de sistemes de visi\u00f3 artificial aplicats a la cer\u00e0mica, una formaci\u00f3 molt demandada pel sector<\/em><\/p>\n\n\n\n<p><br>El Pacte Territorial per l&#8217;Ocupaci\u00f3 dels Municipis Cer\u00e0mics ha iniciat una formaci\u00f3 de\u00a0Surface\u00a0gr\u00e0cies a l&#8217;acord de col\u00b7laboraci\u00f3 aconseguit amb\u00a0Sacmi\u00a0Ib\u00e8rica, acci\u00f3 que proporcionar\u00e0 a l&#8217;alumnat els coneixements necessaris per a l&#8217;\u00fas i maneig d&#8217;aquest sistema de visi\u00f3 artificial aplicat a la cer\u00e0mica.<\/p>\n\n\n\n<p><br>El Casal&nbsp;Jove&nbsp;de l&#8217;Alcora ha acollit la primera jornada d&#8217;aquest curs dirigit a un grup de 13 alumnes, que rebr\u00e0 una formaci\u00f3 molt demandada en el mercat cer\u00e0mic. El curs combina els coneixements te\u00f2rics i pr\u00e0ctics i inclou diverses sessions pr\u00e0ctiques, que tindran lloc en les instal\u00b7lacions d&#8217;aquesta empresa amb seu a Castell\u00f3.<\/p>\n\n\n\n<p><br>Tant representants del Consorci com de&nbsp;Sacmi&nbsp;Ib\u00e8rica han estat presents en aquesta primera jornada formativa, en la qual l&#8217;alumnat ha rebut les primeres nocions d&#8217;aquesta tecnologia&nbsp;Flawmaster&nbsp;orientada al control de les rajoles mitjan\u00e7ant un avan\u00e7at sistema d&#8217;inspecci\u00f3 autom\u00e0tica. En concret, el president del Pacte i alcalde de l&#8217;Alcora, Samuel&nbsp;Falomir, ha acudit per a donar la benvinguda a aquest grup de persones desocupades. Aix\u00ed mateix, Pedro Ortega, de&nbsp;Sacmi&nbsp;Academy, Miguel&nbsp;Rozal\u00e9n, especialista de producte de visi\u00f3 artificial, i el formador Amadeo&nbsp;Capuz&nbsp;han sigut els encarregats d&#8217;impartir la formaci\u00f3 i presentar els continguts de&nbsp;Sacmi Academy, la nova l\u00ednia de formaci\u00f3 en tecnologia cer\u00e0mica.<\/p>\n\n\n\n<p><br>Aquesta acci\u00f3 est\u00e0 emmarcada en el projecte de Llan\u00e7adora de Formaci\u00f3, Ocupabilitat i Emprenedoria subvencionada per&nbsp;LABORA&nbsp;(programa&nbsp;Avalem&nbsp;Territori)&nbsp;i el Ministeri de Treball i Economia Social.<\/p>","protected":false},"excerpt":{"rendered":"","protected":false},"author":1,"featured_media":10491,"comment_status":"closed","ping_status":"open","sticky":false,"template":"","format":"standard","meta":{"iawp_total_views":2,"footnotes":""},"categories":[8],"tags":[],"class_list":["post-10493","post","type-post","status-publish","format-standard","has-post-thumbnail","hentry","category-sin-categoria-ca"],"yoast_head":"<!-- This site is optimized with the Yoast SEO plugin v23.1 - https:\/\/yoast.com\/wordpress\/plugins\/seo\/ -->\n<title>El Pacte Territorial per l&#039;Ocupaci\u00f3 dels Municipis Cer\u00e0mics forma a l&#039;alumnat en Surface gr\u00e0cies a l&#039;acord aconseguit amb Sacmi Ib\u00e8rica - Pacte Cer\u00e0mic<\/title>\n<meta name=\"robots\" content=\"index, follow, max-snippet:-1, max-image-preview:large, max-video-preview:-1\" \/>\n<link rel=\"canonical\" href=\"https:\/\/pacteceramic.es\/va_es\/el-pacte-territorial-per-locupacio-dels-municipis-ceramics-forma-a-lalumnat-en-surface-gracies-a-lacord-aconseguit-amb-sacmi-iberica\/\" \/>\n<meta property=\"og:locale\" content=\"en_US\" \/>\n<meta property=\"og:type\" content=\"article\" \/>\n<meta property=\"og:title\" content=\"El Pacte Territorial per l&#039;Ocupaci\u00f3 dels Municipis Cer\u00e0mics forma a l&#039;alumnat en Surface gr\u00e0cies a l&#039;acord aconseguit amb Sacmi Ib\u00e8rica - Pacte Cer\u00e0mic\" \/>\n<meta property=\"og:url\" content=\"https:\/\/pacteceramic.es\/va_es\/el-pacte-territorial-per-locupacio-dels-municipis-ceramics-forma-a-lalumnat-en-surface-gracies-a-lacord-aconseguit-amb-sacmi-iberica\/\" \/>\n<meta property=\"og:site_name\" content=\"Pacte Cer\u00e0mic\" \/>\n<meta property=\"article:publisher\" content=\"https:\/\/www.facebook.com\/pacteceramic\/\" \/>\n<meta property=\"article:published_time\" content=\"2021-09-20T13:42:37+00:00\" \/>\n<meta name=\"author\" content=\"Pacteceramic\" \/>\n<meta name=\"twitter:card\" content=\"summary_large_image\" \/>\n<meta name=\"twitter:creator\" content=\"@pacteceramic\" \/>\n<meta name=\"twitter:site\" content=\"@pacteceramic\" \/>\n<meta name=\"twitter:label1\" content=\"Written by\" \/>\n\t<meta name=\"twitter:data1\" content=\"Pacteceramic\" \/>\n\t<meta name=\"twitter:label2\" content=\"Est. reading time\" \/>\n\t<meta name=\"twitter:data2\" content=\"1 minute\" \/>\n<script type=\"application\/ld+json\" class=\"yoast-schema-graph\">{\"@context\":\"https:\/\/schema.org\",\"@graph\":[{\"@type\":\"Article\",\"@id\":\"https:\/\/pacteceramic.es\/va_es\/el-pacte-territorial-per-locupacio-dels-municipis-ceramics-forma-a-lalumnat-en-surface-gracies-a-lacord-aconseguit-amb-sacmi-iberica\/#article\",\"isPartOf\":{\"@id\":\"https:\/\/pacteceramic.es\/va_es\/el-pacte-territorial-per-locupacio-dels-municipis-ceramics-forma-a-lalumnat-en-surface-gracies-a-lacord-aconseguit-amb-sacmi-iberica\/\"},\"author\":{\"name\":\"Pacteceramic\",\"@id\":\"https:\/\/pacteceramic.es\/es_es\/#\/schema\/person\/d8757e82992b54387f1f96b63e3434af\"},\"headline\":\"El Pacte Territorial per l&#8217;Ocupaci\u00f3 dels Municipis Cer\u00e0mics forma a l&#8217;alumnat en Surface gr\u00e0cies a l&#8217;acord aconseguit amb Sacmi Ib\u00e8rica\",\"datePublished\":\"2021-09-20T13:42:37+00:00\",\"dateModified\":\"2021-09-20T13:42:37+00:00\",\"mainEntityOfPage\":{\"@id\":\"https:\/\/pacteceramic.es\/va_es\/el-pacte-territorial-per-locupacio-dels-municipis-ceramics-forma-a-lalumnat-en-surface-gracies-a-lacord-aconseguit-amb-sacmi-iberica\/\"},\"wordCount\":334,\"publisher\":{\"@id\":\"https:\/\/pacteceramic.es\/es_es\/#organization\"},\"image\":{\"@id\":\"https:\/\/pacteceramic.es\/va_es\/el-pacte-territorial-per-locupacio-dels-municipis-ceramics-forma-a-lalumnat-en-surface-gracies-a-lacord-aconseguit-amb-sacmi-iberica\/#primaryimage\"},\"thumbnailUrl\":\"\",\"articleSection\":[\"Sin categor\u00eda @ca\"],\"inLanguage\":\"va-ES\"},{\"@type\":\"WebPage\",\"@id\":\"https:\/\/pacteceramic.es\/va_es\/el-pacte-territorial-per-locupacio-dels-municipis-ceramics-forma-a-lalumnat-en-surface-gracies-a-lacord-aconseguit-amb-sacmi-iberica\/\",\"url\":\"https:\/\/pacteceramic.es\/va_es\/el-pacte-territorial-per-locupacio-dels-municipis-ceramics-forma-a-lalumnat-en-surface-gracies-a-lacord-aconseguit-amb-sacmi-iberica\/\",\"name\":\"El Pacte Territorial per l'Ocupaci\u00f3 dels Municipis Cer\u00e0mics forma a l'alumnat en Surface gr\u00e0cies a l'acord aconseguit amb Sacmi Ib\u00e8rica - Pacte Cer\u00e0mic\",\"isPartOf\":{\"@id\":\"https:\/\/pacteceramic.es\/es_es\/#website\"},\"primaryImageOfPage\":{\"@id\":\"https:\/\/pacteceramic.es\/va_es\/el-pacte-territorial-per-locupacio-dels-municipis-ceramics-forma-a-lalumnat-en-surface-gracies-a-lacord-aconseguit-amb-sacmi-iberica\/#primaryimage\"},\"image\":{\"@id\":\"https:\/\/pacteceramic.es\/va_es\/el-pacte-territorial-per-locupacio-dels-municipis-ceramics-forma-a-lalumnat-en-surface-gracies-a-lacord-aconseguit-amb-sacmi-iberica\/#primaryimage\"},\"thumbnailUrl\":\"\",\"datePublished\":\"2021-09-20T13:42:37+00:00\",\"dateModified\":\"2021-09-20T13:42:37+00:00\",\"breadcrumb\":{\"@id\":\"https:\/\/pacteceramic.es\/va_es\/el-pacte-territorial-per-locupacio-dels-municipis-ceramics-forma-a-lalumnat-en-surface-gracies-a-lacord-aconseguit-amb-sacmi-iberica\/#breadcrumb\"},\"inLanguage\":\"va-ES\",\"potentialAction\":[{\"@type\":\"ReadAction\",\"target\":[\"https:\/\/pacteceramic.es\/va_es\/el-pacte-territorial-per-locupacio-dels-municipis-ceramics-forma-a-lalumnat-en-surface-gracies-a-lacord-aconseguit-amb-sacmi-iberica\/\"]}]},{\"@type\":\"ImageObject\",\"inLanguage\":\"va-ES\",\"@id\":\"https:\/\/pacteceramic.es\/va_es\/el-pacte-territorial-per-locupacio-dels-municipis-ceramics-forma-a-lalumnat-en-surface-gracies-a-lacord-aconseguit-amb-sacmi-iberica\/#primaryimage\",\"url\":\"\",\"contentUrl\":\"\"},{\"@type\":\"BreadcrumbList\",\"@id\":\"https:\/\/pacteceramic.es\/va_es\/el-pacte-territorial-per-locupacio-dels-municipis-ceramics-forma-a-lalumnat-en-surface-gracies-a-lacord-aconseguit-amb-sacmi-iberica\/#breadcrumb\",\"itemListElement\":[{\"@type\":\"ListItem\",\"position\":1,\"name\":\"Portada\",\"item\":\"https:\/\/pacteceramic.es\/\"},{\"@type\":\"ListItem\",\"position\":2,\"name\":\"El Pacte Territorial per l&#8217;Ocupaci\u00f3 dels Municipis Cer\u00e0mics forma a l&#8217;alumnat en Surface gr\u00e0cies a l&#8217;acord aconseguit amb Sacmi Ib\u00e8rica\"}]},{\"@type\":\"WebSite\",\"@id\":\"https:\/\/pacteceramic.es\/es_es\/#website\",\"url\":\"https:\/\/pacteceramic.es\/es_es\/\",\"name\":\"Pacte Cer\u00e0mic\",\"description\":\"Pacte Cer\u00e0mic\",\"publisher\":{\"@id\":\"https:\/\/pacteceramic.es\/es_es\/#organization\"},\"potentialAction\":[{\"@type\":\"SearchAction\",\"target\":{\"@type\":\"EntryPoint\",\"urlTemplate\":\"https:\/\/pacteceramic.es\/es_es\/?s={search_term_string}\"},\"query-input\":\"required name=search_term_string\"}],\"inLanguage\":\"va-ES\"},{\"@type\":\"Organization\",\"@id\":\"https:\/\/pacteceramic.es\/es_es\/#organization\",\"name\":\"Pacte Cer\u00e0mic\",\"url\":\"https:\/\/pacteceramic.es\/es_es\/\",\"logo\":{\"@type\":\"ImageObject\",\"inLanguage\":\"va-ES\",\"@id\":\"https:\/\/pacteceramic.es\/es_es\/#\/schema\/logo\/image\/\",\"url\":\"https:\/\/pacteceramic.es\/wp-content\/uploads\/2023\/05\/menulogo.png\",\"contentUrl\":\"https:\/\/pacteceramic.es\/wp-content\/uploads\/2023\/05\/menulogo.png\",\"width\":249,\"height\":80,\"caption\":\"Pacte Cer\u00e0mic\"},\"image\":{\"@id\":\"https:\/\/pacteceramic.es\/es_es\/#\/schema\/logo\/image\/\"},\"sameAs\":[\"https:\/\/www.facebook.com\/pacteceramic\/\",\"https:\/\/x.com\/pacteceramic\",\"https:\/\/www.instagram.com\/pacteceramic\/\",\"https:\/\/www.linkedin.com\/company\/pactemunicipisceramics\/\"]},{\"@type\":\"Person\",\"@id\":\"https:\/\/pacteceramic.es\/es_es\/#\/schema\/person\/d8757e82992b54387f1f96b63e3434af\",\"name\":\"Pacteceramic\",\"image\":{\"@type\":\"ImageObject\",\"inLanguage\":\"va-ES\",\"@id\":\"https:\/\/pacteceramic.es\/es_es\/#\/schema\/person\/image\/\",\"url\":\"https:\/\/secure.gravatar.com\/avatar\/add03c3ae52e6d8ee8c27f9a7cdeaf18899ffc6cc348538526bfcb9ba78343ff?s=96&d=mm&r=g\",\"contentUrl\":\"https:\/\/secure.gravatar.com\/avatar\/add03c3ae52e6d8ee8c27f9a7cdeaf18899ffc6cc348538526bfcb9ba78343ff?s=96&d=mm&r=g\",\"caption\":\"Pacteceramic\"},\"sameAs\":[\"http:\/\/pacteceramic.es\"],\"url\":\"https:\/\/pacteceramic.es\/va_es\/author\/pacteceramic\/\"}]}<\/script>\n<!-- \/ Yoast SEO plugin. -->","yoast_head_json":{"title":"El Pacte Territorial per l'Ocupaci\u00f3 dels Municipis Cer\u00e0mics forma a l'alumnat en Surface gr\u00e0cies a l'acord aconseguit amb Sacmi Ib\u00e8rica - Pacte Cer\u00e0mic","robots":{"index":"index","follow":"follow","max-snippet":"max-snippet:-1","max-image-preview":"max-image-preview:large","max-video-preview":"max-video-preview:-1"},"canonical":"https:\/\/pacteceramic.es\/va_es\/el-pacte-territorial-per-locupacio-dels-municipis-ceramics-forma-a-lalumnat-en-surface-gracies-a-lacord-aconseguit-amb-sacmi-iberica\/","og_locale":"en_US","og_type":"article","og_title":"El Pacte Territorial per l'Ocupaci\u00f3 dels Municipis Cer\u00e0mics forma a l'alumnat en Surface gr\u00e0cies a l'acord aconseguit amb Sacmi Ib\u00e8rica - Pacte Cer\u00e0mic","og_url":"https:\/\/pacteceramic.es\/va_es\/el-pacte-territorial-per-locupacio-dels-municipis-ceramics-forma-a-lalumnat-en-surface-gracies-a-lacord-aconseguit-amb-sacmi-iberica\/","og_site_name":"Pacte Cer\u00e0mic","article_publisher":"https:\/\/www.facebook.com\/pacteceramic\/","article_published_time":"2021-09-20T13:42:37+00:00","author":"Pacteceramic","twitter_card":"summary_large_image","twitter_creator":"@pacteceramic","twitter_site":"@pacteceramic","twitter_misc":{"Written by":"Pacteceramic","Est. reading time":"1 minute"},"schema":{"@context":"https:\/\/schema.org","@graph":[{"@type":"Article","@id":"https:\/\/pacteceramic.es\/va_es\/el-pacte-territorial-per-locupacio-dels-municipis-ceramics-forma-a-lalumnat-en-surface-gracies-a-lacord-aconseguit-amb-sacmi-iberica\/#article","isPartOf":{"@id":"https:\/\/pacteceramic.es\/va_es\/el-pacte-territorial-per-locupacio-dels-municipis-ceramics-forma-a-lalumnat-en-surface-gracies-a-lacord-aconseguit-amb-sacmi-iberica\/"},"author":{"name":"Pacteceramic","@id":"https:\/\/pacteceramic.es\/es_es\/#\/schema\/person\/d8757e82992b54387f1f96b63e3434af"},"headline":"El Pacte Territorial per l&#8217;Ocupaci\u00f3 dels Municipis Cer\u00e0mics forma a l&#8217;alumnat en Surface gr\u00e0cies a l&#8217;acord aconseguit amb Sacmi Ib\u00e8rica","datePublished":"2021-09-20T13:42:37+00:00","dateModified":"2021-09-20T13:42:37+00:00","mainEntityOfPage":{"@id":"https:\/\/pacteceramic.es\/va_es\/el-pacte-territorial-per-locupacio-dels-municipis-ceramics-forma-a-lalumnat-en-surface-gracies-a-lacord-aconseguit-amb-sacmi-iberica\/"},"wordCount":334,"publisher":{"@id":"https:\/\/pacteceramic.es\/es_es\/#organization"},"image":{"@id":"https:\/\/pacteceramic.es\/va_es\/el-pacte-territorial-per-locupacio-dels-municipis-ceramics-forma-a-lalumnat-en-surface-gracies-a-lacord-aconseguit-amb-sacmi-iberica\/#primaryimage"},"thumbnailUrl":"","articleSection":["Sin categor\u00eda @ca"],"inLanguage":"va-ES"},{"@type":"WebPage","@id":"https:\/\/pacteceramic.es\/va_es\/el-pacte-territorial-per-locupacio-dels-municipis-ceramics-forma-a-lalumnat-en-surface-gracies-a-lacord-aconseguit-amb-sacmi-iberica\/","url":"https:\/\/pacteceramic.es\/va_es\/el-pacte-territorial-per-locupacio-dels-municipis-ceramics-forma-a-lalumnat-en-surface-gracies-a-lacord-aconseguit-amb-sacmi-iberica\/","name":"El Pacte Territorial per l'Ocupaci\u00f3 dels Municipis Cer\u00e0mics forma a l'alumnat en Surface gr\u00e0cies a l'acord aconseguit amb Sacmi Ib\u00e8rica - Pacte Cer\u00e0mic","isPartOf":{"@id":"https:\/\/pacteceramic.es\/es_es\/#website"},"primaryImageOfPage":{"@id":"https:\/\/pacteceramic.es\/va_es\/el-pacte-territorial-per-locupacio-dels-municipis-ceramics-forma-a-lalumnat-en-surface-gracies-a-lacord-aconseguit-amb-sacmi-iberica\/#primaryimage"},"image":{"@id":"https:\/\/pacteceramic.es\/va_es\/el-pacte-territorial-per-locupacio-dels-municipis-ceramics-forma-a-lalumnat-en-surface-gracies-a-lacord-aconseguit-amb-sacmi-iberica\/#primaryimage"},"thumbnailUrl":"","datePublished":"2021-09-20T13:42:37+00:00","dateModified":"2021-09-20T13:42:37+00:00","breadcrumb":{"@id":"https:\/\/pacteceramic.es\/va_es\/el-pacte-territorial-per-locupacio-dels-municipis-ceramics-forma-a-lalumnat-en-surface-gracies-a-lacord-aconseguit-amb-sacmi-iberica\/#breadcrumb"},"inLanguage":"va-ES","potentialAction":[{"@type":"ReadAction","target":["https:\/\/pacteceramic.es\/va_es\/el-pacte-territorial-per-locupacio-dels-municipis-ceramics-forma-a-lalumnat-en-surface-gracies-a-lacord-aconseguit-amb-sacmi-iberica\/"]}]},{"@type":"ImageObject","inLanguage":"va-ES","@id":"https:\/\/pacteceramic.es\/va_es\/el-pacte-territorial-per-locupacio-dels-municipis-ceramics-forma-a-lalumnat-en-surface-gracies-a-lacord-aconseguit-amb-sacmi-iberica\/#primaryimage","url":"","contentUrl":""},{"@type":"BreadcrumbList","@id":"https:\/\/pacteceramic.es\/va_es\/el-pacte-territorial-per-locupacio-dels-municipis-ceramics-forma-a-lalumnat-en-surface-gracies-a-lacord-aconseguit-amb-sacmi-iberica\/#breadcrumb","itemListElement":[{"@type":"ListItem","position":1,"name":"Portada","item":"https:\/\/pacteceramic.es\/"},{"@type":"ListItem","position":2,"name":"El Pacte Territorial per l&#8217;Ocupaci\u00f3 dels Municipis Cer\u00e0mics forma a l&#8217;alumnat en Surface gr\u00e0cies a l&#8217;acord aconseguit amb Sacmi Ib\u00e8rica"}]},{"@type":"WebSite","@id":"https:\/\/pacteceramic.es\/es_es\/#website","url":"https:\/\/pacteceramic.es\/es_es\/","name":"Pacte Cer\u00e0mic","description":"Pacte Cer\u00e0mic","publisher":{"@id":"https:\/\/pacteceramic.es\/es_es\/#organization"},"potentialAction":[{"@type":"SearchAction","target":{"@type":"EntryPoint","urlTemplate":"https:\/\/pacteceramic.es\/es_es\/?s={search_term_string}"},"query-input":"required name=search_term_string"}],"inLanguage":"va-ES"},{"@type":"Organization","@id":"https:\/\/pacteceramic.es\/es_es\/#organization","name":"Pacte Cer\u00e0mic","url":"https:\/\/pacteceramic.es\/es_es\/","logo":{"@type":"ImageObject","inLanguage":"va-ES","@id":"https:\/\/pacteceramic.es\/es_es\/#\/schema\/logo\/image\/","url":"https:\/\/pacteceramic.es\/wp-content\/uploads\/2023\/05\/menulogo.png","contentUrl":"https:\/\/pacteceramic.es\/wp-content\/uploads\/2023\/05\/menulogo.png","width":249,"height":80,"caption":"Pacte Cer\u00e0mic"},"image":{"@id":"https:\/\/pacteceramic.es\/es_es\/#\/schema\/logo\/image\/"},"sameAs":["https:\/\/www.facebook.com\/pacteceramic\/","https:\/\/x.com\/pacteceramic","https:\/\/www.instagram.com\/pacteceramic\/","https:\/\/www.linkedin.com\/company\/pactemunicipisceramics\/"]},{"@type":"Person","@id":"https:\/\/pacteceramic.es\/es_es\/#\/schema\/person\/d8757e82992b54387f1f96b63e3434af","name":"Pacteceramic","image":{"@type":"ImageObject","inLanguage":"va-ES","@id":"https:\/\/pacteceramic.es\/es_es\/#\/schema\/person\/image\/","url":"https:\/\/secure.gravatar.com\/avatar\/add03c3ae52e6d8ee8c27f9a7cdeaf18899ffc6cc348538526bfcb9ba78343ff?s=96&d=mm&r=g","contentUrl":"https:\/\/secure.gravatar.com\/avatar\/add03c3ae52e6d8ee8c27f9a7cdeaf18899ffc6cc348538526bfcb9ba78343ff?s=96&d=mm&r=g","caption":"Pacteceramic"},"sameAs":["http:\/\/pacteceramic.es"],"url":"https:\/\/pacteceramic.es\/va_es\/author\/pacteceramic\/"}]}},"_links":{"self":[{"href":"https:\/\/pacteceramic.es\/va_es\/wp-json\/wp\/v2\/posts\/10493","targetHints":{"allow":["GET"]}}],"collection":[{"href":"https:\/\/pacteceramic.es\/va_es\/wp-json\/wp\/v2\/posts"}],"about":[{"href":"https:\/\/pacteceramic.es\/va_es\/wp-json\/wp\/v2\/types\/post"}],"author":[{"embeddable":true,"href":"https:\/\/pacteceramic.es\/va_es\/wp-json\/wp\/v2\/users\/1"}],"replies":[{"embeddable":true,"href":"https:\/\/pacteceramic.es\/va_es\/wp-json\/wp\/v2\/comments?post=10493"}],"version-history":[{"count":0,"href":"https:\/\/pacteceramic.es\/va_es\/wp-json\/wp\/v2\/posts\/10493\/revisions"}],"wp:featuredmedia":[{"embeddable":true,"href":"https:\/\/pacteceramic.es\/va_es\/wp-json\/"}],"wp:attachment":[{"href":"https:\/\/pacteceramic.es\/va_es\/wp-json\/wp\/v2\/media?parent=10493"}],"wp:term":[{"taxonomy":"category","embeddable":true,"href":"https:\/\/pacteceramic.es\/va_es\/wp-json\/wp\/v2\/categories?post=10493"},{"taxonomy":"post_tag","embeddable":true,"href":"https:\/\/pacteceramic.es\/va_es\/wp-json\/wp\/v2\/tags?post=10493"}],"curies":[{"name":"wp","href":"https:\/\/api.w.org\/{rel}","templated":true}]}}