{"id":9692,"date":"2020-10-15T16:29:56","date_gmt":"2020-10-15T14:29:56","guid":{"rendered":"https:\/\/www.pacteceramic.es\/?p=9692"},"modified":"2020-10-15T16:29:56","modified_gmt":"2020-10-15T14:29:56","slug":"la-llancadora-de-formacio-ocupabilitat-i-emprenedoria-del-pacte-ceramic-obrira-una-nova-seu-a-borriana","status":"publish","type":"post","link":"https:\/\/pacteceramic.es\/es_es\/la-llancadora-de-formacio-ocupabilitat-i-emprenedoria-del-pacte-ceramic-obrira-una-nova-seu-a-borriana\/","title":{"rendered":"La Llan\u00e7adora de Formaci\u00f3, Ocupabilitat i Emprenedoria del Pacte Cer\u00e0mic obrir\u00e0 una nova seu a Borriana"},"content":{"rendered":"\n<p><em>La creaci\u00f3 d&#8217;una segona seu a Borriana oferir\u00e0 proximitat geogr\u00e0fica a tot l&#8217;alumnat interessat en la Llan\u00e7adora<\/em><\/p>\n\n\n\n<!--more LLEGIR M\u00c9S-->\n\n\n<p><img loading=\"lazy\" decoding=\"async\" class=\"wp-image-9701 aligncenter\" src=\"https:\/\/pacteceramic.es\/wp-content\/uploads\/2023\/05\/121832866_10158825656399521_4352617892908769598_o-2-1024x587.jpg\" alt=\"\" width=\"526\" height=\"301\" \/><\/p>\n<p>El Pacte Territorial per l&#8217;Ocupaci\u00f3dels Municipis Cer\u00e0mics i la seua \u00c0rea d&#8217;Influ\u00e8ncia de la Prov\u00edncia de Castell\u00f3 crear\u00e0 un nou bra\u00e7 de la Llan\u00e7adora de Formaci\u00f3 Ocupabilitat i Emprenedoria a Borriana amb l&#8217;objectiu d&#8217;oferir proximitat geogr\u00e0fica a tot el territori consorciat i facilitar la formaci\u00f3 a tota la ciutadania.<\/p>\n<p>\u00a0<\/p>\n<p>Aix\u00ed doncs, la Llan\u00e7adora comptar\u00e0 amb la possibilitat d&#8217;oferir orientaci\u00f3, assessorament empresarial i formaci\u00f3 a les persones desocupades tant a L&#8217;Alcora com a Borriana de forma totalment gratu\u00efta. D&#8217;aquesta manera, els participants podran assistir a les classes en qualsevol dels dos municipis segons la proximitat. Aquest acord s&#8217;ha pres en una reuni\u00f3 virtual celebrada aquest mat\u00ed entre el president del Pacte, Samuel Falomir i l&#8217;alcaldessa de Borriana, Maria Josep Safont.<\/p>\n<p>\u00a0<\/p>\n<p>Pr\u00f2ximament el Pacte Cer\u00e0mic informar\u00e0 de la data d&#8217;obertura del nou bra\u00e7 de la Llan\u00e7adora. De moment les 17 persones inscrites gaudiran de la seua formaci\u00f3 a l&#8217;Escola de Cer\u00e0mica de L&#8217;Alcora (ESCAL).<\/p>\n<p>\u00a0<\/p>\n<p>Cal recordar que les inscripcions s\u00f3n gratu\u00eftes i continuen obertes, per la qual cosa aquelles persones interessades poden posar-se en contacte amb el personal del Pacte a trav\u00e9s d&#8217;email (lanzadera@pacteceramic.es), per tel\u00e8fon (647 948 437 o 674 179 362) o acudint personalment a la ESCAL en horari de 9h a 14h (Av. Corts Valencianes, 23, 12110 L&#8217;Alcora).<\/p>","protected":false},"excerpt":{"rendered":"<p>La creaci\u00f3 d&#8217;una segona seu a Borriana oferir\u00e0 proximitat geogr\u00e0fica a tot l&#8217;alumnat interessat en la Llan\u00e7adora<\/p>\n","protected":false},"author":1,"featured_media":9699,"comment_status":"closed","ping_status":"open","sticky":false,"template":"","format":"standard","meta":{"iawp_total_views":1,"footnotes":""},"categories":[8],"tags":[],"class_list":["post-9692","post","type-post","status-publish","format-standard","has-post-thumbnail","hentry","category-sin-categoria-ca"],"yoast_head":"<!-- This site is optimized with the Yoast SEO plugin v23.1 - https:\/\/yoast.com\/wordpress\/plugins\/seo\/ -->\n<title>La Llan\u00e7adora de Formaci\u00f3, Ocupabilitat i Emprenedoria del Pacte Cer\u00e0mic obrir\u00e0 una nova seu a Borriana - Pacte Cer\u00e0mic<\/title>\n<meta name=\"robots\" content=\"index, follow, max-snippet:-1, max-image-preview:large, max-video-preview:-1\" \/>\n<link rel=\"canonical\" href=\"https:\/\/pacteceramic.es\/es_es\/la-llancadora-de-formacio-ocupabilitat-i-emprenedoria-del-pacte-ceramic-obrira-una-nova-seu-a-borriana\/\" \/>\n<meta property=\"og:locale\" content=\"es_ES\" \/>\n<meta property=\"og:type\" content=\"article\" \/>\n<meta property=\"og:title\" content=\"La Llan\u00e7adora de Formaci\u00f3, Ocupabilitat i Emprenedoria del Pacte Cer\u00e0mic obrir\u00e0 una nova seu a Borriana - Pacte Cer\u00e0mic\" \/>\n<meta property=\"og:description\" content=\"La creaci\u00f3 d&#8217;una segona seu a Borriana oferir\u00e0 proximitat geogr\u00e0fica a tot l&#8217;alumnat interessat en la Llan\u00e7adora\" \/>\n<meta property=\"og:url\" content=\"https:\/\/pacteceramic.es\/es_es\/la-llancadora-de-formacio-ocupabilitat-i-emprenedoria-del-pacte-ceramic-obrira-una-nova-seu-a-borriana\/\" \/>\n<meta property=\"og:site_name\" content=\"Pacte Cer\u00e0mic\" \/>\n<meta property=\"article:publisher\" content=\"https:\/\/www.facebook.com\/pacteceramic\/\" \/>\n<meta property=\"article:published_time\" content=\"2020-10-15T14:29:56+00:00\" \/>\n<meta name=\"author\" content=\"Pacteceramic\" \/>\n<meta name=\"twitter:card\" content=\"summary_large_image\" \/>\n<meta name=\"twitter:creator\" content=\"@pacteceramic\" \/>\n<meta name=\"twitter:site\" content=\"@pacteceramic\" \/>\n<meta name=\"twitter:label1\" content=\"Escrito por\" \/>\n\t<meta name=\"twitter:data1\" content=\"Pacteceramic\" \/>\n\t<meta name=\"twitter:label2\" content=\"Tiempo de lectura\" \/>\n\t<meta name=\"twitter:data2\" content=\"1 minuto\" \/>\n<script type=\"application\/ld+json\" class=\"yoast-schema-graph\">{\"@context\":\"https:\/\/schema.org\",\"@graph\":[{\"@type\":\"Article\",\"@id\":\"https:\/\/pacteceramic.es\/la-llancadora-de-formacio-ocupabilitat-i-emprenedoria-del-pacte-ceramic-obrira-una-nova-seu-a-borriana\/#article\",\"isPartOf\":{\"@id\":\"https:\/\/pacteceramic.es\/la-llancadora-de-formacio-ocupabilitat-i-emprenedoria-del-pacte-ceramic-obrira-una-nova-seu-a-borriana\/\"},\"author\":{\"name\":\"Pacteceramic\",\"@id\":\"https:\/\/pacteceramic.es\/es_es\/#\/schema\/person\/d8757e82992b54387f1f96b63e3434af\"},\"headline\":\"La Llan\u00e7adora de Formaci\u00f3, Ocupabilitat i Emprenedoria del Pacte Cer\u00e0mic obrir\u00e0 una nova seu a Borriana\",\"datePublished\":\"2020-10-15T14:29:56+00:00\",\"dateModified\":\"2020-10-15T14:29:56+00:00\",\"mainEntityOfPage\":{\"@id\":\"https:\/\/pacteceramic.es\/la-llancadora-de-formacio-ocupabilitat-i-emprenedoria-del-pacte-ceramic-obrira-una-nova-seu-a-borriana\/\"},\"wordCount\":271,\"publisher\":{\"@id\":\"https:\/\/pacteceramic.es\/es_es\/#organization\"},\"image\":{\"@id\":\"https:\/\/pacteceramic.es\/la-llancadora-de-formacio-ocupabilitat-i-emprenedoria-del-pacte-ceramic-obrira-una-nova-seu-a-borriana\/#primaryimage\"},\"thumbnailUrl\":\"\",\"articleSection\":[\"Sin categor\u00eda @ca\"],\"inLanguage\":\"es\"},{\"@type\":\"WebPage\",\"@id\":\"https:\/\/pacteceramic.es\/la-llancadora-de-formacio-ocupabilitat-i-emprenedoria-del-pacte-ceramic-obrira-una-nova-seu-a-borriana\/\",\"url\":\"https:\/\/pacteceramic.es\/la-llancadora-de-formacio-ocupabilitat-i-emprenedoria-del-pacte-ceramic-obrira-una-nova-seu-a-borriana\/\",\"name\":\"La Llan\u00e7adora de Formaci\u00f3, Ocupabilitat i Emprenedoria del Pacte Cer\u00e0mic obrir\u00e0 una nova seu a Borriana - Pacte Cer\u00e0mic\",\"isPartOf\":{\"@id\":\"https:\/\/pacteceramic.es\/es_es\/#website\"},\"primaryImageOfPage\":{\"@id\":\"https:\/\/pacteceramic.es\/la-llancadora-de-formacio-ocupabilitat-i-emprenedoria-del-pacte-ceramic-obrira-una-nova-seu-a-borriana\/#primaryimage\"},\"image\":{\"@id\":\"https:\/\/pacteceramic.es\/la-llancadora-de-formacio-ocupabilitat-i-emprenedoria-del-pacte-ceramic-obrira-una-nova-seu-a-borriana\/#primaryimage\"},\"thumbnailUrl\":\"\",\"datePublished\":\"2020-10-15T14:29:56+00:00\",\"dateModified\":\"2020-10-15T14:29:56+00:00\",\"breadcrumb\":{\"@id\":\"https:\/\/pacteceramic.es\/la-llancadora-de-formacio-ocupabilitat-i-emprenedoria-del-pacte-ceramic-obrira-una-nova-seu-a-borriana\/#breadcrumb\"},\"inLanguage\":\"es\",\"potentialAction\":[{\"@type\":\"ReadAction\",\"target\":[\"https:\/\/pacteceramic.es\/la-llancadora-de-formacio-ocupabilitat-i-emprenedoria-del-pacte-ceramic-obrira-una-nova-seu-a-borriana\/\"]}]},{\"@type\":\"ImageObject\",\"inLanguage\":\"es\",\"@id\":\"https:\/\/pacteceramic.es\/la-llancadora-de-formacio-ocupabilitat-i-emprenedoria-del-pacte-ceramic-obrira-una-nova-seu-a-borriana\/#primaryimage\",\"url\":\"\",\"contentUrl\":\"\"},{\"@type\":\"BreadcrumbList\",\"@id\":\"https:\/\/pacteceramic.es\/la-llancadora-de-formacio-ocupabilitat-i-emprenedoria-del-pacte-ceramic-obrira-una-nova-seu-a-borriana\/#breadcrumb\",\"itemListElement\":[{\"@type\":\"ListItem\",\"position\":1,\"name\":\"Portada\",\"item\":\"https:\/\/pacteceramic.es\/\"},{\"@type\":\"ListItem\",\"position\":2,\"name\":\"La Llan\u00e7adora de Formaci\u00f3, Ocupabilitat i Emprenedoria del Pacte Cer\u00e0mic obrir\u00e0 una nova seu a Borriana\"}]},{\"@type\":\"WebSite\",\"@id\":\"https:\/\/pacteceramic.es\/es_es\/#website\",\"url\":\"https:\/\/pacteceramic.es\/es_es\/\",\"name\":\"Pacte Cer\u00e0mic\",\"description\":\"Pacte Cer\u00e0mic\",\"publisher\":{\"@id\":\"https:\/\/pacteceramic.es\/es_es\/#organization\"},\"potentialAction\":[{\"@type\":\"SearchAction\",\"target\":{\"@type\":\"EntryPoint\",\"urlTemplate\":\"https:\/\/pacteceramic.es\/es_es\/?s={search_term_string}\"},\"query-input\":\"required name=search_term_string\"}],\"inLanguage\":\"es\"},{\"@type\":\"Organization\",\"@id\":\"https:\/\/pacteceramic.es\/es_es\/#organization\",\"name\":\"Pacte Cer\u00e0mic\",\"url\":\"https:\/\/pacteceramic.es\/es_es\/\",\"logo\":{\"@type\":\"ImageObject\",\"inLanguage\":\"es\",\"@id\":\"https:\/\/pacteceramic.es\/es_es\/#\/schema\/logo\/image\/\",\"url\":\"https:\/\/pacteceramic.es\/wp-content\/uploads\/2023\/05\/menulogo.png\",\"contentUrl\":\"https:\/\/pacteceramic.es\/wp-content\/uploads\/2023\/05\/menulogo.png\",\"width\":249,\"height\":80,\"caption\":\"Pacte Cer\u00e0mic\"},\"image\":{\"@id\":\"https:\/\/pacteceramic.es\/es_es\/#\/schema\/logo\/image\/\"},\"sameAs\":[\"https:\/\/www.facebook.com\/pacteceramic\/\",\"https:\/\/x.com\/pacteceramic\",\"https:\/\/www.instagram.com\/pacteceramic\/\",\"https:\/\/www.linkedin.com\/company\/pactemunicipisceramics\/\"]},{\"@type\":\"Person\",\"@id\":\"https:\/\/pacteceramic.es\/es_es\/#\/schema\/person\/d8757e82992b54387f1f96b63e3434af\",\"name\":\"Pacteceramic\",\"image\":{\"@type\":\"ImageObject\",\"inLanguage\":\"es\",\"@id\":\"https:\/\/pacteceramic.es\/es_es\/#\/schema\/person\/image\/\",\"url\":\"https:\/\/secure.gravatar.com\/avatar\/add03c3ae52e6d8ee8c27f9a7cdeaf18899ffc6cc348538526bfcb9ba78343ff?s=96&d=mm&r=g\",\"contentUrl\":\"https:\/\/secure.gravatar.com\/avatar\/add03c3ae52e6d8ee8c27f9a7cdeaf18899ffc6cc348538526bfcb9ba78343ff?s=96&d=mm&r=g\",\"caption\":\"Pacteceramic\"},\"sameAs\":[\"http:\/\/pacteceramic.es\"],\"url\":\"https:\/\/pacteceramic.es\/es_es\/author\/pacteceramic\/\"}]}<\/script>\n<!-- \/ Yoast SEO plugin. -->","yoast_head_json":{"title":"La Llan\u00e7adora de Formaci\u00f3, Ocupabilitat i Emprenedoria del Pacte Cer\u00e0mic obrir\u00e0 una nova seu a Borriana - Pacte Cer\u00e0mic","robots":{"index":"index","follow":"follow","max-snippet":"max-snippet:-1","max-image-preview":"max-image-preview:large","max-video-preview":"max-video-preview:-1"},"canonical":"https:\/\/pacteceramic.es\/es_es\/la-llancadora-de-formacio-ocupabilitat-i-emprenedoria-del-pacte-ceramic-obrira-una-nova-seu-a-borriana\/","og_locale":"es_ES","og_type":"article","og_title":"La Llan\u00e7adora de Formaci\u00f3, Ocupabilitat i Emprenedoria del Pacte Cer\u00e0mic obrir\u00e0 una nova seu a Borriana - Pacte Cer\u00e0mic","og_description":"La creaci\u00f3 d&#8217;una segona seu a Borriana oferir\u00e0 proximitat geogr\u00e0fica a tot l&#8217;alumnat interessat en la Llan\u00e7adora","og_url":"https:\/\/pacteceramic.es\/es_es\/la-llancadora-de-formacio-ocupabilitat-i-emprenedoria-del-pacte-ceramic-obrira-una-nova-seu-a-borriana\/","og_site_name":"Pacte Cer\u00e0mic","article_publisher":"https:\/\/www.facebook.com\/pacteceramic\/","article_published_time":"2020-10-15T14:29:56+00:00","author":"Pacteceramic","twitter_card":"summary_large_image","twitter_creator":"@pacteceramic","twitter_site":"@pacteceramic","twitter_misc":{"Escrito por":"Pacteceramic","Tiempo de lectura":"1 minuto"},"schema":{"@context":"https:\/\/schema.org","@graph":[{"@type":"Article","@id":"https:\/\/pacteceramic.es\/la-llancadora-de-formacio-ocupabilitat-i-emprenedoria-del-pacte-ceramic-obrira-una-nova-seu-a-borriana\/#article","isPartOf":{"@id":"https:\/\/pacteceramic.es\/la-llancadora-de-formacio-ocupabilitat-i-emprenedoria-del-pacte-ceramic-obrira-una-nova-seu-a-borriana\/"},"author":{"name":"Pacteceramic","@id":"https:\/\/pacteceramic.es\/es_es\/#\/schema\/person\/d8757e82992b54387f1f96b63e3434af"},"headline":"La Llan\u00e7adora de Formaci\u00f3, Ocupabilitat i Emprenedoria del Pacte Cer\u00e0mic obrir\u00e0 una nova seu a Borriana","datePublished":"2020-10-15T14:29:56+00:00","dateModified":"2020-10-15T14:29:56+00:00","mainEntityOfPage":{"@id":"https:\/\/pacteceramic.es\/la-llancadora-de-formacio-ocupabilitat-i-emprenedoria-del-pacte-ceramic-obrira-una-nova-seu-a-borriana\/"},"wordCount":271,"publisher":{"@id":"https:\/\/pacteceramic.es\/es_es\/#organization"},"image":{"@id":"https:\/\/pacteceramic.es\/la-llancadora-de-formacio-ocupabilitat-i-emprenedoria-del-pacte-ceramic-obrira-una-nova-seu-a-borriana\/#primaryimage"},"thumbnailUrl":"","articleSection":["Sin categor\u00eda @ca"],"inLanguage":"es"},{"@type":"WebPage","@id":"https:\/\/pacteceramic.es\/la-llancadora-de-formacio-ocupabilitat-i-emprenedoria-del-pacte-ceramic-obrira-una-nova-seu-a-borriana\/","url":"https:\/\/pacteceramic.es\/la-llancadora-de-formacio-ocupabilitat-i-emprenedoria-del-pacte-ceramic-obrira-una-nova-seu-a-borriana\/","name":"La Llan\u00e7adora de Formaci\u00f3, Ocupabilitat i Emprenedoria del Pacte Cer\u00e0mic obrir\u00e0 una nova seu a Borriana - Pacte Cer\u00e0mic","isPartOf":{"@id":"https:\/\/pacteceramic.es\/es_es\/#website"},"primaryImageOfPage":{"@id":"https:\/\/pacteceramic.es\/la-llancadora-de-formacio-ocupabilitat-i-emprenedoria-del-pacte-ceramic-obrira-una-nova-seu-a-borriana\/#primaryimage"},"image":{"@id":"https:\/\/pacteceramic.es\/la-llancadora-de-formacio-ocupabilitat-i-emprenedoria-del-pacte-ceramic-obrira-una-nova-seu-a-borriana\/#primaryimage"},"thumbnailUrl":"","datePublished":"2020-10-15T14:29:56+00:00","dateModified":"2020-10-15T14:29:56+00:00","breadcrumb":{"@id":"https:\/\/pacteceramic.es\/la-llancadora-de-formacio-ocupabilitat-i-emprenedoria-del-pacte-ceramic-obrira-una-nova-seu-a-borriana\/#breadcrumb"},"inLanguage":"es","potentialAction":[{"@type":"ReadAction","target":["https:\/\/pacteceramic.es\/la-llancadora-de-formacio-ocupabilitat-i-emprenedoria-del-pacte-ceramic-obrira-una-nova-seu-a-borriana\/"]}]},{"@type":"ImageObject","inLanguage":"es","@id":"https:\/\/pacteceramic.es\/la-llancadora-de-formacio-ocupabilitat-i-emprenedoria-del-pacte-ceramic-obrira-una-nova-seu-a-borriana\/#primaryimage","url":"","contentUrl":""},{"@type":"BreadcrumbList","@id":"https:\/\/pacteceramic.es\/la-llancadora-de-formacio-ocupabilitat-i-emprenedoria-del-pacte-ceramic-obrira-una-nova-seu-a-borriana\/#breadcrumb","itemListElement":[{"@type":"ListItem","position":1,"name":"Portada","item":"https:\/\/pacteceramic.es\/"},{"@type":"ListItem","position":2,"name":"La Llan\u00e7adora de Formaci\u00f3, Ocupabilitat i Emprenedoria del Pacte Cer\u00e0mic obrir\u00e0 una nova seu a Borriana"}]},{"@type":"WebSite","@id":"https:\/\/pacteceramic.es\/es_es\/#website","url":"https:\/\/pacteceramic.es\/es_es\/","name":"Pacte Cer\u00e0mic","description":"Pacte Cer\u00e0mic","publisher":{"@id":"https:\/\/pacteceramic.es\/es_es\/#organization"},"potentialAction":[{"@type":"SearchAction","target":{"@type":"EntryPoint","urlTemplate":"https:\/\/pacteceramic.es\/es_es\/?s={search_term_string}"},"query-input":"required name=search_term_string"}],"inLanguage":"es"},{"@type":"Organization","@id":"https:\/\/pacteceramic.es\/es_es\/#organization","name":"Pacte Cer\u00e0mic","url":"https:\/\/pacteceramic.es\/es_es\/","logo":{"@type":"ImageObject","inLanguage":"es","@id":"https:\/\/pacteceramic.es\/es_es\/#\/schema\/logo\/image\/","url":"https:\/\/pacteceramic.es\/wp-content\/uploads\/2023\/05\/menulogo.png","contentUrl":"https:\/\/pacteceramic.es\/wp-content\/uploads\/2023\/05\/menulogo.png","width":249,"height":80,"caption":"Pacte Cer\u00e0mic"},"image":{"@id":"https:\/\/pacteceramic.es\/es_es\/#\/schema\/logo\/image\/"},"sameAs":["https:\/\/www.facebook.com\/pacteceramic\/","https:\/\/x.com\/pacteceramic","https:\/\/www.instagram.com\/pacteceramic\/","https:\/\/www.linkedin.com\/company\/pactemunicipisceramics\/"]},{"@type":"Person","@id":"https:\/\/pacteceramic.es\/es_es\/#\/schema\/person\/d8757e82992b54387f1f96b63e3434af","name":"Pacteceramic","image":{"@type":"ImageObject","inLanguage":"es","@id":"https:\/\/pacteceramic.es\/es_es\/#\/schema\/person\/image\/","url":"https:\/\/secure.gravatar.com\/avatar\/add03c3ae52e6d8ee8c27f9a7cdeaf18899ffc6cc348538526bfcb9ba78343ff?s=96&d=mm&r=g","contentUrl":"https:\/\/secure.gravatar.com\/avatar\/add03c3ae52e6d8ee8c27f9a7cdeaf18899ffc6cc348538526bfcb9ba78343ff?s=96&d=mm&r=g","caption":"Pacteceramic"},"sameAs":["http:\/\/pacteceramic.es"],"url":"https:\/\/pacteceramic.es\/es_es\/author\/pacteceramic\/"}]}},"_links":{"self":[{"href":"https:\/\/pacteceramic.es\/es_es\/wp-json\/wp\/v2\/posts\/9692","targetHints":{"allow":["GET"]}}],"collection":[{"href":"https:\/\/pacteceramic.es\/es_es\/wp-json\/wp\/v2\/posts"}],"about":[{"href":"https:\/\/pacteceramic.es\/es_es\/wp-json\/wp\/v2\/types\/post"}],"author":[{"embeddable":true,"href":"https:\/\/pacteceramic.es\/es_es\/wp-json\/wp\/v2\/users\/1"}],"replies":[{"embeddable":true,"href":"https:\/\/pacteceramic.es\/es_es\/wp-json\/wp\/v2\/comments?post=9692"}],"version-history":[{"count":0,"href":"https:\/\/pacteceramic.es\/es_es\/wp-json\/wp\/v2\/posts\/9692\/revisions"}],"wp:featuredmedia":[{"embeddable":true,"href":"https:\/\/pacteceramic.es\/es_es\/wp-json\/"}],"wp:attachment":[{"href":"https:\/\/pacteceramic.es\/es_es\/wp-json\/wp\/v2\/media?parent=9692"}],"wp:term":[{"taxonomy":"category","embeddable":true,"href":"https:\/\/pacteceramic.es\/es_es\/wp-json\/wp\/v2\/categories?post=9692"},{"taxonomy":"post_tag","embeddable":true,"href":"https:\/\/pacteceramic.es\/es_es\/wp-json\/wp\/v2\/tags?post=9692"}],"curies":[{"name":"wp","href":"https:\/\/api.w.org\/{rel}","templated":true}]}}