{"id":6483,"date":"2014-12-03T10:45:23","date_gmt":"2014-12-03T10:45:23","guid":{"rendered":"http:\/\/www.pacteceramic.es\/?p=6483"},"modified":"2014-12-03T10:45:23","modified_gmt":"2014-12-03T10:45:23","slug":"charla-informativa-sobre-la-herramienta-informatica-solconcer","status":"publish","type":"post","link":"https:\/\/pacteceramic.es\/es_es\/charla-informativa-sobre-la-herramienta-informatica-solconcer\/","title":{"rendered":"Charla informativa sobre la herramienta inform\u00e1tica Solconcer"},"content":{"rendered":"<p style=\"text-align: justify;\"><span style=\"color: #000000;\">Solconcer de la Diputaci\u00f3n provincial de Castell\u00f3n\u00a0 es un proyecto cuyo objetivo es el de ofertar a los sectores de la construcci\u00f3n y la cer\u00e1mica una herramienta inform\u00e1tica capaz de determinar, de manera cient\u00edfica, m\u00e1s de 200 soluciones constructivas con recubrimiento cer\u00e1mico. Actualmente se encuentra en la \u00faltima fase de desarrollo.<\/span><\/p>\n<p style=\"text-align: justify;\"><span style=\"color: #000000;\">Solconcer es una herramienta inform\u00e1tica que se est\u00e1 desarrollando para tipificar soluciones cer\u00e1micas, fundamentalmente dirigida a prescriptores (arquitectos, aparejadores e ingenieros). Nosotros, desde el Pacto, hemos adoptado el compromiso de colaborar en su difusi\u00f3n mediante la organizaci\u00f3n de charlas presentaci\u00f3n.<\/span><\/p>\n<p style=\"text-align: justify;\"><strong><span style=\"color: #000000;\">Vila-real: 04 de diciembre a las 12:00 horas en el sal\u00f3n de plenos del ayuntamiento<\/span><\/strong><\/p>\n<p><span style=\"color: #000000;\">Para m\u00e1s informaci\u00f3n: 964 77 11 93. Asistencia gratuita. Los interesados pueden realizar la pre-inscripci\u00f3n, mediante un mail a\u00a0<\/span><a>reconstruye@pacteceramic.es<\/a><span style=\"color: #000000;\">\u00a0indicando nombre, tfno., profesi\u00f3n.<\/span><\/p>\n<p>DESCARGAR <a href=\"http:\/\/www.ipc.org.es\/dms\/tmp\/fuentes\/fuentes.rar\">FUENTES DOCUMENTALES<\/a><\/p>\n<p>&nbsp;<\/p>\n","protected":false},"excerpt":{"rendered":"<p>Solconcer de la Diputaci\u00f3n provincial de Castell\u00f3n\u00a0 es un proyecto cuyo objetivo es el de ofertar a los sectores de la construcci\u00f3n y la cer\u00e1mica una herramienta inform\u00e1tica capaz de determinar, de manera cient\u00edfica, m\u00e1s de 200 soluciones constructivas con recubrimiento cer\u00e1mico. Actualmente se encuentra en la \u00faltima fase de desarrollo. Solconcer es una herramienta &hellip; <a href=\"https:\/\/pacteceramic.es\/es_es\/charla-informativa-sobre-la-herramienta-informatica-solconcer\/\" class=\"more-link\">Continue reading<span class=\"screen-reader-text\"> \u00abCharla informativa sobre la herramienta inform\u00e1tica Solconcer\u00bb<\/span><\/a><\/p>\n","protected":false},"author":1,"featured_media":6519,"comment_status":"open","ping_status":"open","sticky":false,"template":"","format":"standard","meta":{"iawp_total_views":2,"footnotes":""},"categories":[3],"tags":[],"class_list":["post-6483","post","type-post","status-publish","format-standard","has-post-thumbnail","hentry","category-noticias"],"yoast_head":"<!-- This site is optimized with the Yoast SEO plugin v23.1 - https:\/\/yoast.com\/wordpress\/plugins\/seo\/ -->\n<title>Charla informativa sobre la herramienta inform\u00e1tica Solconcer - Pacte Cer\u00e0mic<\/title>\n<meta name=\"robots\" content=\"index, follow, max-snippet:-1, max-image-preview:large, max-video-preview:-1\" \/>\n<link rel=\"canonical\" href=\"https:\/\/pacteceramic.es\/es_es\/charla-informativa-sobre-la-herramienta-informatica-solconcer\/\" \/>\n<meta property=\"og:locale\" content=\"es_ES\" \/>\n<meta property=\"og:type\" content=\"article\" \/>\n<meta property=\"og:title\" content=\"Charla informativa sobre la herramienta inform\u00e1tica Solconcer - Pacte Cer\u00e0mic\" \/>\n<meta property=\"og:description\" content=\"Solconcer de la Diputaci\u00f3n provincial de Castell\u00f3n\u00a0 es un proyecto cuyo objetivo es el de ofertar a los sectores de la construcci\u00f3n y la cer\u00e1mica una herramienta inform\u00e1tica capaz de determinar, de manera cient\u00edfica, m\u00e1s de 200 soluciones constructivas con recubrimiento cer\u00e1mico. Actualmente se encuentra en la \u00faltima fase de desarrollo. Solconcer es una herramienta &hellip; Continue reading &quot;Charla informativa sobre la herramienta inform\u00e1tica Solconcer&quot;\" \/>\n<meta property=\"og:url\" content=\"https:\/\/pacteceramic.es\/es_es\/charla-informativa-sobre-la-herramienta-informatica-solconcer\/\" \/>\n<meta property=\"og:site_name\" content=\"Pacte Cer\u00e0mic\" \/>\n<meta property=\"article:publisher\" content=\"https:\/\/www.facebook.com\/pacteceramic\/\" \/>\n<meta property=\"article:published_time\" content=\"2014-12-03T10:45:23+00:00\" \/>\n<meta property=\"og:image\" content=\"https:\/\/pacteceramic.es\/wp-content\/uploads\/2014\/12\/solconcer.jpg\" \/>\n\t<meta property=\"og:image:width\" content=\"700\" \/>\n\t<meta property=\"og:image:height\" content=\"393\" \/>\n\t<meta property=\"og:image:type\" content=\"image\/jpeg\" \/>\n<meta name=\"author\" content=\"Pacteceramic\" \/>\n<meta name=\"twitter:card\" content=\"summary_large_image\" \/>\n<meta name=\"twitter:creator\" content=\"@pacteceramic\" \/>\n<meta name=\"twitter:site\" content=\"@pacteceramic\" \/>\n<meta name=\"twitter:label1\" content=\"Escrito por\" \/>\n\t<meta name=\"twitter:data1\" content=\"Pacteceramic\" \/>\n\t<meta name=\"twitter:label2\" content=\"Tiempo de lectura\" \/>\n\t<meta name=\"twitter:data2\" content=\"1 minuto\" \/>\n<script type=\"application\/ld+json\" class=\"yoast-schema-graph\">{\"@context\":\"https:\/\/schema.org\",\"@graph\":[{\"@type\":\"Article\",\"@id\":\"https:\/\/pacteceramic.es\/charla-informativa-sobre-la-herramienta-informatica-solconcer\/#article\",\"isPartOf\":{\"@id\":\"https:\/\/pacteceramic.es\/charla-informativa-sobre-la-herramienta-informatica-solconcer\/\"},\"author\":{\"name\":\"Pacteceramic\",\"@id\":\"https:\/\/pacteceramic.es\/es_es\/#\/schema\/person\/d8757e82992b54387f1f96b63e3434af\"},\"headline\":\"Charla informativa sobre la herramienta inform\u00e1tica Solconcer\",\"datePublished\":\"2014-12-03T10:45:23+00:00\",\"dateModified\":\"2014-12-03T10:45:23+00:00\",\"mainEntityOfPage\":{\"@id\":\"https:\/\/pacteceramic.es\/charla-informativa-sobre-la-herramienta-informatica-solconcer\/\"},\"wordCount\":155,\"commentCount\":0,\"publisher\":{\"@id\":\"https:\/\/pacteceramic.es\/es_es\/#organization\"},\"image\":{\"@id\":\"https:\/\/pacteceramic.es\/charla-informativa-sobre-la-herramienta-informatica-solconcer\/#primaryimage\"},\"thumbnailUrl\":\"https:\/\/pacteceramic.es\/wp-content\/uploads\/2014\/12\/solconcer.jpg\",\"articleSection\":[\"Noticias\"],\"inLanguage\":\"es\",\"potentialAction\":[{\"@type\":\"CommentAction\",\"name\":\"Comment\",\"target\":[\"https:\/\/pacteceramic.es\/charla-informativa-sobre-la-herramienta-informatica-solconcer\/#respond\"]}]},{\"@type\":\"WebPage\",\"@id\":\"https:\/\/pacteceramic.es\/charla-informativa-sobre-la-herramienta-informatica-solconcer\/\",\"url\":\"https:\/\/pacteceramic.es\/charla-informativa-sobre-la-herramienta-informatica-solconcer\/\",\"name\":\"Charla informativa sobre la herramienta inform\u00e1tica Solconcer - Pacte Cer\u00e0mic\",\"isPartOf\":{\"@id\":\"https:\/\/pacteceramic.es\/es_es\/#website\"},\"primaryImageOfPage\":{\"@id\":\"https:\/\/pacteceramic.es\/charla-informativa-sobre-la-herramienta-informatica-solconcer\/#primaryimage\"},\"image\":{\"@id\":\"https:\/\/pacteceramic.es\/charla-informativa-sobre-la-herramienta-informatica-solconcer\/#primaryimage\"},\"thumbnailUrl\":\"https:\/\/pacteceramic.es\/wp-content\/uploads\/2014\/12\/solconcer.jpg\",\"datePublished\":\"2014-12-03T10:45:23+00:00\",\"dateModified\":\"2014-12-03T10:45:23+00:00\",\"breadcrumb\":{\"@id\":\"https:\/\/pacteceramic.es\/charla-informativa-sobre-la-herramienta-informatica-solconcer\/#breadcrumb\"},\"inLanguage\":\"es\",\"potentialAction\":[{\"@type\":\"ReadAction\",\"target\":[\"https:\/\/pacteceramic.es\/charla-informativa-sobre-la-herramienta-informatica-solconcer\/\"]}]},{\"@type\":\"ImageObject\",\"inLanguage\":\"es\",\"@id\":\"https:\/\/pacteceramic.es\/charla-informativa-sobre-la-herramienta-informatica-solconcer\/#primaryimage\",\"url\":\"https:\/\/pacteceramic.es\/wp-content\/uploads\/2014\/12\/solconcer.jpg\",\"contentUrl\":\"https:\/\/pacteceramic.es\/wp-content\/uploads\/2014\/12\/solconcer.jpg\",\"width\":700,\"height\":393},{\"@type\":\"BreadcrumbList\",\"@id\":\"https:\/\/pacteceramic.es\/charla-informativa-sobre-la-herramienta-informatica-solconcer\/#breadcrumb\",\"itemListElement\":[{\"@type\":\"ListItem\",\"position\":1,\"name\":\"Portada\",\"item\":\"https:\/\/pacteceramic.es\/\"},{\"@type\":\"ListItem\",\"position\":2,\"name\":\"Charla informativa sobre la herramienta inform\u00e1tica Solconcer\"}]},{\"@type\":\"WebSite\",\"@id\":\"https:\/\/pacteceramic.es\/es_es\/#website\",\"url\":\"https:\/\/pacteceramic.es\/es_es\/\",\"name\":\"Pacte Cer\u00e0mic\",\"description\":\"Pacte Cer\u00e0mic\",\"publisher\":{\"@id\":\"https:\/\/pacteceramic.es\/es_es\/#organization\"},\"potentialAction\":[{\"@type\":\"SearchAction\",\"target\":{\"@type\":\"EntryPoint\",\"urlTemplate\":\"https:\/\/pacteceramic.es\/es_es\/?s={search_term_string}\"},\"query-input\":\"required name=search_term_string\"}],\"inLanguage\":\"es\"},{\"@type\":\"Organization\",\"@id\":\"https:\/\/pacteceramic.es\/es_es\/#organization\",\"name\":\"Pacte Cer\u00e0mic\",\"url\":\"https:\/\/pacteceramic.es\/es_es\/\",\"logo\":{\"@type\":\"ImageObject\",\"inLanguage\":\"es\",\"@id\":\"https:\/\/pacteceramic.es\/es_es\/#\/schema\/logo\/image\/\",\"url\":\"https:\/\/pacteceramic.es\/wp-content\/uploads\/2023\/05\/menulogo.png\",\"contentUrl\":\"https:\/\/pacteceramic.es\/wp-content\/uploads\/2023\/05\/menulogo.png\",\"width\":249,\"height\":80,\"caption\":\"Pacte Cer\u00e0mic\"},\"image\":{\"@id\":\"https:\/\/pacteceramic.es\/es_es\/#\/schema\/logo\/image\/\"},\"sameAs\":[\"https:\/\/www.facebook.com\/pacteceramic\/\",\"https:\/\/x.com\/pacteceramic\",\"https:\/\/www.instagram.com\/pacteceramic\/\",\"https:\/\/www.linkedin.com\/company\/pactemunicipisceramics\/\"]},{\"@type\":\"Person\",\"@id\":\"https:\/\/pacteceramic.es\/es_es\/#\/schema\/person\/d8757e82992b54387f1f96b63e3434af\",\"name\":\"Pacteceramic\",\"image\":{\"@type\":\"ImageObject\",\"inLanguage\":\"es\",\"@id\":\"https:\/\/pacteceramic.es\/es_es\/#\/schema\/person\/image\/\",\"url\":\"https:\/\/secure.gravatar.com\/avatar\/add03c3ae52e6d8ee8c27f9a7cdeaf18899ffc6cc348538526bfcb9ba78343ff?s=96&d=mm&r=g\",\"contentUrl\":\"https:\/\/secure.gravatar.com\/avatar\/add03c3ae52e6d8ee8c27f9a7cdeaf18899ffc6cc348538526bfcb9ba78343ff?s=96&d=mm&r=g\",\"caption\":\"Pacteceramic\"},\"sameAs\":[\"http:\/\/pacteceramic.es\"],\"url\":\"https:\/\/pacteceramic.es\/es_es\/author\/pacteceramic\/\"}]}<\/script>\n<!-- \/ Yoast SEO plugin. -->","yoast_head_json":{"title":"Charla informativa sobre la herramienta inform\u00e1tica Solconcer - Pacte Cer\u00e0mic","robots":{"index":"index","follow":"follow","max-snippet":"max-snippet:-1","max-image-preview":"max-image-preview:large","max-video-preview":"max-video-preview:-1"},"canonical":"https:\/\/pacteceramic.es\/es_es\/charla-informativa-sobre-la-herramienta-informatica-solconcer\/","og_locale":"es_ES","og_type":"article","og_title":"Charla informativa sobre la herramienta inform\u00e1tica Solconcer - Pacte Cer\u00e0mic","og_description":"Solconcer de la Diputaci\u00f3n provincial de Castell\u00f3n\u00a0 es un proyecto cuyo objetivo es el de ofertar a los sectores de la construcci\u00f3n y la cer\u00e1mica una herramienta inform\u00e1tica capaz de determinar, de manera cient\u00edfica, m\u00e1s de 200 soluciones constructivas con recubrimiento cer\u00e1mico. Actualmente se encuentra en la \u00faltima fase de desarrollo. Solconcer es una herramienta &hellip; Continue reading \"Charla informativa sobre la herramienta inform\u00e1tica Solconcer\"","og_url":"https:\/\/pacteceramic.es\/es_es\/charla-informativa-sobre-la-herramienta-informatica-solconcer\/","og_site_name":"Pacte Cer\u00e0mic","article_publisher":"https:\/\/www.facebook.com\/pacteceramic\/","article_published_time":"2014-12-03T10:45:23+00:00","og_image":[{"width":700,"height":393,"url":"https:\/\/pacteceramic.es\/wp-content\/uploads\/2014\/12\/solconcer.jpg","type":"image\/jpeg"}],"author":"Pacteceramic","twitter_card":"summary_large_image","twitter_creator":"@pacteceramic","twitter_site":"@pacteceramic","twitter_misc":{"Escrito por":"Pacteceramic","Tiempo de lectura":"1 minuto"},"schema":{"@context":"https:\/\/schema.org","@graph":[{"@type":"Article","@id":"https:\/\/pacteceramic.es\/charla-informativa-sobre-la-herramienta-informatica-solconcer\/#article","isPartOf":{"@id":"https:\/\/pacteceramic.es\/charla-informativa-sobre-la-herramienta-informatica-solconcer\/"},"author":{"name":"Pacteceramic","@id":"https:\/\/pacteceramic.es\/es_es\/#\/schema\/person\/d8757e82992b54387f1f96b63e3434af"},"headline":"Charla informativa sobre la herramienta inform\u00e1tica Solconcer","datePublished":"2014-12-03T10:45:23+00:00","dateModified":"2014-12-03T10:45:23+00:00","mainEntityOfPage":{"@id":"https:\/\/pacteceramic.es\/charla-informativa-sobre-la-herramienta-informatica-solconcer\/"},"wordCount":155,"commentCount":0,"publisher":{"@id":"https:\/\/pacteceramic.es\/es_es\/#organization"},"image":{"@id":"https:\/\/pacteceramic.es\/charla-informativa-sobre-la-herramienta-informatica-solconcer\/#primaryimage"},"thumbnailUrl":"https:\/\/pacteceramic.es\/wp-content\/uploads\/2014\/12\/solconcer.jpg","articleSection":["Noticias"],"inLanguage":"es","potentialAction":[{"@type":"CommentAction","name":"Comment","target":["https:\/\/pacteceramic.es\/charla-informativa-sobre-la-herramienta-informatica-solconcer\/#respond"]}]},{"@type":"WebPage","@id":"https:\/\/pacteceramic.es\/charla-informativa-sobre-la-herramienta-informatica-solconcer\/","url":"https:\/\/pacteceramic.es\/charla-informativa-sobre-la-herramienta-informatica-solconcer\/","name":"Charla informativa sobre la herramienta inform\u00e1tica Solconcer - Pacte Cer\u00e0mic","isPartOf":{"@id":"https:\/\/pacteceramic.es\/es_es\/#website"},"primaryImageOfPage":{"@id":"https:\/\/pacteceramic.es\/charla-informativa-sobre-la-herramienta-informatica-solconcer\/#primaryimage"},"image":{"@id":"https:\/\/pacteceramic.es\/charla-informativa-sobre-la-herramienta-informatica-solconcer\/#primaryimage"},"thumbnailUrl":"https:\/\/pacteceramic.es\/wp-content\/uploads\/2014\/12\/solconcer.jpg","datePublished":"2014-12-03T10:45:23+00:00","dateModified":"2014-12-03T10:45:23+00:00","breadcrumb":{"@id":"https:\/\/pacteceramic.es\/charla-informativa-sobre-la-herramienta-informatica-solconcer\/#breadcrumb"},"inLanguage":"es","potentialAction":[{"@type":"ReadAction","target":["https:\/\/pacteceramic.es\/charla-informativa-sobre-la-herramienta-informatica-solconcer\/"]}]},{"@type":"ImageObject","inLanguage":"es","@id":"https:\/\/pacteceramic.es\/charla-informativa-sobre-la-herramienta-informatica-solconcer\/#primaryimage","url":"https:\/\/pacteceramic.es\/wp-content\/uploads\/2014\/12\/solconcer.jpg","contentUrl":"https:\/\/pacteceramic.es\/wp-content\/uploads\/2014\/12\/solconcer.jpg","width":700,"height":393},{"@type":"BreadcrumbList","@id":"https:\/\/pacteceramic.es\/charla-informativa-sobre-la-herramienta-informatica-solconcer\/#breadcrumb","itemListElement":[{"@type":"ListItem","position":1,"name":"Portada","item":"https:\/\/pacteceramic.es\/"},{"@type":"ListItem","position":2,"name":"Charla informativa sobre la herramienta inform\u00e1tica Solconcer"}]},{"@type":"WebSite","@id":"https:\/\/pacteceramic.es\/es_es\/#website","url":"https:\/\/pacteceramic.es\/es_es\/","name":"Pacte Cer\u00e0mic","description":"Pacte Cer\u00e0mic","publisher":{"@id":"https:\/\/pacteceramic.es\/es_es\/#organization"},"potentialAction":[{"@type":"SearchAction","target":{"@type":"EntryPoint","urlTemplate":"https:\/\/pacteceramic.es\/es_es\/?s={search_term_string}"},"query-input":"required name=search_term_string"}],"inLanguage":"es"},{"@type":"Organization","@id":"https:\/\/pacteceramic.es\/es_es\/#organization","name":"Pacte Cer\u00e0mic","url":"https:\/\/pacteceramic.es\/es_es\/","logo":{"@type":"ImageObject","inLanguage":"es","@id":"https:\/\/pacteceramic.es\/es_es\/#\/schema\/logo\/image\/","url":"https:\/\/pacteceramic.es\/wp-content\/uploads\/2023\/05\/menulogo.png","contentUrl":"https:\/\/pacteceramic.es\/wp-content\/uploads\/2023\/05\/menulogo.png","width":249,"height":80,"caption":"Pacte Cer\u00e0mic"},"image":{"@id":"https:\/\/pacteceramic.es\/es_es\/#\/schema\/logo\/image\/"},"sameAs":["https:\/\/www.facebook.com\/pacteceramic\/","https:\/\/x.com\/pacteceramic","https:\/\/www.instagram.com\/pacteceramic\/","https:\/\/www.linkedin.com\/company\/pactemunicipisceramics\/"]},{"@type":"Person","@id":"https:\/\/pacteceramic.es\/es_es\/#\/schema\/person\/d8757e82992b54387f1f96b63e3434af","name":"Pacteceramic","image":{"@type":"ImageObject","inLanguage":"es","@id":"https:\/\/pacteceramic.es\/es_es\/#\/schema\/person\/image\/","url":"https:\/\/secure.gravatar.com\/avatar\/add03c3ae52e6d8ee8c27f9a7cdeaf18899ffc6cc348538526bfcb9ba78343ff?s=96&d=mm&r=g","contentUrl":"https:\/\/secure.gravatar.com\/avatar\/add03c3ae52e6d8ee8c27f9a7cdeaf18899ffc6cc348538526bfcb9ba78343ff?s=96&d=mm&r=g","caption":"Pacteceramic"},"sameAs":["http:\/\/pacteceramic.es"],"url":"https:\/\/pacteceramic.es\/es_es\/author\/pacteceramic\/"}]}},"_links":{"self":[{"href":"https:\/\/pacteceramic.es\/es_es\/wp-json\/wp\/v2\/posts\/6483","targetHints":{"allow":["GET"]}}],"collection":[{"href":"https:\/\/pacteceramic.es\/es_es\/wp-json\/wp\/v2\/posts"}],"about":[{"href":"https:\/\/pacteceramic.es\/es_es\/wp-json\/wp\/v2\/types\/post"}],"author":[{"embeddable":true,"href":"https:\/\/pacteceramic.es\/es_es\/wp-json\/wp\/v2\/users\/1"}],"replies":[{"embeddable":true,"href":"https:\/\/pacteceramic.es\/es_es\/wp-json\/wp\/v2\/comments?post=6483"}],"version-history":[{"count":0,"href":"https:\/\/pacteceramic.es\/es_es\/wp-json\/wp\/v2\/posts\/6483\/revisions"}],"wp:featuredmedia":[{"embeddable":true,"href":"https:\/\/pacteceramic.es\/es_es\/wp-json\/wp\/v2\/media\/6519"}],"wp:attachment":[{"href":"https:\/\/pacteceramic.es\/es_es\/wp-json\/wp\/v2\/media?parent=6483"}],"wp:term":[{"taxonomy":"category","embeddable":true,"href":"https:\/\/pacteceramic.es\/es_es\/wp-json\/wp\/v2\/categories?post=6483"},{"taxonomy":"post_tag","embeddable":true,"href":"https:\/\/pacteceramic.es\/es_es\/wp-json\/wp\/v2\/tags?post=6483"}],"curies":[{"name":"wp","href":"https:\/\/api.w.org\/{rel}","templated":true}]}}