{"id":12623,"date":"2026-04-30T07:37:28","date_gmt":"2026-04-30T07:37:28","guid":{"rendered":"https:\/\/pacteceramic.es\/?p=12623"},"modified":"2026-04-30T07:38:56","modified_gmt":"2026-04-30T07:38:56","slug":"el-pacto-ceramico-coordina-su-proyecto-e-incorpora-a-un-prospector-para-reforzar-la-relacion-con-las-empresas-del-territorio","status":"publish","type":"post","link":"https:\/\/pacteceramic.es\/es_es\/el-pacto-ceramico-coordina-su-proyecto-e-incorpora-a-un-prospector-para-reforzar-la-relacion-con-las-empresas-del-territorio\/","title":{"rendered":"El Pacto Cer\u00e1mico coordina su proyecto e incorpora a un prospector para reforzar la relaci\u00f3n con las empresas del territorio"},"content":{"rendered":"<p class=\"p1\"><i>La figura dar\u00e1 continuidad a las labores de prospecci\u00f3n en Burriana, Almassora y l\u2019Alcora, fortaleciendo el contacto directo con el tejido empresarial<br \/>\n<\/i><\/p>\n<p>El personal t\u00e9cnico del Consorcio Gestor del Pacto Territorial para la Ocupaci\u00f3n de los Municipios Cer\u00e1micos y su \u00e1rea de influencia en la provincia de Castell\u00f3 ha mantenido una reuni\u00f3n de trabajo para coordinar el desarrollo del proyecto y alinear las pr\u00f3ximas acciones del equipo. La gerente del Pacte, Olga Oru\u00f1a, ha destacado que \u201ceste tipo de encuentros nos permite avanzar de forma coordinada, compartir conocimiento y adaptar nuestras acciones a las necesidades reales del territorio, tanto de las personas como de las empresas\u201d.<\/p>\n<p>En este contexto, se ha tratado tambi\u00e9n la incorporaci\u00f3n de Toni Lucas como nuevo prospector. Su labor se centrar\u00e1 en dar continuidad al trabajo de prospecci\u00f3n empresarial en Burriana, Almassora y l\u2019Alcora, as\u00ed como en el resto de los municipios del Consorcio. Entre sus funciones destacan la visita a empresas, la detecci\u00f3n de necesidades, el establecimiento de una relaci\u00f3n directa con el tejido productivo y el seguimiento de oportunidades que permitan mejorar la eficacia de las actividades del Pacto. Esta figura resulta clave dentro del proyecto, ya que permite obtener una visi\u00f3n actualizada de la situaci\u00f3n de las empresas del territorio, reforzar los v\u00ednculos con el tejido empresarial y avanzar en la implementaci\u00f3n de soluciones adaptadas a sus demandas.<\/p>\n<p><img loading=\"lazy\" decoding=\"async\" class=\"aligncenter size-full wp-image-12627\" src=\"https:\/\/pacteceramic.es\/wp-content\/uploads\/2026\/04\/Reunion-coordinacion-Pacto-scaled.jpg\" alt=\"\" width=\"2560\" height=\"1920\" srcset=\"https:\/\/pacteceramic.es\/wp-content\/uploads\/2026\/04\/Reunion-coordinacion-Pacto-scaled.jpg 2560w, https:\/\/pacteceramic.es\/wp-content\/uploads\/2026\/04\/Reunion-coordinacion-Pacto-300x225.jpg 300w, https:\/\/pacteceramic.es\/wp-content\/uploads\/2026\/04\/Reunion-coordinacion-Pacto-1024x768.jpg 1024w, https:\/\/pacteceramic.es\/wp-content\/uploads\/2026\/04\/Reunion-coordinacion-Pacto-768x576.jpg 768w, https:\/\/pacteceramic.es\/wp-content\/uploads\/2026\/04\/Reunion-coordinacion-Pacto-1536x1152.jpg 1536w, https:\/\/pacteceramic.es\/wp-content\/uploads\/2026\/04\/Reunion-coordinacion-Pacto-2048x1536.jpg 2048w, https:\/\/pacteceramic.es\/wp-content\/uploads\/2026\/04\/Reunion-coordinacion-Pacto-16x12.jpg 16w, https:\/\/pacteceramic.es\/wp-content\/uploads\/2026\/04\/Reunion-coordinacion-Pacto-1200x900.jpg 1200w\" sizes=\"auto, (max-width: 709px) 85vw, (max-width: 909px) 67vw, (max-width: 1362px) 62vw, 840px\" \/><\/p>\n<p class=\"p1\">Durante el encuentro se abordaron los principales objetivos de esta nueva fase, centrados en mejorar la empleabilidad, reforzar los servicios que se prestan a la ciudadan\u00eda y adaptar las actuaciones a las necesidades actuales del mercado laboral y del tejido empresarial de los municipios adheridos al Consorcio. Con esta reuni\u00f3n de coordinaci\u00f3n y la incorporaci\u00f3n de este perfil t\u00e9cnico, el Consorcio contin\u00faa trabajando para optimizar sus recursos, mejorar sus servicios y seguir impulsando iniciativas que contribuyan al desarrollo socioecon\u00f3mico de los municipios cer\u00e1micos y su \u00e1rea de influencia.<\/p>\n","protected":false},"excerpt":{"rendered":"<p>La figura dar\u00e1 continuidad a las labores de prospecci\u00f3n en Burriana, Almassora y l\u2019Alcora, fortaleciendo el contacto directo con el tejido empresarial El personal t\u00e9cnico del Consorcio Gestor del Pacto Territorial para la Ocupaci\u00f3n de los Municipios Cer\u00e1micos y su \u00e1rea de influencia en la provincia de Castell\u00f3 ha mantenido una reuni\u00f3n de trabajo para &hellip; <a href=\"https:\/\/pacteceramic.es\/es_es\/el-pacto-ceramico-coordina-su-proyecto-e-incorpora-a-un-prospector-para-reforzar-la-relacion-con-las-empresas-del-territorio\/\" class=\"more-link\">Continue reading<span class=\"screen-reader-text\"> \u00abEl Pacto Cer\u00e1mico coordina su proyecto e incorpora a un prospector para reforzar la relaci\u00f3n con las empresas del territorio\u00bb<\/span><\/a><\/p>\n","protected":false},"author":1,"featured_media":12624,"comment_status":"open","ping_status":"open","sticky":false,"template":"","format":"standard","meta":{"iawp_total_views":0,"footnotes":""},"categories":[3],"tags":[],"class_list":["post-12623","post","type-post","status-publish","format-standard","has-post-thumbnail","hentry","category-noticias"],"yoast_head":"<!-- This site is optimized with the Yoast SEO plugin v23.1 - https:\/\/yoast.com\/wordpress\/plugins\/seo\/ -->\n<title>El Pacto Cer\u00e1mico coordina su proyecto e incorpora a un prospector para reforzar la relaci\u00f3n con las empresas del territorio - Pacte Cer\u00e0mic<\/title>\n<meta name=\"robots\" content=\"index, follow, max-snippet:-1, max-image-preview:large, max-video-preview:-1\" \/>\n<link rel=\"canonical\" href=\"https:\/\/pacteceramic.es\/es_es\/el-pacto-ceramico-coordina-su-proyecto-e-incorpora-a-un-prospector-para-reforzar-la-relacion-con-las-empresas-del-territorio\/\" \/>\n<meta property=\"og:locale\" content=\"es_ES\" \/>\n<meta property=\"og:type\" content=\"article\" \/>\n<meta property=\"og:title\" content=\"El Pacto Cer\u00e1mico coordina su proyecto e incorpora a un prospector para reforzar la relaci\u00f3n con las empresas del territorio - Pacte Cer\u00e0mic\" \/>\n<meta property=\"og:description\" content=\"La figura dar\u00e1 continuidad a las labores de prospecci\u00f3n en Burriana, Almassora y l\u2019Alcora, fortaleciendo el contacto directo con el tejido empresarial El personal t\u00e9cnico del Consorcio Gestor del Pacto Territorial para la Ocupaci\u00f3n de los Municipios Cer\u00e1micos y su \u00e1rea de influencia en la provincia de Castell\u00f3 ha mantenido una reuni\u00f3n de trabajo para &hellip; Continue reading &quot;El Pacto Cer\u00e1mico coordina su proyecto e incorpora a un prospector para reforzar la relaci\u00f3n con las empresas del territorio&quot;\" \/>\n<meta property=\"og:url\" content=\"https:\/\/pacteceramic.es\/es_es\/el-pacto-ceramico-coordina-su-proyecto-e-incorpora-a-un-prospector-para-reforzar-la-relacion-con-las-empresas-del-territorio\/\" \/>\n<meta property=\"og:site_name\" content=\"Pacte Cer\u00e0mic\" \/>\n<meta property=\"article:publisher\" content=\"https:\/\/www.facebook.com\/pacteceramic\/\" \/>\n<meta property=\"article:published_time\" content=\"2026-04-30T07:37:28+00:00\" \/>\n<meta property=\"article:modified_time\" content=\"2026-04-30T07:38:56+00:00\" \/>\n<meta property=\"og:image\" content=\"https:\/\/pacteceramic.es\/wp-content\/uploads\/2026\/04\/Reunion-coordinacion-del-Pacto-scaled.jpg\" \/>\n\t<meta property=\"og:image:width\" content=\"2560\" \/>\n\t<meta property=\"og:image:height\" content=\"1707\" \/>\n\t<meta property=\"og:image:type\" content=\"image\/jpeg\" \/>\n<meta name=\"author\" content=\"Pacteceramic\" \/>\n<meta name=\"twitter:card\" content=\"summary_large_image\" \/>\n<meta name=\"twitter:creator\" content=\"@pacteceramic\" \/>\n<meta name=\"twitter:site\" content=\"@pacteceramic\" \/>\n<meta name=\"twitter:label1\" content=\"Escrito por\" \/>\n\t<meta name=\"twitter:data1\" content=\"Pacteceramic\" \/>\n\t<meta name=\"twitter:label2\" content=\"Tiempo de lectura\" \/>\n\t<meta name=\"twitter:data2\" content=\"2 minutos\" \/>\n<script type=\"application\/ld+json\" class=\"yoast-schema-graph\">{\"@context\":\"https:\/\/schema.org\",\"@graph\":[{\"@type\":\"Article\",\"@id\":\"https:\/\/pacteceramic.es\/el-pacto-ceramico-coordina-su-proyecto-e-incorpora-a-un-prospector-para-reforzar-la-relacion-con-las-empresas-del-territorio\/#article\",\"isPartOf\":{\"@id\":\"https:\/\/pacteceramic.es\/el-pacto-ceramico-coordina-su-proyecto-e-incorpora-a-un-prospector-para-reforzar-la-relacion-con-las-empresas-del-territorio\/\"},\"author\":{\"name\":\"Pacteceramic\",\"@id\":\"https:\/\/pacteceramic.es\/es_es\/#\/schema\/person\/d8757e82992b54387f1f96b63e3434af\"},\"headline\":\"El Pacto Cer\u00e1mico coordina su proyecto e incorpora a un prospector para reforzar la relaci\u00f3n con las empresas del territorio\",\"datePublished\":\"2026-04-30T07:37:28+00:00\",\"dateModified\":\"2026-04-30T07:38:56+00:00\",\"mainEntityOfPage\":{\"@id\":\"https:\/\/pacteceramic.es\/el-pacto-ceramico-coordina-su-proyecto-e-incorpora-a-un-prospector-para-reforzar-la-relacion-con-las-empresas-del-territorio\/\"},\"wordCount\":361,\"commentCount\":0,\"publisher\":{\"@id\":\"https:\/\/pacteceramic.es\/es_es\/#organization\"},\"image\":{\"@id\":\"https:\/\/pacteceramic.es\/el-pacto-ceramico-coordina-su-proyecto-e-incorpora-a-un-prospector-para-reforzar-la-relacion-con-las-empresas-del-territorio\/#primaryimage\"},\"thumbnailUrl\":\"https:\/\/pacteceramic.es\/wp-content\/uploads\/2026\/04\/Reunion-coordinacion-del-Pacto-scaled.jpg\",\"articleSection\":[\"Noticias\"],\"inLanguage\":\"es\",\"potentialAction\":[{\"@type\":\"CommentAction\",\"name\":\"Comment\",\"target\":[\"https:\/\/pacteceramic.es\/el-pacto-ceramico-coordina-su-proyecto-e-incorpora-a-un-prospector-para-reforzar-la-relacion-con-las-empresas-del-territorio\/#respond\"]}]},{\"@type\":\"WebPage\",\"@id\":\"https:\/\/pacteceramic.es\/el-pacto-ceramico-coordina-su-proyecto-e-incorpora-a-un-prospector-para-reforzar-la-relacion-con-las-empresas-del-territorio\/\",\"url\":\"https:\/\/pacteceramic.es\/el-pacto-ceramico-coordina-su-proyecto-e-incorpora-a-un-prospector-para-reforzar-la-relacion-con-las-empresas-del-territorio\/\",\"name\":\"El Pacto Cer\u00e1mico coordina su proyecto e incorpora a un prospector para reforzar la relaci\u00f3n con las empresas del territorio - Pacte Cer\u00e0mic\",\"isPartOf\":{\"@id\":\"https:\/\/pacteceramic.es\/es_es\/#website\"},\"primaryImageOfPage\":{\"@id\":\"https:\/\/pacteceramic.es\/el-pacto-ceramico-coordina-su-proyecto-e-incorpora-a-un-prospector-para-reforzar-la-relacion-con-las-empresas-del-territorio\/#primaryimage\"},\"image\":{\"@id\":\"https:\/\/pacteceramic.es\/el-pacto-ceramico-coordina-su-proyecto-e-incorpora-a-un-prospector-para-reforzar-la-relacion-con-las-empresas-del-territorio\/#primaryimage\"},\"thumbnailUrl\":\"https:\/\/pacteceramic.es\/wp-content\/uploads\/2026\/04\/Reunion-coordinacion-del-Pacto-scaled.jpg\",\"datePublished\":\"2026-04-30T07:37:28+00:00\",\"dateModified\":\"2026-04-30T07:38:56+00:00\",\"breadcrumb\":{\"@id\":\"https:\/\/pacteceramic.es\/el-pacto-ceramico-coordina-su-proyecto-e-incorpora-a-un-prospector-para-reforzar-la-relacion-con-las-empresas-del-territorio\/#breadcrumb\"},\"inLanguage\":\"es\",\"potentialAction\":[{\"@type\":\"ReadAction\",\"target\":[\"https:\/\/pacteceramic.es\/el-pacto-ceramico-coordina-su-proyecto-e-incorpora-a-un-prospector-para-reforzar-la-relacion-con-las-empresas-del-territorio\/\"]}]},{\"@type\":\"ImageObject\",\"inLanguage\":\"es\",\"@id\":\"https:\/\/pacteceramic.es\/el-pacto-ceramico-coordina-su-proyecto-e-incorpora-a-un-prospector-para-reforzar-la-relacion-con-las-empresas-del-territorio\/#primaryimage\",\"url\":\"https:\/\/pacteceramic.es\/wp-content\/uploads\/2026\/04\/Reunion-coordinacion-del-Pacto-scaled.jpg\",\"contentUrl\":\"https:\/\/pacteceramic.es\/wp-content\/uploads\/2026\/04\/Reunion-coordinacion-del-Pacto-scaled.jpg\",\"width\":2560,\"height\":1707},{\"@type\":\"BreadcrumbList\",\"@id\":\"https:\/\/pacteceramic.es\/el-pacto-ceramico-coordina-su-proyecto-e-incorpora-a-un-prospector-para-reforzar-la-relacion-con-las-empresas-del-territorio\/#breadcrumb\",\"itemListElement\":[{\"@type\":\"ListItem\",\"position\":1,\"name\":\"Portada\",\"item\":\"https:\/\/pacteceramic.es\/\"},{\"@type\":\"ListItem\",\"position\":2,\"name\":\"El Pacto Cer\u00e1mico coordina su proyecto e incorpora a un prospector para reforzar la relaci\u00f3n con las empresas del territorio\"}]},{\"@type\":\"WebSite\",\"@id\":\"https:\/\/pacteceramic.es\/es_es\/#website\",\"url\":\"https:\/\/pacteceramic.es\/es_es\/\",\"name\":\"Pacte Cer\u00e0mic\",\"description\":\"Pacte Cer\u00e0mic\",\"publisher\":{\"@id\":\"https:\/\/pacteceramic.es\/es_es\/#organization\"},\"potentialAction\":[{\"@type\":\"SearchAction\",\"target\":{\"@type\":\"EntryPoint\",\"urlTemplate\":\"https:\/\/pacteceramic.es\/es_es\/?s={search_term_string}\"},\"query-input\":\"required name=search_term_string\"}],\"inLanguage\":\"es\"},{\"@type\":\"Organization\",\"@id\":\"https:\/\/pacteceramic.es\/es_es\/#organization\",\"name\":\"Pacte Cer\u00e0mic\",\"url\":\"https:\/\/pacteceramic.es\/es_es\/\",\"logo\":{\"@type\":\"ImageObject\",\"inLanguage\":\"es\",\"@id\":\"https:\/\/pacteceramic.es\/es_es\/#\/schema\/logo\/image\/\",\"url\":\"https:\/\/pacteceramic.es\/wp-content\/uploads\/2023\/05\/menulogo.png\",\"contentUrl\":\"https:\/\/pacteceramic.es\/wp-content\/uploads\/2023\/05\/menulogo.png\",\"width\":249,\"height\":80,\"caption\":\"Pacte Cer\u00e0mic\"},\"image\":{\"@id\":\"https:\/\/pacteceramic.es\/es_es\/#\/schema\/logo\/image\/\"},\"sameAs\":[\"https:\/\/www.facebook.com\/pacteceramic\/\",\"https:\/\/x.com\/pacteceramic\",\"https:\/\/www.instagram.com\/pacteceramic\/\",\"https:\/\/www.linkedin.com\/company\/pactemunicipisceramics\/\"]},{\"@type\":\"Person\",\"@id\":\"https:\/\/pacteceramic.es\/es_es\/#\/schema\/person\/d8757e82992b54387f1f96b63e3434af\",\"name\":\"Pacteceramic\",\"image\":{\"@type\":\"ImageObject\",\"inLanguage\":\"es\",\"@id\":\"https:\/\/pacteceramic.es\/es_es\/#\/schema\/person\/image\/\",\"url\":\"https:\/\/secure.gravatar.com\/avatar\/add03c3ae52e6d8ee8c27f9a7cdeaf18899ffc6cc348538526bfcb9ba78343ff?s=96&d=mm&r=g\",\"contentUrl\":\"https:\/\/secure.gravatar.com\/avatar\/add03c3ae52e6d8ee8c27f9a7cdeaf18899ffc6cc348538526bfcb9ba78343ff?s=96&d=mm&r=g\",\"caption\":\"Pacteceramic\"},\"sameAs\":[\"http:\/\/pacteceramic.es\"],\"url\":\"https:\/\/pacteceramic.es\/es_es\/author\/pacteceramic\/\"}]}<\/script>\n<!-- \/ Yoast SEO plugin. -->","yoast_head_json":{"title":"El Pacto Cer\u00e1mico coordina su proyecto e incorpora a un prospector para reforzar la relaci\u00f3n con las empresas del territorio - Pacte Cer\u00e0mic","robots":{"index":"index","follow":"follow","max-snippet":"max-snippet:-1","max-image-preview":"max-image-preview:large","max-video-preview":"max-video-preview:-1"},"canonical":"https:\/\/pacteceramic.es\/es_es\/el-pacto-ceramico-coordina-su-proyecto-e-incorpora-a-un-prospector-para-reforzar-la-relacion-con-las-empresas-del-territorio\/","og_locale":"es_ES","og_type":"article","og_title":"El Pacto Cer\u00e1mico coordina su proyecto e incorpora a un prospector para reforzar la relaci\u00f3n con las empresas del territorio - Pacte Cer\u00e0mic","og_description":"La figura dar\u00e1 continuidad a las labores de prospecci\u00f3n en Burriana, Almassora y l\u2019Alcora, fortaleciendo el contacto directo con el tejido empresarial El personal t\u00e9cnico del Consorcio Gestor del Pacto Territorial para la Ocupaci\u00f3n de los Municipios Cer\u00e1micos y su \u00e1rea de influencia en la provincia de Castell\u00f3 ha mantenido una reuni\u00f3n de trabajo para &hellip; Continue reading \"El Pacto Cer\u00e1mico coordina su proyecto e incorpora a un prospector para reforzar la relaci\u00f3n con las empresas del territorio\"","og_url":"https:\/\/pacteceramic.es\/es_es\/el-pacto-ceramico-coordina-su-proyecto-e-incorpora-a-un-prospector-para-reforzar-la-relacion-con-las-empresas-del-territorio\/","og_site_name":"Pacte Cer\u00e0mic","article_publisher":"https:\/\/www.facebook.com\/pacteceramic\/","article_published_time":"2026-04-30T07:37:28+00:00","article_modified_time":"2026-04-30T07:38:56+00:00","og_image":[{"width":2560,"height":1707,"url":"https:\/\/pacteceramic.es\/wp-content\/uploads\/2026\/04\/Reunion-coordinacion-del-Pacto-scaled.jpg","type":"image\/jpeg"}],"author":"Pacteceramic","twitter_card":"summary_large_image","twitter_creator":"@pacteceramic","twitter_site":"@pacteceramic","twitter_misc":{"Escrito por":"Pacteceramic","Tiempo de lectura":"2 minutos"},"schema":{"@context":"https:\/\/schema.org","@graph":[{"@type":"Article","@id":"https:\/\/pacteceramic.es\/el-pacto-ceramico-coordina-su-proyecto-e-incorpora-a-un-prospector-para-reforzar-la-relacion-con-las-empresas-del-territorio\/#article","isPartOf":{"@id":"https:\/\/pacteceramic.es\/el-pacto-ceramico-coordina-su-proyecto-e-incorpora-a-un-prospector-para-reforzar-la-relacion-con-las-empresas-del-territorio\/"},"author":{"name":"Pacteceramic","@id":"https:\/\/pacteceramic.es\/es_es\/#\/schema\/person\/d8757e82992b54387f1f96b63e3434af"},"headline":"El Pacto Cer\u00e1mico coordina su proyecto e incorpora a un prospector para reforzar la relaci\u00f3n con las empresas del territorio","datePublished":"2026-04-30T07:37:28+00:00","dateModified":"2026-04-30T07:38:56+00:00","mainEntityOfPage":{"@id":"https:\/\/pacteceramic.es\/el-pacto-ceramico-coordina-su-proyecto-e-incorpora-a-un-prospector-para-reforzar-la-relacion-con-las-empresas-del-territorio\/"},"wordCount":361,"commentCount":0,"publisher":{"@id":"https:\/\/pacteceramic.es\/es_es\/#organization"},"image":{"@id":"https:\/\/pacteceramic.es\/el-pacto-ceramico-coordina-su-proyecto-e-incorpora-a-un-prospector-para-reforzar-la-relacion-con-las-empresas-del-territorio\/#primaryimage"},"thumbnailUrl":"https:\/\/pacteceramic.es\/wp-content\/uploads\/2026\/04\/Reunion-coordinacion-del-Pacto-scaled.jpg","articleSection":["Noticias"],"inLanguage":"es","potentialAction":[{"@type":"CommentAction","name":"Comment","target":["https:\/\/pacteceramic.es\/el-pacto-ceramico-coordina-su-proyecto-e-incorpora-a-un-prospector-para-reforzar-la-relacion-con-las-empresas-del-territorio\/#respond"]}]},{"@type":"WebPage","@id":"https:\/\/pacteceramic.es\/el-pacto-ceramico-coordina-su-proyecto-e-incorpora-a-un-prospector-para-reforzar-la-relacion-con-las-empresas-del-territorio\/","url":"https:\/\/pacteceramic.es\/el-pacto-ceramico-coordina-su-proyecto-e-incorpora-a-un-prospector-para-reforzar-la-relacion-con-las-empresas-del-territorio\/","name":"El Pacto Cer\u00e1mico coordina su proyecto e incorpora a un prospector para reforzar la relaci\u00f3n con las empresas del territorio - Pacte Cer\u00e0mic","isPartOf":{"@id":"https:\/\/pacteceramic.es\/es_es\/#website"},"primaryImageOfPage":{"@id":"https:\/\/pacteceramic.es\/el-pacto-ceramico-coordina-su-proyecto-e-incorpora-a-un-prospector-para-reforzar-la-relacion-con-las-empresas-del-territorio\/#primaryimage"},"image":{"@id":"https:\/\/pacteceramic.es\/el-pacto-ceramico-coordina-su-proyecto-e-incorpora-a-un-prospector-para-reforzar-la-relacion-con-las-empresas-del-territorio\/#primaryimage"},"thumbnailUrl":"https:\/\/pacteceramic.es\/wp-content\/uploads\/2026\/04\/Reunion-coordinacion-del-Pacto-scaled.jpg","datePublished":"2026-04-30T07:37:28+00:00","dateModified":"2026-04-30T07:38:56+00:00","breadcrumb":{"@id":"https:\/\/pacteceramic.es\/el-pacto-ceramico-coordina-su-proyecto-e-incorpora-a-un-prospector-para-reforzar-la-relacion-con-las-empresas-del-territorio\/#breadcrumb"},"inLanguage":"es","potentialAction":[{"@type":"ReadAction","target":["https:\/\/pacteceramic.es\/el-pacto-ceramico-coordina-su-proyecto-e-incorpora-a-un-prospector-para-reforzar-la-relacion-con-las-empresas-del-territorio\/"]}]},{"@type":"ImageObject","inLanguage":"es","@id":"https:\/\/pacteceramic.es\/el-pacto-ceramico-coordina-su-proyecto-e-incorpora-a-un-prospector-para-reforzar-la-relacion-con-las-empresas-del-territorio\/#primaryimage","url":"https:\/\/pacteceramic.es\/wp-content\/uploads\/2026\/04\/Reunion-coordinacion-del-Pacto-scaled.jpg","contentUrl":"https:\/\/pacteceramic.es\/wp-content\/uploads\/2026\/04\/Reunion-coordinacion-del-Pacto-scaled.jpg","width":2560,"height":1707},{"@type":"BreadcrumbList","@id":"https:\/\/pacteceramic.es\/el-pacto-ceramico-coordina-su-proyecto-e-incorpora-a-un-prospector-para-reforzar-la-relacion-con-las-empresas-del-territorio\/#breadcrumb","itemListElement":[{"@type":"ListItem","position":1,"name":"Portada","item":"https:\/\/pacteceramic.es\/"},{"@type":"ListItem","position":2,"name":"El Pacto Cer\u00e1mico coordina su proyecto e incorpora a un prospector para reforzar la relaci\u00f3n con las empresas del territorio"}]},{"@type":"WebSite","@id":"https:\/\/pacteceramic.es\/es_es\/#website","url":"https:\/\/pacteceramic.es\/es_es\/","name":"Pacte Cer\u00e0mic","description":"Pacte Cer\u00e0mic","publisher":{"@id":"https:\/\/pacteceramic.es\/es_es\/#organization"},"potentialAction":[{"@type":"SearchAction","target":{"@type":"EntryPoint","urlTemplate":"https:\/\/pacteceramic.es\/es_es\/?s={search_term_string}"},"query-input":"required name=search_term_string"}],"inLanguage":"es"},{"@type":"Organization","@id":"https:\/\/pacteceramic.es\/es_es\/#organization","name":"Pacte Cer\u00e0mic","url":"https:\/\/pacteceramic.es\/es_es\/","logo":{"@type":"ImageObject","inLanguage":"es","@id":"https:\/\/pacteceramic.es\/es_es\/#\/schema\/logo\/image\/","url":"https:\/\/pacteceramic.es\/wp-content\/uploads\/2023\/05\/menulogo.png","contentUrl":"https:\/\/pacteceramic.es\/wp-content\/uploads\/2023\/05\/menulogo.png","width":249,"height":80,"caption":"Pacte Cer\u00e0mic"},"image":{"@id":"https:\/\/pacteceramic.es\/es_es\/#\/schema\/logo\/image\/"},"sameAs":["https:\/\/www.facebook.com\/pacteceramic\/","https:\/\/x.com\/pacteceramic","https:\/\/www.instagram.com\/pacteceramic\/","https:\/\/www.linkedin.com\/company\/pactemunicipisceramics\/"]},{"@type":"Person","@id":"https:\/\/pacteceramic.es\/es_es\/#\/schema\/person\/d8757e82992b54387f1f96b63e3434af","name":"Pacteceramic","image":{"@type":"ImageObject","inLanguage":"es","@id":"https:\/\/pacteceramic.es\/es_es\/#\/schema\/person\/image\/","url":"https:\/\/secure.gravatar.com\/avatar\/add03c3ae52e6d8ee8c27f9a7cdeaf18899ffc6cc348538526bfcb9ba78343ff?s=96&d=mm&r=g","contentUrl":"https:\/\/secure.gravatar.com\/avatar\/add03c3ae52e6d8ee8c27f9a7cdeaf18899ffc6cc348538526bfcb9ba78343ff?s=96&d=mm&r=g","caption":"Pacteceramic"},"sameAs":["http:\/\/pacteceramic.es"],"url":"https:\/\/pacteceramic.es\/es_es\/author\/pacteceramic\/"}]}},"_links":{"self":[{"href":"https:\/\/pacteceramic.es\/es_es\/wp-json\/wp\/v2\/posts\/12623","targetHints":{"allow":["GET"]}}],"collection":[{"href":"https:\/\/pacteceramic.es\/es_es\/wp-json\/wp\/v2\/posts"}],"about":[{"href":"https:\/\/pacteceramic.es\/es_es\/wp-json\/wp\/v2\/types\/post"}],"author":[{"embeddable":true,"href":"https:\/\/pacteceramic.es\/es_es\/wp-json\/wp\/v2\/users\/1"}],"replies":[{"embeddable":true,"href":"https:\/\/pacteceramic.es\/es_es\/wp-json\/wp\/v2\/comments?post=12623"}],"version-history":[{"count":4,"href":"https:\/\/pacteceramic.es\/es_es\/wp-json\/wp\/v2\/posts\/12623\/revisions"}],"predecessor-version":[{"id":12631,"href":"https:\/\/pacteceramic.es\/es_es\/wp-json\/wp\/v2\/posts\/12623\/revisions\/12631"}],"wp:featuredmedia":[{"embeddable":true,"href":"https:\/\/pacteceramic.es\/es_es\/wp-json\/wp\/v2\/media\/12624"}],"wp:attachment":[{"href":"https:\/\/pacteceramic.es\/es_es\/wp-json\/wp\/v2\/media?parent=12623"}],"wp:term":[{"taxonomy":"category","embeddable":true,"href":"https:\/\/pacteceramic.es\/es_es\/wp-json\/wp\/v2\/categories?post=12623"},{"taxonomy":"post_tag","embeddable":true,"href":"https:\/\/pacteceramic.es\/es_es\/wp-json\/wp\/v2\/tags?post=12623"}],"curies":[{"name":"wp","href":"https:\/\/api.w.org\/{rel}","templated":true}]}}