{"id":12608,"date":"2026-03-09T08:11:41","date_gmt":"2026-03-09T08:11:41","guid":{"rendered":"https:\/\/pacteceramic.es\/?p=12608"},"modified":"2026-03-09T08:14:04","modified_gmt":"2026-03-09T08:14:04","slug":"burriana-y-el-pacte-de-la-ceramica-asesoran-a-pymes-sobre-las-subvenciones-del-ivf","status":"publish","type":"post","link":"https:\/\/pacteceramic.es\/es_es\/burriana-y-el-pacte-de-la-ceramica-asesoran-a-pymes-sobre-las-subvenciones-del-ivf\/","title":{"rendered":"Burriana y el Pacte de la Cer\u00e1mica asesoran a PYMES sobre las subvenciones del IVF"},"content":{"rendered":"<p><i>Estos pr\u00e9stamos van dirigidos a empresas de la Comunitat Valenciana con una antig\u00fcedad m\u00ednima de dos a\u00f1os y con, al menos, un trabajador y quieren facilitar la modernizaci\u00f3n empresarial<\/i><\/p>\n<p class=\"p1\">El Ayuntamiento de Burriana, a trav\u00e9s de la concejal\u00eda de Empleo, y el Consorcio del Pacte han unido esfuerzos para <a href=\"https:\/\/pacteceramic.es\/es_es\/asesoramiento\/\">informar y asesorar a las peque\u00f1as y medianas empresas<\/a> del municipio sobre la nueva l\u00ednea de financiaci\u00f3n bonificada IVF Pyme Inversi\u00f3n 2026, impulsada por el Instituto Valenciano de Finanzas (IVF). Esta l\u00ednea de pr\u00e9stamos est\u00e1 dirigida a pymes de la Comunitat Valenciana con una antig\u00fcedad m\u00ednima de dos a\u00f1os y al menos un trabajador, y tiene como objetivo facilitar la inversi\u00f3n en activos fijos que contribuyan al crecimiento y modernizaci\u00f3n empresarial.<\/p>\n<p class=\"p1\">Entre las inversiones subvencionables se incluyen la adquisici\u00f3n y acondicionamiento de terrenos, la compra o reforma de naves y locales, la construcci\u00f3n de instalaciones de energ\u00edas renovables, la adquisici\u00f3n de maquinaria, equipamiento tecnol\u00f3gico, mobiliario, veh\u00edculos industriales, as\u00ed como activos intangibles como gastos de I+D, propiedad industrial o aplicaciones inform\u00e1ticas.<\/p>\n<p class=\"p1\">Los pr\u00e9stamos contemplados en esta convocatoria oscilan entre los 200.000 y los 2.000.000 de euros, pudiendo cubrir hasta el 80 % del valor de la inversi\u00f3n, con un tipo de inter\u00e9s fijo del 1,75 %. El plazo de amortizaci\u00f3n podr\u00e1 situarse entre cuatro y diez a\u00f1os, con la posibilidad de incluir hasta tres a\u00f1os de carencia.<\/p>\n<p class=\"p1\">Desde el consistorio y el consorcio destacan la importancia de esta herramienta financiera para reforzar la competitividad del tejido productivo local. Ambas entidades unen esfuerzos para que las empresas de Burriana puedan obtener liquidez y financiaci\u00f3n en condiciones favorables, con el objetivo compartido de mejorar los datos de crecimiento econ\u00f3mico, desarrollo empresarial y generaci\u00f3n de empleo en el municipio.<\/p>\n<p class=\"p1\">Las empresas interesadas podr\u00e1n obtener m\u00e1s informaci\u00f3n y asesoramiento personalizado en la C\u00e1mara Agraria de Burriana los lunes de 8.30 a 14h en las que la t\u00e9cnica responsable del asesoramiento a empresa realiza la atenci\u00f3n personalizada.<\/p>\n<p class=\"p1\">La concejala de Pol\u00edticas Activas de Empleo, Suni Fandos, ha se\u00f1alado que \u201c<b>desde el Ayuntamiento, con las t\u00e9cnicas del consorcio, queremos acompa\u00f1ar a nuestras empresas en todo el proceso de solicitud, resolviendo dudas y facilitando el acceso a esta l\u00ednea de financiaci\u00f3n que puede marcar un antes y un despu\u00e9s en muchos proyectos empresariales locales\u201d.<\/b> Asimismo, ha a\u00f1adido que <b>\u201capoyar la inversi\u00f3n productiva es apostar por la consolidaci\u00f3n de nuestras pymes, por su modernizaci\u00f3n y por la creaci\u00f3n de nuevas oportunidades laborales en Burriana\u201d.<\/b><\/p>\n","protected":false},"excerpt":{"rendered":"<p>Estos pr\u00e9stamos van dirigidos a empresas de la Comunitat Valenciana con una antig\u00fcedad m\u00ednima de dos a\u00f1os y con, al menos, un trabajador y quieren facilitar la modernizaci\u00f3n empresarial El Ayuntamiento de Burriana, a trav\u00e9s de la concejal\u00eda de Empleo, y el Consorcio del Pacte han unido esfuerzos para informar y asesorar a las peque\u00f1as &hellip; <a href=\"https:\/\/pacteceramic.es\/es_es\/burriana-y-el-pacte-de-la-ceramica-asesoran-a-pymes-sobre-las-subvenciones-del-ivf\/\" class=\"more-link\">Continue reading<span class=\"screen-reader-text\"> \u00abBurriana y el Pacte de la Cer\u00e1mica asesoran a PYMES sobre las subvenciones del IVF\u00bb<\/span><\/a><\/p>\n","protected":false},"author":1,"featured_media":12609,"comment_status":"open","ping_status":"open","sticky":false,"template":"","format":"standard","meta":{"iawp_total_views":4,"footnotes":""},"categories":[3],"tags":[],"class_list":["post-12608","post","type-post","status-publish","format-standard","has-post-thumbnail","hentry","category-noticias"],"yoast_head":"<!-- This site is optimized with the Yoast SEO plugin v23.1 - https:\/\/yoast.com\/wordpress\/plugins\/seo\/ -->\n<title>Burriana y el Pacte de la Cer\u00e1mica asesoran a PYMES sobre las subvenciones del IVF - Pacte Cer\u00e0mic<\/title>\n<meta name=\"robots\" content=\"index, follow, max-snippet:-1, max-image-preview:large, max-video-preview:-1\" \/>\n<link rel=\"canonical\" href=\"https:\/\/pacteceramic.es\/es_es\/burriana-y-el-pacte-de-la-ceramica-asesoran-a-pymes-sobre-las-subvenciones-del-ivf\/\" \/>\n<meta property=\"og:locale\" content=\"es_ES\" \/>\n<meta property=\"og:type\" content=\"article\" \/>\n<meta property=\"og:title\" content=\"Burriana y el Pacte de la Cer\u00e1mica asesoran a PYMES sobre las subvenciones del IVF - Pacte Cer\u00e0mic\" \/>\n<meta property=\"og:description\" content=\"Estos pr\u00e9stamos van dirigidos a empresas de la Comunitat Valenciana con una antig\u00fcedad m\u00ednima de dos a\u00f1os y con, al menos, un trabajador y quieren facilitar la modernizaci\u00f3n empresarial El Ayuntamiento de Burriana, a trav\u00e9s de la concejal\u00eda de Empleo, y el Consorcio del Pacte han unido esfuerzos para informar y asesorar a las peque\u00f1as &hellip; Continue reading &quot;Burriana y el Pacte de la Cer\u00e1mica asesoran a PYMES sobre las subvenciones del IVF&quot;\" \/>\n<meta property=\"og:url\" content=\"https:\/\/pacteceramic.es\/es_es\/burriana-y-el-pacte-de-la-ceramica-asesoran-a-pymes-sobre-las-subvenciones-del-ivf\/\" \/>\n<meta property=\"og:site_name\" content=\"Pacte Cer\u00e0mic\" \/>\n<meta property=\"article:publisher\" content=\"https:\/\/www.facebook.com\/pacteceramic\/\" \/>\n<meta property=\"article:published_time\" content=\"2026-03-09T08:11:41+00:00\" \/>\n<meta property=\"article:modified_time\" content=\"2026-03-09T08:14:04+00:00\" \/>\n<meta property=\"og:image\" content=\"https:\/\/pacteceramic.es\/wp-content\/uploads\/2026\/03\/Reunion-Ayuntamiento-Burriana-y-el-Pacto-por-el-Empleo.jpeg\" \/>\n\t<meta property=\"og:image:width\" content=\"1600\" \/>\n\t<meta property=\"og:image:height\" content=\"1066\" \/>\n\t<meta property=\"og:image:type\" content=\"image\/jpeg\" \/>\n<meta name=\"author\" content=\"Pacteceramic\" \/>\n<meta name=\"twitter:card\" content=\"summary_large_image\" \/>\n<meta name=\"twitter:creator\" content=\"@pacteceramic\" \/>\n<meta name=\"twitter:site\" content=\"@pacteceramic\" \/>\n<meta name=\"twitter:label1\" content=\"Escrito por\" \/>\n\t<meta name=\"twitter:data1\" content=\"Pacteceramic\" \/>\n\t<meta name=\"twitter:label2\" content=\"Tiempo de lectura\" \/>\n\t<meta name=\"twitter:data2\" content=\"3 minutos\" \/>\n<script type=\"application\/ld+json\" class=\"yoast-schema-graph\">{\"@context\":\"https:\/\/schema.org\",\"@graph\":[{\"@type\":\"Article\",\"@id\":\"https:\/\/pacteceramic.es\/burriana-y-el-pacte-de-la-ceramica-asesoran-a-pymes-sobre-las-subvenciones-del-ivf\/#article\",\"isPartOf\":{\"@id\":\"https:\/\/pacteceramic.es\/burriana-y-el-pacte-de-la-ceramica-asesoran-a-pymes-sobre-las-subvenciones-del-ivf\/\"},\"author\":{\"name\":\"Pacteceramic\",\"@id\":\"https:\/\/pacteceramic.es\/es_es\/#\/schema\/person\/d8757e82992b54387f1f96b63e3434af\"},\"headline\":\"Burriana y el Pacte de la Cer\u00e1mica asesoran a PYMES sobre las subvenciones del IVF\",\"datePublished\":\"2026-03-09T08:11:41+00:00\",\"dateModified\":\"2026-03-09T08:14:04+00:00\",\"mainEntityOfPage\":{\"@id\":\"https:\/\/pacteceramic.es\/burriana-y-el-pacte-de-la-ceramica-asesoran-a-pymes-sobre-las-subvenciones-del-ivf\/\"},\"wordCount\":465,\"commentCount\":0,\"publisher\":{\"@id\":\"https:\/\/pacteceramic.es\/es_es\/#organization\"},\"image\":{\"@id\":\"https:\/\/pacteceramic.es\/burriana-y-el-pacte-de-la-ceramica-asesoran-a-pymes-sobre-las-subvenciones-del-ivf\/#primaryimage\"},\"thumbnailUrl\":\"https:\/\/pacteceramic.es\/wp-content\/uploads\/2026\/03\/Reunion-Ayuntamiento-Burriana-y-el-Pacto-por-el-Empleo.jpeg\",\"articleSection\":[\"Noticias\"],\"inLanguage\":\"es\",\"potentialAction\":[{\"@type\":\"CommentAction\",\"name\":\"Comment\",\"target\":[\"https:\/\/pacteceramic.es\/burriana-y-el-pacte-de-la-ceramica-asesoran-a-pymes-sobre-las-subvenciones-del-ivf\/#respond\"]}]},{\"@type\":\"WebPage\",\"@id\":\"https:\/\/pacteceramic.es\/burriana-y-el-pacte-de-la-ceramica-asesoran-a-pymes-sobre-las-subvenciones-del-ivf\/\",\"url\":\"https:\/\/pacteceramic.es\/burriana-y-el-pacte-de-la-ceramica-asesoran-a-pymes-sobre-las-subvenciones-del-ivf\/\",\"name\":\"Burriana y el Pacte de la Cer\u00e1mica asesoran a PYMES sobre las subvenciones del IVF - Pacte Cer\u00e0mic\",\"isPartOf\":{\"@id\":\"https:\/\/pacteceramic.es\/es_es\/#website\"},\"primaryImageOfPage\":{\"@id\":\"https:\/\/pacteceramic.es\/burriana-y-el-pacte-de-la-ceramica-asesoran-a-pymes-sobre-las-subvenciones-del-ivf\/#primaryimage\"},\"image\":{\"@id\":\"https:\/\/pacteceramic.es\/burriana-y-el-pacte-de-la-ceramica-asesoran-a-pymes-sobre-las-subvenciones-del-ivf\/#primaryimage\"},\"thumbnailUrl\":\"https:\/\/pacteceramic.es\/wp-content\/uploads\/2026\/03\/Reunion-Ayuntamiento-Burriana-y-el-Pacto-por-el-Empleo.jpeg\",\"datePublished\":\"2026-03-09T08:11:41+00:00\",\"dateModified\":\"2026-03-09T08:14:04+00:00\",\"breadcrumb\":{\"@id\":\"https:\/\/pacteceramic.es\/burriana-y-el-pacte-de-la-ceramica-asesoran-a-pymes-sobre-las-subvenciones-del-ivf\/#breadcrumb\"},\"inLanguage\":\"es\",\"potentialAction\":[{\"@type\":\"ReadAction\",\"target\":[\"https:\/\/pacteceramic.es\/burriana-y-el-pacte-de-la-ceramica-asesoran-a-pymes-sobre-las-subvenciones-del-ivf\/\"]}]},{\"@type\":\"ImageObject\",\"inLanguage\":\"es\",\"@id\":\"https:\/\/pacteceramic.es\/burriana-y-el-pacte-de-la-ceramica-asesoran-a-pymes-sobre-las-subvenciones-del-ivf\/#primaryimage\",\"url\":\"https:\/\/pacteceramic.es\/wp-content\/uploads\/2026\/03\/Reunion-Ayuntamiento-Burriana-y-el-Pacto-por-el-Empleo.jpeg\",\"contentUrl\":\"https:\/\/pacteceramic.es\/wp-content\/uploads\/2026\/03\/Reunion-Ayuntamiento-Burriana-y-el-Pacto-por-el-Empleo.jpeg\",\"width\":1600,\"height\":1066},{\"@type\":\"BreadcrumbList\",\"@id\":\"https:\/\/pacteceramic.es\/burriana-y-el-pacte-de-la-ceramica-asesoran-a-pymes-sobre-las-subvenciones-del-ivf\/#breadcrumb\",\"itemListElement\":[{\"@type\":\"ListItem\",\"position\":1,\"name\":\"Portada\",\"item\":\"https:\/\/pacteceramic.es\/\"},{\"@type\":\"ListItem\",\"position\":2,\"name\":\"Burriana y el Pacte de la Cer\u00e1mica asesoran a PYMES sobre las subvenciones del IVF\"}]},{\"@type\":\"WebSite\",\"@id\":\"https:\/\/pacteceramic.es\/es_es\/#website\",\"url\":\"https:\/\/pacteceramic.es\/es_es\/\",\"name\":\"Pacte Cer\u00e0mic\",\"description\":\"Pacte Cer\u00e0mic\",\"publisher\":{\"@id\":\"https:\/\/pacteceramic.es\/es_es\/#organization\"},\"potentialAction\":[{\"@type\":\"SearchAction\",\"target\":{\"@type\":\"EntryPoint\",\"urlTemplate\":\"https:\/\/pacteceramic.es\/es_es\/?s={search_term_string}\"},\"query-input\":\"required name=search_term_string\"}],\"inLanguage\":\"es\"},{\"@type\":\"Organization\",\"@id\":\"https:\/\/pacteceramic.es\/es_es\/#organization\",\"name\":\"Pacte Cer\u00e0mic\",\"url\":\"https:\/\/pacteceramic.es\/es_es\/\",\"logo\":{\"@type\":\"ImageObject\",\"inLanguage\":\"es\",\"@id\":\"https:\/\/pacteceramic.es\/es_es\/#\/schema\/logo\/image\/\",\"url\":\"https:\/\/pacteceramic.es\/wp-content\/uploads\/2023\/05\/menulogo.png\",\"contentUrl\":\"https:\/\/pacteceramic.es\/wp-content\/uploads\/2023\/05\/menulogo.png\",\"width\":249,\"height\":80,\"caption\":\"Pacte Cer\u00e0mic\"},\"image\":{\"@id\":\"https:\/\/pacteceramic.es\/es_es\/#\/schema\/logo\/image\/\"},\"sameAs\":[\"https:\/\/www.facebook.com\/pacteceramic\/\",\"https:\/\/x.com\/pacteceramic\",\"https:\/\/www.instagram.com\/pacteceramic\/\",\"https:\/\/www.linkedin.com\/company\/pactemunicipisceramics\/\"]},{\"@type\":\"Person\",\"@id\":\"https:\/\/pacteceramic.es\/es_es\/#\/schema\/person\/d8757e82992b54387f1f96b63e3434af\",\"name\":\"Pacteceramic\",\"image\":{\"@type\":\"ImageObject\",\"inLanguage\":\"es\",\"@id\":\"https:\/\/pacteceramic.es\/es_es\/#\/schema\/person\/image\/\",\"url\":\"https:\/\/secure.gravatar.com\/avatar\/add03c3ae52e6d8ee8c27f9a7cdeaf18899ffc6cc348538526bfcb9ba78343ff?s=96&d=mm&r=g\",\"contentUrl\":\"https:\/\/secure.gravatar.com\/avatar\/add03c3ae52e6d8ee8c27f9a7cdeaf18899ffc6cc348538526bfcb9ba78343ff?s=96&d=mm&r=g\",\"caption\":\"Pacteceramic\"},\"sameAs\":[\"http:\/\/pacteceramic.es\"],\"url\":\"https:\/\/pacteceramic.es\/es_es\/author\/pacteceramic\/\"}]}<\/script>\n<!-- \/ Yoast SEO plugin. -->","yoast_head_json":{"title":"Burriana y el Pacte de la Cer\u00e1mica asesoran a PYMES sobre las subvenciones del IVF - Pacte Cer\u00e0mic","robots":{"index":"index","follow":"follow","max-snippet":"max-snippet:-1","max-image-preview":"max-image-preview:large","max-video-preview":"max-video-preview:-1"},"canonical":"https:\/\/pacteceramic.es\/es_es\/burriana-y-el-pacte-de-la-ceramica-asesoran-a-pymes-sobre-las-subvenciones-del-ivf\/","og_locale":"es_ES","og_type":"article","og_title":"Burriana y el Pacte de la Cer\u00e1mica asesoran a PYMES sobre las subvenciones del IVF - Pacte Cer\u00e0mic","og_description":"Estos pr\u00e9stamos van dirigidos a empresas de la Comunitat Valenciana con una antig\u00fcedad m\u00ednima de dos a\u00f1os y con, al menos, un trabajador y quieren facilitar la modernizaci\u00f3n empresarial El Ayuntamiento de Burriana, a trav\u00e9s de la concejal\u00eda de Empleo, y el Consorcio del Pacte han unido esfuerzos para informar y asesorar a las peque\u00f1as &hellip; Continue reading \"Burriana y el Pacte de la Cer\u00e1mica asesoran a PYMES sobre las subvenciones del IVF\"","og_url":"https:\/\/pacteceramic.es\/es_es\/burriana-y-el-pacte-de-la-ceramica-asesoran-a-pymes-sobre-las-subvenciones-del-ivf\/","og_site_name":"Pacte Cer\u00e0mic","article_publisher":"https:\/\/www.facebook.com\/pacteceramic\/","article_published_time":"2026-03-09T08:11:41+00:00","article_modified_time":"2026-03-09T08:14:04+00:00","og_image":[{"width":1600,"height":1066,"url":"https:\/\/pacteceramic.es\/wp-content\/uploads\/2026\/03\/Reunion-Ayuntamiento-Burriana-y-el-Pacto-por-el-Empleo.jpeg","type":"image\/jpeg"}],"author":"Pacteceramic","twitter_card":"summary_large_image","twitter_creator":"@pacteceramic","twitter_site":"@pacteceramic","twitter_misc":{"Escrito por":"Pacteceramic","Tiempo de lectura":"3 minutos"},"schema":{"@context":"https:\/\/schema.org","@graph":[{"@type":"Article","@id":"https:\/\/pacteceramic.es\/burriana-y-el-pacte-de-la-ceramica-asesoran-a-pymes-sobre-las-subvenciones-del-ivf\/#article","isPartOf":{"@id":"https:\/\/pacteceramic.es\/burriana-y-el-pacte-de-la-ceramica-asesoran-a-pymes-sobre-las-subvenciones-del-ivf\/"},"author":{"name":"Pacteceramic","@id":"https:\/\/pacteceramic.es\/es_es\/#\/schema\/person\/d8757e82992b54387f1f96b63e3434af"},"headline":"Burriana y el Pacte de la Cer\u00e1mica asesoran a PYMES sobre las subvenciones del IVF","datePublished":"2026-03-09T08:11:41+00:00","dateModified":"2026-03-09T08:14:04+00:00","mainEntityOfPage":{"@id":"https:\/\/pacteceramic.es\/burriana-y-el-pacte-de-la-ceramica-asesoran-a-pymes-sobre-las-subvenciones-del-ivf\/"},"wordCount":465,"commentCount":0,"publisher":{"@id":"https:\/\/pacteceramic.es\/es_es\/#organization"},"image":{"@id":"https:\/\/pacteceramic.es\/burriana-y-el-pacte-de-la-ceramica-asesoran-a-pymes-sobre-las-subvenciones-del-ivf\/#primaryimage"},"thumbnailUrl":"https:\/\/pacteceramic.es\/wp-content\/uploads\/2026\/03\/Reunion-Ayuntamiento-Burriana-y-el-Pacto-por-el-Empleo.jpeg","articleSection":["Noticias"],"inLanguage":"es","potentialAction":[{"@type":"CommentAction","name":"Comment","target":["https:\/\/pacteceramic.es\/burriana-y-el-pacte-de-la-ceramica-asesoran-a-pymes-sobre-las-subvenciones-del-ivf\/#respond"]}]},{"@type":"WebPage","@id":"https:\/\/pacteceramic.es\/burriana-y-el-pacte-de-la-ceramica-asesoran-a-pymes-sobre-las-subvenciones-del-ivf\/","url":"https:\/\/pacteceramic.es\/burriana-y-el-pacte-de-la-ceramica-asesoran-a-pymes-sobre-las-subvenciones-del-ivf\/","name":"Burriana y el Pacte de la Cer\u00e1mica asesoran a PYMES sobre las subvenciones del IVF - Pacte Cer\u00e0mic","isPartOf":{"@id":"https:\/\/pacteceramic.es\/es_es\/#website"},"primaryImageOfPage":{"@id":"https:\/\/pacteceramic.es\/burriana-y-el-pacte-de-la-ceramica-asesoran-a-pymes-sobre-las-subvenciones-del-ivf\/#primaryimage"},"image":{"@id":"https:\/\/pacteceramic.es\/burriana-y-el-pacte-de-la-ceramica-asesoran-a-pymes-sobre-las-subvenciones-del-ivf\/#primaryimage"},"thumbnailUrl":"https:\/\/pacteceramic.es\/wp-content\/uploads\/2026\/03\/Reunion-Ayuntamiento-Burriana-y-el-Pacto-por-el-Empleo.jpeg","datePublished":"2026-03-09T08:11:41+00:00","dateModified":"2026-03-09T08:14:04+00:00","breadcrumb":{"@id":"https:\/\/pacteceramic.es\/burriana-y-el-pacte-de-la-ceramica-asesoran-a-pymes-sobre-las-subvenciones-del-ivf\/#breadcrumb"},"inLanguage":"es","potentialAction":[{"@type":"ReadAction","target":["https:\/\/pacteceramic.es\/burriana-y-el-pacte-de-la-ceramica-asesoran-a-pymes-sobre-las-subvenciones-del-ivf\/"]}]},{"@type":"ImageObject","inLanguage":"es","@id":"https:\/\/pacteceramic.es\/burriana-y-el-pacte-de-la-ceramica-asesoran-a-pymes-sobre-las-subvenciones-del-ivf\/#primaryimage","url":"https:\/\/pacteceramic.es\/wp-content\/uploads\/2026\/03\/Reunion-Ayuntamiento-Burriana-y-el-Pacto-por-el-Empleo.jpeg","contentUrl":"https:\/\/pacteceramic.es\/wp-content\/uploads\/2026\/03\/Reunion-Ayuntamiento-Burriana-y-el-Pacto-por-el-Empleo.jpeg","width":1600,"height":1066},{"@type":"BreadcrumbList","@id":"https:\/\/pacteceramic.es\/burriana-y-el-pacte-de-la-ceramica-asesoran-a-pymes-sobre-las-subvenciones-del-ivf\/#breadcrumb","itemListElement":[{"@type":"ListItem","position":1,"name":"Portada","item":"https:\/\/pacteceramic.es\/"},{"@type":"ListItem","position":2,"name":"Burriana y el Pacte de la Cer\u00e1mica asesoran a PYMES sobre las subvenciones del IVF"}]},{"@type":"WebSite","@id":"https:\/\/pacteceramic.es\/es_es\/#website","url":"https:\/\/pacteceramic.es\/es_es\/","name":"Pacte Cer\u00e0mic","description":"Pacte Cer\u00e0mic","publisher":{"@id":"https:\/\/pacteceramic.es\/es_es\/#organization"},"potentialAction":[{"@type":"SearchAction","target":{"@type":"EntryPoint","urlTemplate":"https:\/\/pacteceramic.es\/es_es\/?s={search_term_string}"},"query-input":"required name=search_term_string"}],"inLanguage":"es"},{"@type":"Organization","@id":"https:\/\/pacteceramic.es\/es_es\/#organization","name":"Pacte Cer\u00e0mic","url":"https:\/\/pacteceramic.es\/es_es\/","logo":{"@type":"ImageObject","inLanguage":"es","@id":"https:\/\/pacteceramic.es\/es_es\/#\/schema\/logo\/image\/","url":"https:\/\/pacteceramic.es\/wp-content\/uploads\/2023\/05\/menulogo.png","contentUrl":"https:\/\/pacteceramic.es\/wp-content\/uploads\/2023\/05\/menulogo.png","width":249,"height":80,"caption":"Pacte Cer\u00e0mic"},"image":{"@id":"https:\/\/pacteceramic.es\/es_es\/#\/schema\/logo\/image\/"},"sameAs":["https:\/\/www.facebook.com\/pacteceramic\/","https:\/\/x.com\/pacteceramic","https:\/\/www.instagram.com\/pacteceramic\/","https:\/\/www.linkedin.com\/company\/pactemunicipisceramics\/"]},{"@type":"Person","@id":"https:\/\/pacteceramic.es\/es_es\/#\/schema\/person\/d8757e82992b54387f1f96b63e3434af","name":"Pacteceramic","image":{"@type":"ImageObject","inLanguage":"es","@id":"https:\/\/pacteceramic.es\/es_es\/#\/schema\/person\/image\/","url":"https:\/\/secure.gravatar.com\/avatar\/add03c3ae52e6d8ee8c27f9a7cdeaf18899ffc6cc348538526bfcb9ba78343ff?s=96&d=mm&r=g","contentUrl":"https:\/\/secure.gravatar.com\/avatar\/add03c3ae52e6d8ee8c27f9a7cdeaf18899ffc6cc348538526bfcb9ba78343ff?s=96&d=mm&r=g","caption":"Pacteceramic"},"sameAs":["http:\/\/pacteceramic.es"],"url":"https:\/\/pacteceramic.es\/es_es\/author\/pacteceramic\/"}]}},"_links":{"self":[{"href":"https:\/\/pacteceramic.es\/es_es\/wp-json\/wp\/v2\/posts\/12608","targetHints":{"allow":["GET"]}}],"collection":[{"href":"https:\/\/pacteceramic.es\/es_es\/wp-json\/wp\/v2\/posts"}],"about":[{"href":"https:\/\/pacteceramic.es\/es_es\/wp-json\/wp\/v2\/types\/post"}],"author":[{"embeddable":true,"href":"https:\/\/pacteceramic.es\/es_es\/wp-json\/wp\/v2\/users\/1"}],"replies":[{"embeddable":true,"href":"https:\/\/pacteceramic.es\/es_es\/wp-json\/wp\/v2\/comments?post=12608"}],"version-history":[{"count":3,"href":"https:\/\/pacteceramic.es\/es_es\/wp-json\/wp\/v2\/posts\/12608\/revisions"}],"predecessor-version":[{"id":12612,"href":"https:\/\/pacteceramic.es\/es_es\/wp-json\/wp\/v2\/posts\/12608\/revisions\/12612"}],"wp:featuredmedia":[{"embeddable":true,"href":"https:\/\/pacteceramic.es\/es_es\/wp-json\/wp\/v2\/media\/12609"}],"wp:attachment":[{"href":"https:\/\/pacteceramic.es\/es_es\/wp-json\/wp\/v2\/media?parent=12608"}],"wp:term":[{"taxonomy":"category","embeddable":true,"href":"https:\/\/pacteceramic.es\/es_es\/wp-json\/wp\/v2\/categories?post=12608"},{"taxonomy":"post_tag","embeddable":true,"href":"https:\/\/pacteceramic.es\/es_es\/wp-json\/wp\/v2\/tags?post=12608"}],"curies":[{"name":"wp","href":"https:\/\/api.w.org\/{rel}","templated":true}]}}