{"id":12276,"date":"2024-12-27T12:51:44","date_gmt":"2024-12-27T12:51:44","guid":{"rendered":"https:\/\/pacteceramic.es\/?p=12276"},"modified":"2024-12-27T12:51:44","modified_gmt":"2024-12-27T12:51:44","slug":"el-consorcio-y-el-ayuntamiento-de-burriana-impulsan-el-emprendimiento-y-la-formacion-en-la-localidad-con-atencion-a-41-emprendedores-y-18-empresas","status":"publish","type":"post","link":"https:\/\/pacteceramic.es\/es_es\/el-consorcio-y-el-ayuntamiento-de-burriana-impulsan-el-emprendimiento-y-la-formacion-en-la-localidad-con-atencion-a-41-emprendedores-y-18-empresas\/","title":{"rendered":"El Consorcio y el Ayuntamiento de Burriana impulsan el emprendimiento y la formaci\u00f3n en la localidad con atenci\u00f3n a 41 emprendedores y 18 empresas"},"content":{"rendered":"<p class=\"p1\"><i>De estas personas atendidas, 7 formalizar\u00f3n su alta como aut\u00f3nomo y de las firmas se ayud\u00f3 a 10 a conseguir ayudas que sumaron 36.500 euros en total<\/i><\/p>\n<p class=\"p1\">El Consorcio del Pacto Territorial por el Empleo de los Municipios Cer\u00e1micos y su \u00e1rea de influencia de la provincia de Castell\u00f3n, en colaboraci\u00f3n con el Ayuntamiento de Burriana, ha presentado los resultados del proyecto de apoyo al emprendimiento, formaci\u00f3n e intermediaci\u00f3n laboral desarrollado en la localidad que se desarrolla desde la mitad de 2023. Los resultados reflejan un impacto significativo en el desarrollo econ\u00f3mico y social del municipio ya que se ha atendido a 41 emprendedores, de los cuales 7 formalizaron su alta como aut\u00f3nomos. Adem\u00e1s, 18 empresas recibieron asesoramiento, se gestionaron 10 ayudas por un importe estimado de 36.500 euros y se elaboraron 11 planes de viabilidad.<\/p>\n<p class=\"p1\">En cuanto a la formaci\u00f3n en competencias digitales, un total de 219 personas participaron en 17 talleres formativos, reduciendo la brecha digital y mejorando sus habilidades tecnol\u00f3gicas. Por lo que respecta al fomento del empleo y el emprendimiento, durante este proyecto, se han llevado a cabo jornadas de orientaci\u00f3n laboral y emprendimiento que beneficiaron a 72 personas, incluyendo estudiantes y participantes del Taller de Empleo de Burriana. Destaca el taller \u00abDesarrolla-t Burriana\u00bb, enfocado en el sector tur\u00edstico y de servicios, en el que se formaron 28 alumnos, de los cuales 6 lograron su inserci\u00f3n laboral.<\/p>\n<p class=\"p1\">En la citricultura, a petici\u00f3n de la demanda existente en el sector agr\u00edcola, se han organizado tres ediciones del curso de poda de c\u00edtricos, beneficiando a 41 alumnos en total. Esta iniciativa fue posible gracias a la colaboraci\u00f3n con la Estaci\u00f3n Experimental Agraria de Vila-real y la Cooperativa Sant Josep de Burriana. Por \u00faltimo, la herramienta del Portal de Empleo del Pacte ha registrado 145 inscripciones de personas de Burriana, facilitando la conexi\u00f3n entre demandantes de empleo y empresas colaboradoras.<\/p>\n<p class=\"p1\">El presidente del Consorcio, Pablo Delgado, explica que \u201cel proyecto ha demostrado su eficacia al adaptarse a las necesidades espec\u00edficas de Burriana, promoviendo la creaci\u00f3n de empleo, el fortalecimiento del emprendimiento y la mejora de la formaci\u00f3n profesional. Adem\u00e1s, ha contribuido a la profesionalizaci\u00f3n del sector tur\u00edstico local, aline\u00e1ndose con el objetivo del municipio de consolidarse como un destino tur\u00edstico de calidad y sostenibilidad\u201d.<\/p>\n<p class=\"p1\">Por su parte, la concejala de Empleo de Burriana, Mar\u00eda Asunci\u00f3n Fandos, anuncia que \u201del Ayuntamiento de Burriana y el Consorcio van a continuar trabajando conjuntamente para ofrecer herramientas y recursos que impulsen el crecimiento econ\u00f3mico y social de la localidad. Este compromiso es un reflejo del esfuerzo colectivo por mejorar la calidad de vida de los vecinos y fortalecer la econom\u00eda local\u201d.<\/p>\n","protected":false},"excerpt":{"rendered":"<p>De estas personas atendidas, 7 formalizar\u00f3n su alta como aut\u00f3nomo y de las firmas se ayud\u00f3 a 10 a conseguir ayudas que sumaron 36.500 euros en total El Consorcio del Pacto Territorial por el Empleo de los Municipios Cer\u00e1micos y su \u00e1rea de influencia de la provincia de Castell\u00f3n, en colaboraci\u00f3n con el Ayuntamiento de &hellip; <a href=\"https:\/\/pacteceramic.es\/es_es\/el-consorcio-y-el-ayuntamiento-de-burriana-impulsan-el-emprendimiento-y-la-formacion-en-la-localidad-con-atencion-a-41-emprendedores-y-18-empresas\/\" class=\"more-link\">Continue reading<span class=\"screen-reader-text\"> \u00abEl Consorcio y el Ayuntamiento de Burriana impulsan el emprendimiento y la formaci\u00f3n en la localidad con atenci\u00f3n a 41 emprendedores y 18 empresas\u00bb<\/span><\/a><\/p>\n","protected":false},"author":1,"featured_media":12277,"comment_status":"open","ping_status":"open","sticky":false,"template":"","format":"standard","meta":{"iawp_total_views":15,"footnotes":""},"categories":[3],"tags":[],"class_list":["post-12276","post","type-post","status-publish","format-standard","has-post-thumbnail","hentry","category-noticias"],"yoast_head":"<!-- This site is optimized with the Yoast SEO plugin v23.1 - https:\/\/yoast.com\/wordpress\/plugins\/seo\/ -->\n<title>El Consorcio y el Ayuntamiento de Burriana impulsan el emprendimiento y la formaci\u00f3n en la localidad con atenci\u00f3n a 41 emprendedores y 18 empresas - Pacte Cer\u00e0mic<\/title>\n<meta name=\"robots\" content=\"index, follow, max-snippet:-1, max-image-preview:large, max-video-preview:-1\" \/>\n<link rel=\"canonical\" href=\"https:\/\/pacteceramic.es\/es_es\/el-consorcio-y-el-ayuntamiento-de-burriana-impulsan-el-emprendimiento-y-la-formacion-en-la-localidad-con-atencion-a-41-emprendedores-y-18-empresas\/\" \/>\n<meta property=\"og:locale\" content=\"es_ES\" \/>\n<meta property=\"og:type\" content=\"article\" \/>\n<meta property=\"og:title\" content=\"El Consorcio y el Ayuntamiento de Burriana impulsan el emprendimiento y la formaci\u00f3n en la localidad con atenci\u00f3n a 41 emprendedores y 18 empresas - Pacte Cer\u00e0mic\" \/>\n<meta property=\"og:description\" content=\"De estas personas atendidas, 7 formalizar\u00f3n su alta como aut\u00f3nomo y de las firmas se ayud\u00f3 a 10 a conseguir ayudas que sumaron 36.500 euros en total El Consorcio del Pacto Territorial por el Empleo de los Municipios Cer\u00e1micos y su \u00e1rea de influencia de la provincia de Castell\u00f3n, en colaboraci\u00f3n con el Ayuntamiento de &hellip; Continue reading &quot;El Consorcio y el Ayuntamiento de Burriana impulsan el emprendimiento y la formaci\u00f3n en la localidad con atenci\u00f3n a 41 emprendedores y 18 empresas&quot;\" \/>\n<meta property=\"og:url\" content=\"https:\/\/pacteceramic.es\/es_es\/el-consorcio-y-el-ayuntamiento-de-burriana-impulsan-el-emprendimiento-y-la-formacion-en-la-localidad-con-atencion-a-41-emprendedores-y-18-empresas\/\" \/>\n<meta property=\"og:site_name\" content=\"Pacte Cer\u00e0mic\" \/>\n<meta property=\"article:publisher\" content=\"https:\/\/www.facebook.com\/pacteceramic\/\" \/>\n<meta property=\"article:published_time\" content=\"2024-12-27T12:51:44+00:00\" \/>\n<meta property=\"og:image\" content=\"https:\/\/pacteceramic.es\/wp-content\/uploads\/2024\/12\/20241210_090818-scaled.jpg\" \/>\n\t<meta property=\"og:image:width\" content=\"1920\" \/>\n\t<meta property=\"og:image:height\" content=\"2560\" \/>\n\t<meta property=\"og:image:type\" content=\"image\/jpeg\" \/>\n<meta name=\"author\" content=\"Pacteceramic\" \/>\n<meta name=\"twitter:card\" content=\"summary_large_image\" \/>\n<meta name=\"twitter:creator\" content=\"@pacteceramic\" \/>\n<meta name=\"twitter:site\" content=\"@pacteceramic\" \/>\n<meta name=\"twitter:label1\" content=\"Escrito por\" \/>\n\t<meta name=\"twitter:data1\" content=\"Pacteceramic\" \/>\n\t<meta name=\"twitter:label2\" content=\"Tiempo de lectura\" \/>\n\t<meta name=\"twitter:data2\" content=\"3 minutos\" \/>\n<script type=\"application\/ld+json\" class=\"yoast-schema-graph\">{\"@context\":\"https:\/\/schema.org\",\"@graph\":[{\"@type\":\"Article\",\"@id\":\"https:\/\/pacteceramic.es\/el-consorcio-y-el-ayuntamiento-de-burriana-impulsan-el-emprendimiento-y-la-formacion-en-la-localidad-con-atencion-a-41-emprendedores-y-18-empresas\/#article\",\"isPartOf\":{\"@id\":\"https:\/\/pacteceramic.es\/el-consorcio-y-el-ayuntamiento-de-burriana-impulsan-el-emprendimiento-y-la-formacion-en-la-localidad-con-atencion-a-41-emprendedores-y-18-empresas\/\"},\"author\":{\"name\":\"Pacteceramic\",\"@id\":\"https:\/\/pacteceramic.es\/es_es\/#\/schema\/person\/d8757e82992b54387f1f96b63e3434af\"},\"headline\":\"El Consorcio y el Ayuntamiento de Burriana impulsan el emprendimiento y la formaci\u00f3n en la localidad con atenci\u00f3n a 41 emprendedores y 18 empresas\",\"datePublished\":\"2024-12-27T12:51:44+00:00\",\"dateModified\":\"2024-12-27T12:51:44+00:00\",\"mainEntityOfPage\":{\"@id\":\"https:\/\/pacteceramic.es\/el-consorcio-y-el-ayuntamiento-de-burriana-impulsan-el-emprendimiento-y-la-formacion-en-la-localidad-con-atencion-a-41-emprendedores-y-18-empresas\/\"},\"wordCount\":478,\"commentCount\":0,\"publisher\":{\"@id\":\"https:\/\/pacteceramic.es\/es_es\/#organization\"},\"image\":{\"@id\":\"https:\/\/pacteceramic.es\/el-consorcio-y-el-ayuntamiento-de-burriana-impulsan-el-emprendimiento-y-la-formacion-en-la-localidad-con-atencion-a-41-emprendedores-y-18-empresas\/#primaryimage\"},\"thumbnailUrl\":\"https:\/\/pacteceramic.es\/wp-content\/uploads\/2024\/12\/20241210_090818-scaled.jpg\",\"articleSection\":[\"Noticias\"],\"inLanguage\":\"es\",\"potentialAction\":[{\"@type\":\"CommentAction\",\"name\":\"Comment\",\"target\":[\"https:\/\/pacteceramic.es\/el-consorcio-y-el-ayuntamiento-de-burriana-impulsan-el-emprendimiento-y-la-formacion-en-la-localidad-con-atencion-a-41-emprendedores-y-18-empresas\/#respond\"]}]},{\"@type\":\"WebPage\",\"@id\":\"https:\/\/pacteceramic.es\/el-consorcio-y-el-ayuntamiento-de-burriana-impulsan-el-emprendimiento-y-la-formacion-en-la-localidad-con-atencion-a-41-emprendedores-y-18-empresas\/\",\"url\":\"https:\/\/pacteceramic.es\/el-consorcio-y-el-ayuntamiento-de-burriana-impulsan-el-emprendimiento-y-la-formacion-en-la-localidad-con-atencion-a-41-emprendedores-y-18-empresas\/\",\"name\":\"El Consorcio y el Ayuntamiento de Burriana impulsan el emprendimiento y la formaci\u00f3n en la localidad con atenci\u00f3n a 41 emprendedores y 18 empresas - Pacte Cer\u00e0mic\",\"isPartOf\":{\"@id\":\"https:\/\/pacteceramic.es\/es_es\/#website\"},\"primaryImageOfPage\":{\"@id\":\"https:\/\/pacteceramic.es\/el-consorcio-y-el-ayuntamiento-de-burriana-impulsan-el-emprendimiento-y-la-formacion-en-la-localidad-con-atencion-a-41-emprendedores-y-18-empresas\/#primaryimage\"},\"image\":{\"@id\":\"https:\/\/pacteceramic.es\/el-consorcio-y-el-ayuntamiento-de-burriana-impulsan-el-emprendimiento-y-la-formacion-en-la-localidad-con-atencion-a-41-emprendedores-y-18-empresas\/#primaryimage\"},\"thumbnailUrl\":\"https:\/\/pacteceramic.es\/wp-content\/uploads\/2024\/12\/20241210_090818-scaled.jpg\",\"datePublished\":\"2024-12-27T12:51:44+00:00\",\"dateModified\":\"2024-12-27T12:51:44+00:00\",\"breadcrumb\":{\"@id\":\"https:\/\/pacteceramic.es\/el-consorcio-y-el-ayuntamiento-de-burriana-impulsan-el-emprendimiento-y-la-formacion-en-la-localidad-con-atencion-a-41-emprendedores-y-18-empresas\/#breadcrumb\"},\"inLanguage\":\"es\",\"potentialAction\":[{\"@type\":\"ReadAction\",\"target\":[\"https:\/\/pacteceramic.es\/el-consorcio-y-el-ayuntamiento-de-burriana-impulsan-el-emprendimiento-y-la-formacion-en-la-localidad-con-atencion-a-41-emprendedores-y-18-empresas\/\"]}]},{\"@type\":\"ImageObject\",\"inLanguage\":\"es\",\"@id\":\"https:\/\/pacteceramic.es\/el-consorcio-y-el-ayuntamiento-de-burriana-impulsan-el-emprendimiento-y-la-formacion-en-la-localidad-con-atencion-a-41-emprendedores-y-18-empresas\/#primaryimage\",\"url\":\"https:\/\/pacteceramic.es\/wp-content\/uploads\/2024\/12\/20241210_090818-scaled.jpg\",\"contentUrl\":\"https:\/\/pacteceramic.es\/wp-content\/uploads\/2024\/12\/20241210_090818-scaled.jpg\",\"width\":1920,\"height\":2560,\"caption\":\"Orientacion laboral a los talleres de empleo de Burriana 2024\"},{\"@type\":\"BreadcrumbList\",\"@id\":\"https:\/\/pacteceramic.es\/el-consorcio-y-el-ayuntamiento-de-burriana-impulsan-el-emprendimiento-y-la-formacion-en-la-localidad-con-atencion-a-41-emprendedores-y-18-empresas\/#breadcrumb\",\"itemListElement\":[{\"@type\":\"ListItem\",\"position\":1,\"name\":\"Portada\",\"item\":\"https:\/\/pacteceramic.es\/\"},{\"@type\":\"ListItem\",\"position\":2,\"name\":\"El Consorcio y el Ayuntamiento de Burriana impulsan el emprendimiento y la formaci\u00f3n en la localidad con atenci\u00f3n a 41 emprendedores y 18 empresas\"}]},{\"@type\":\"WebSite\",\"@id\":\"https:\/\/pacteceramic.es\/es_es\/#website\",\"url\":\"https:\/\/pacteceramic.es\/es_es\/\",\"name\":\"Pacte Cer\u00e0mic\",\"description\":\"Pacte Cer\u00e0mic\",\"publisher\":{\"@id\":\"https:\/\/pacteceramic.es\/es_es\/#organization\"},\"potentialAction\":[{\"@type\":\"SearchAction\",\"target\":{\"@type\":\"EntryPoint\",\"urlTemplate\":\"https:\/\/pacteceramic.es\/es_es\/?s={search_term_string}\"},\"query-input\":\"required name=search_term_string\"}],\"inLanguage\":\"es\"},{\"@type\":\"Organization\",\"@id\":\"https:\/\/pacteceramic.es\/es_es\/#organization\",\"name\":\"Pacte Cer\u00e0mic\",\"url\":\"https:\/\/pacteceramic.es\/es_es\/\",\"logo\":{\"@type\":\"ImageObject\",\"inLanguage\":\"es\",\"@id\":\"https:\/\/pacteceramic.es\/es_es\/#\/schema\/logo\/image\/\",\"url\":\"https:\/\/pacteceramic.es\/wp-content\/uploads\/2023\/05\/menulogo.png\",\"contentUrl\":\"https:\/\/pacteceramic.es\/wp-content\/uploads\/2023\/05\/menulogo.png\",\"width\":249,\"height\":80,\"caption\":\"Pacte Cer\u00e0mic\"},\"image\":{\"@id\":\"https:\/\/pacteceramic.es\/es_es\/#\/schema\/logo\/image\/\"},\"sameAs\":[\"https:\/\/www.facebook.com\/pacteceramic\/\",\"https:\/\/x.com\/pacteceramic\",\"https:\/\/www.instagram.com\/pacteceramic\/\",\"https:\/\/www.linkedin.com\/company\/pactemunicipisceramics\/\"]},{\"@type\":\"Person\",\"@id\":\"https:\/\/pacteceramic.es\/es_es\/#\/schema\/person\/d8757e82992b54387f1f96b63e3434af\",\"name\":\"Pacteceramic\",\"image\":{\"@type\":\"ImageObject\",\"inLanguage\":\"es\",\"@id\":\"https:\/\/pacteceramic.es\/es_es\/#\/schema\/person\/image\/\",\"url\":\"https:\/\/secure.gravatar.com\/avatar\/add03c3ae52e6d8ee8c27f9a7cdeaf18899ffc6cc348538526bfcb9ba78343ff?s=96&d=mm&r=g\",\"contentUrl\":\"https:\/\/secure.gravatar.com\/avatar\/add03c3ae52e6d8ee8c27f9a7cdeaf18899ffc6cc348538526bfcb9ba78343ff?s=96&d=mm&r=g\",\"caption\":\"Pacteceramic\"},\"sameAs\":[\"http:\/\/pacteceramic.es\"],\"url\":\"https:\/\/pacteceramic.es\/es_es\/author\/pacteceramic\/\"}]}<\/script>\n<!-- \/ Yoast SEO plugin. -->","yoast_head_json":{"title":"El Consorcio y el Ayuntamiento de Burriana impulsan el emprendimiento y la formaci\u00f3n en la localidad con atenci\u00f3n a 41 emprendedores y 18 empresas - Pacte Cer\u00e0mic","robots":{"index":"index","follow":"follow","max-snippet":"max-snippet:-1","max-image-preview":"max-image-preview:large","max-video-preview":"max-video-preview:-1"},"canonical":"https:\/\/pacteceramic.es\/es_es\/el-consorcio-y-el-ayuntamiento-de-burriana-impulsan-el-emprendimiento-y-la-formacion-en-la-localidad-con-atencion-a-41-emprendedores-y-18-empresas\/","og_locale":"es_ES","og_type":"article","og_title":"El Consorcio y el Ayuntamiento de Burriana impulsan el emprendimiento y la formaci\u00f3n en la localidad con atenci\u00f3n a 41 emprendedores y 18 empresas - Pacte Cer\u00e0mic","og_description":"De estas personas atendidas, 7 formalizar\u00f3n su alta como aut\u00f3nomo y de las firmas se ayud\u00f3 a 10 a conseguir ayudas que sumaron 36.500 euros en total El Consorcio del Pacto Territorial por el Empleo de los Municipios Cer\u00e1micos y su \u00e1rea de influencia de la provincia de Castell\u00f3n, en colaboraci\u00f3n con el Ayuntamiento de &hellip; Continue reading \"El Consorcio y el Ayuntamiento de Burriana impulsan el emprendimiento y la formaci\u00f3n en la localidad con atenci\u00f3n a 41 emprendedores y 18 empresas\"","og_url":"https:\/\/pacteceramic.es\/es_es\/el-consorcio-y-el-ayuntamiento-de-burriana-impulsan-el-emprendimiento-y-la-formacion-en-la-localidad-con-atencion-a-41-emprendedores-y-18-empresas\/","og_site_name":"Pacte Cer\u00e0mic","article_publisher":"https:\/\/www.facebook.com\/pacteceramic\/","article_published_time":"2024-12-27T12:51:44+00:00","og_image":[{"width":1920,"height":2560,"url":"https:\/\/pacteceramic.es\/wp-content\/uploads\/2024\/12\/20241210_090818-scaled.jpg","type":"image\/jpeg"}],"author":"Pacteceramic","twitter_card":"summary_large_image","twitter_creator":"@pacteceramic","twitter_site":"@pacteceramic","twitter_misc":{"Escrito por":"Pacteceramic","Tiempo de lectura":"3 minutos"},"schema":{"@context":"https:\/\/schema.org","@graph":[{"@type":"Article","@id":"https:\/\/pacteceramic.es\/el-consorcio-y-el-ayuntamiento-de-burriana-impulsan-el-emprendimiento-y-la-formacion-en-la-localidad-con-atencion-a-41-emprendedores-y-18-empresas\/#article","isPartOf":{"@id":"https:\/\/pacteceramic.es\/el-consorcio-y-el-ayuntamiento-de-burriana-impulsan-el-emprendimiento-y-la-formacion-en-la-localidad-con-atencion-a-41-emprendedores-y-18-empresas\/"},"author":{"name":"Pacteceramic","@id":"https:\/\/pacteceramic.es\/es_es\/#\/schema\/person\/d8757e82992b54387f1f96b63e3434af"},"headline":"El Consorcio y el Ayuntamiento de Burriana impulsan el emprendimiento y la formaci\u00f3n en la localidad con atenci\u00f3n a 41 emprendedores y 18 empresas","datePublished":"2024-12-27T12:51:44+00:00","dateModified":"2024-12-27T12:51:44+00:00","mainEntityOfPage":{"@id":"https:\/\/pacteceramic.es\/el-consorcio-y-el-ayuntamiento-de-burriana-impulsan-el-emprendimiento-y-la-formacion-en-la-localidad-con-atencion-a-41-emprendedores-y-18-empresas\/"},"wordCount":478,"commentCount":0,"publisher":{"@id":"https:\/\/pacteceramic.es\/es_es\/#organization"},"image":{"@id":"https:\/\/pacteceramic.es\/el-consorcio-y-el-ayuntamiento-de-burriana-impulsan-el-emprendimiento-y-la-formacion-en-la-localidad-con-atencion-a-41-emprendedores-y-18-empresas\/#primaryimage"},"thumbnailUrl":"https:\/\/pacteceramic.es\/wp-content\/uploads\/2024\/12\/20241210_090818-scaled.jpg","articleSection":["Noticias"],"inLanguage":"es","potentialAction":[{"@type":"CommentAction","name":"Comment","target":["https:\/\/pacteceramic.es\/el-consorcio-y-el-ayuntamiento-de-burriana-impulsan-el-emprendimiento-y-la-formacion-en-la-localidad-con-atencion-a-41-emprendedores-y-18-empresas\/#respond"]}]},{"@type":"WebPage","@id":"https:\/\/pacteceramic.es\/el-consorcio-y-el-ayuntamiento-de-burriana-impulsan-el-emprendimiento-y-la-formacion-en-la-localidad-con-atencion-a-41-emprendedores-y-18-empresas\/","url":"https:\/\/pacteceramic.es\/el-consorcio-y-el-ayuntamiento-de-burriana-impulsan-el-emprendimiento-y-la-formacion-en-la-localidad-con-atencion-a-41-emprendedores-y-18-empresas\/","name":"El Consorcio y el Ayuntamiento de Burriana impulsan el emprendimiento y la formaci\u00f3n en la localidad con atenci\u00f3n a 41 emprendedores y 18 empresas - Pacte Cer\u00e0mic","isPartOf":{"@id":"https:\/\/pacteceramic.es\/es_es\/#website"},"primaryImageOfPage":{"@id":"https:\/\/pacteceramic.es\/el-consorcio-y-el-ayuntamiento-de-burriana-impulsan-el-emprendimiento-y-la-formacion-en-la-localidad-con-atencion-a-41-emprendedores-y-18-empresas\/#primaryimage"},"image":{"@id":"https:\/\/pacteceramic.es\/el-consorcio-y-el-ayuntamiento-de-burriana-impulsan-el-emprendimiento-y-la-formacion-en-la-localidad-con-atencion-a-41-emprendedores-y-18-empresas\/#primaryimage"},"thumbnailUrl":"https:\/\/pacteceramic.es\/wp-content\/uploads\/2024\/12\/20241210_090818-scaled.jpg","datePublished":"2024-12-27T12:51:44+00:00","dateModified":"2024-12-27T12:51:44+00:00","breadcrumb":{"@id":"https:\/\/pacteceramic.es\/el-consorcio-y-el-ayuntamiento-de-burriana-impulsan-el-emprendimiento-y-la-formacion-en-la-localidad-con-atencion-a-41-emprendedores-y-18-empresas\/#breadcrumb"},"inLanguage":"es","potentialAction":[{"@type":"ReadAction","target":["https:\/\/pacteceramic.es\/el-consorcio-y-el-ayuntamiento-de-burriana-impulsan-el-emprendimiento-y-la-formacion-en-la-localidad-con-atencion-a-41-emprendedores-y-18-empresas\/"]}]},{"@type":"ImageObject","inLanguage":"es","@id":"https:\/\/pacteceramic.es\/el-consorcio-y-el-ayuntamiento-de-burriana-impulsan-el-emprendimiento-y-la-formacion-en-la-localidad-con-atencion-a-41-emprendedores-y-18-empresas\/#primaryimage","url":"https:\/\/pacteceramic.es\/wp-content\/uploads\/2024\/12\/20241210_090818-scaled.jpg","contentUrl":"https:\/\/pacteceramic.es\/wp-content\/uploads\/2024\/12\/20241210_090818-scaled.jpg","width":1920,"height":2560,"caption":"Orientacion laboral a los talleres de empleo de Burriana 2024"},{"@type":"BreadcrumbList","@id":"https:\/\/pacteceramic.es\/el-consorcio-y-el-ayuntamiento-de-burriana-impulsan-el-emprendimiento-y-la-formacion-en-la-localidad-con-atencion-a-41-emprendedores-y-18-empresas\/#breadcrumb","itemListElement":[{"@type":"ListItem","position":1,"name":"Portada","item":"https:\/\/pacteceramic.es\/"},{"@type":"ListItem","position":2,"name":"El Consorcio y el Ayuntamiento de Burriana impulsan el emprendimiento y la formaci\u00f3n en la localidad con atenci\u00f3n a 41 emprendedores y 18 empresas"}]},{"@type":"WebSite","@id":"https:\/\/pacteceramic.es\/es_es\/#website","url":"https:\/\/pacteceramic.es\/es_es\/","name":"Pacte Cer\u00e0mic","description":"Pacte Cer\u00e0mic","publisher":{"@id":"https:\/\/pacteceramic.es\/es_es\/#organization"},"potentialAction":[{"@type":"SearchAction","target":{"@type":"EntryPoint","urlTemplate":"https:\/\/pacteceramic.es\/es_es\/?s={search_term_string}"},"query-input":"required name=search_term_string"}],"inLanguage":"es"},{"@type":"Organization","@id":"https:\/\/pacteceramic.es\/es_es\/#organization","name":"Pacte Cer\u00e0mic","url":"https:\/\/pacteceramic.es\/es_es\/","logo":{"@type":"ImageObject","inLanguage":"es","@id":"https:\/\/pacteceramic.es\/es_es\/#\/schema\/logo\/image\/","url":"https:\/\/pacteceramic.es\/wp-content\/uploads\/2023\/05\/menulogo.png","contentUrl":"https:\/\/pacteceramic.es\/wp-content\/uploads\/2023\/05\/menulogo.png","width":249,"height":80,"caption":"Pacte Cer\u00e0mic"},"image":{"@id":"https:\/\/pacteceramic.es\/es_es\/#\/schema\/logo\/image\/"},"sameAs":["https:\/\/www.facebook.com\/pacteceramic\/","https:\/\/x.com\/pacteceramic","https:\/\/www.instagram.com\/pacteceramic\/","https:\/\/www.linkedin.com\/company\/pactemunicipisceramics\/"]},{"@type":"Person","@id":"https:\/\/pacteceramic.es\/es_es\/#\/schema\/person\/d8757e82992b54387f1f96b63e3434af","name":"Pacteceramic","image":{"@type":"ImageObject","inLanguage":"es","@id":"https:\/\/pacteceramic.es\/es_es\/#\/schema\/person\/image\/","url":"https:\/\/secure.gravatar.com\/avatar\/add03c3ae52e6d8ee8c27f9a7cdeaf18899ffc6cc348538526bfcb9ba78343ff?s=96&d=mm&r=g","contentUrl":"https:\/\/secure.gravatar.com\/avatar\/add03c3ae52e6d8ee8c27f9a7cdeaf18899ffc6cc348538526bfcb9ba78343ff?s=96&d=mm&r=g","caption":"Pacteceramic"},"sameAs":["http:\/\/pacteceramic.es"],"url":"https:\/\/pacteceramic.es\/es_es\/author\/pacteceramic\/"}]}},"_links":{"self":[{"href":"https:\/\/pacteceramic.es\/es_es\/wp-json\/wp\/v2\/posts\/12276","targetHints":{"allow":["GET"]}}],"collection":[{"href":"https:\/\/pacteceramic.es\/es_es\/wp-json\/wp\/v2\/posts"}],"about":[{"href":"https:\/\/pacteceramic.es\/es_es\/wp-json\/wp\/v2\/types\/post"}],"author":[{"embeddable":true,"href":"https:\/\/pacteceramic.es\/es_es\/wp-json\/wp\/v2\/users\/1"}],"replies":[{"embeddable":true,"href":"https:\/\/pacteceramic.es\/es_es\/wp-json\/wp\/v2\/comments?post=12276"}],"version-history":[{"count":1,"href":"https:\/\/pacteceramic.es\/es_es\/wp-json\/wp\/v2\/posts\/12276\/revisions"}],"predecessor-version":[{"id":12278,"href":"https:\/\/pacteceramic.es\/es_es\/wp-json\/wp\/v2\/posts\/12276\/revisions\/12278"}],"wp:featuredmedia":[{"embeddable":true,"href":"https:\/\/pacteceramic.es\/es_es\/wp-json\/wp\/v2\/media\/12277"}],"wp:attachment":[{"href":"https:\/\/pacteceramic.es\/es_es\/wp-json\/wp\/v2\/media?parent=12276"}],"wp:term":[{"taxonomy":"category","embeddable":true,"href":"https:\/\/pacteceramic.es\/es_es\/wp-json\/wp\/v2\/categories?post=12276"},{"taxonomy":"post_tag","embeddable":true,"href":"https:\/\/pacteceramic.es\/es_es\/wp-json\/wp\/v2\/tags?post=12276"}],"curies":[{"name":"wp","href":"https:\/\/api.w.org\/{rel}","templated":true}]}}