{"id":12127,"date":"2024-04-18T07:17:28","date_gmt":"2024-04-18T07:17:28","guid":{"rendered":"https:\/\/pacteceramic.es\/?p=12127"},"modified":"2024-04-18T07:17:28","modified_gmt":"2024-04-18T07:17:28","slug":"el-curs-de-poda-darbres-citrics-organitzat-per-lajuntament-de-borriana-i-el-pacte-ceramic-triplica-la-previsio-dinscripcions-i-comptara-amb-una-tercera-edicio-per-a-atendre-totes-les-peticions","status":"publish","type":"post","link":"https:\/\/pacteceramic.es\/es_es\/el-curs-de-poda-darbres-citrics-organitzat-per-lajuntament-de-borriana-i-el-pacte-ceramic-triplica-la-previsio-dinscripcions-i-comptara-amb-una-tercera-edicio-per-a-atendre-totes-les-peticions\/","title":{"rendered":"El curs de poda d&#8217;arbres c\u00edtrics organitzat per l&#8217;Ajuntament de Borriana i el Pacte Cer\u00e0mic triplica la previsi\u00f3 d&#8217;inscripcions i comptar\u00e0 amb una tercera edici\u00f3 per a atendre totes les peticions"},"content":{"rendered":"<p><!--more--><\/p>\n<p>18.04.24<\/p>\n<p>L&#8217;Ajuntament de Borriana, el Pacte Cer\u00e0mic, la Cooperativa de Sant Josep de Borriana i l&#8217;Estaci\u00f3 Experimental Agr\u00e0ria celebren l&#8217;excel\u00b7lent acolliment que ha tingut el curs de poda de c\u00edtrics que han organitzat de manera conjunta i que s&#8217;ha iniciat este dimarts a Borriana. La formaci\u00f3 gratu\u00efta tindr\u00e0 una duraci\u00f3 de nou hores i abordar\u00e0 la poda d&#8217;arbres c\u00edtrics des de la perspectiva pr\u00e0ctica i te\u00f2rica.<\/p>\n<p>Amb l&#8217;objectiu d&#8217;augmentar la professionalitzaci\u00f3 del sector agr\u00edcola, formar en una de la de les plantacions m\u00e9s esteses en el territori i incrementar l&#8217;ocupabilitat de la poblaci\u00f3, les quatre entitats han treballat de manera col\u00b7laborativa en el disseny d&#8217;este curs de poda de c\u00edtrics que ha aconseguit una inscripci\u00f3 de m\u00e9s de 50 persones. Donat l&#8217;elevat nombre d&#8217;alumnes\/as inscrits, es realitzaran tres edicions del curs de poda que tindran lloc en les instal\u00b7lacions de la cooperativa de Sant Josep de Borriana (avinguda Llombai, s\/n), de 16.00 a 19.00 hores.<\/p>\n<p>La primera edici\u00f3 del curs de poda d&#8217;arbres c\u00edtrics ha arrancat este dimarts i ha comptat amb la pres\u00e8ncia de l&#8217;alcalde de Borriana, Jorge Monferrer *Daud\u00ed, i la regidora de Pol\u00edtiques Actives d&#8217;Ocupaci\u00f3, *Suni Fandos, els qui han volgut con\u00e9ixer de primera m\u00e0 el curs.<\/p>\n<p>Este curs intensiu comptar\u00e0 en la seua programaci\u00f3 amb contingut vinculat de manera te\u00f2rica i pr\u00e0ctica a la poda de formaci\u00f3 i producci\u00f3 dels arbres c\u00edtrics.<\/p>\n","protected":false},"excerpt":{"rendered":"","protected":false},"author":1,"featured_media":12125,"comment_status":"open","ping_status":"open","sticky":false,"template":"","format":"standard","meta":{"iawp_total_views":7,"footnotes":""},"categories":[26],"tags":[158,101,62,159,86,52,111,23,156],"class_list":["post-12127","post","type-post","status-publish","format-standard","has-post-thumbnail","hentry","category-noticiesca","tag-agricultura","tag-borriana","tag-burriana","tag-citrics","tag-curs","tag-formacio","tag-gratis","tag-pacte-ceramic","tag-poda"],"yoast_head":"<!-- This site is optimized with the Yoast SEO plugin v23.1 - https:\/\/yoast.com\/wordpress\/plugins\/seo\/ -->\n<title>El curs de poda d&#039;arbres c\u00edtrics organitzat per l&#039;Ajuntament de Borriana i el Pacte Cer\u00e0mic triplica la previsi\u00f3 d&#039;inscripcions i comptar\u00e0 amb una tercera edici\u00f3 per a atendre totes les peticions - Pacte Cer\u00e0mic<\/title>\n<meta name=\"robots\" content=\"index, follow, max-snippet:-1, max-image-preview:large, max-video-preview:-1\" \/>\n<link rel=\"canonical\" href=\"https:\/\/pacteceramic.es\/es_es\/el-curs-de-poda-darbres-citrics-organitzat-per-lajuntament-de-borriana-i-el-pacte-ceramic-triplica-la-previsio-dinscripcions-i-comptara-amb-una-tercera-edicio-per-a-atendre-totes-les-peticions\/\" \/>\n<meta property=\"og:locale\" content=\"es_ES\" \/>\n<meta property=\"og:type\" content=\"article\" \/>\n<meta property=\"og:title\" content=\"El curs de poda d&#039;arbres c\u00edtrics organitzat per l&#039;Ajuntament de Borriana i el Pacte Cer\u00e0mic triplica la previsi\u00f3 d&#039;inscripcions i comptar\u00e0 amb una tercera edici\u00f3 per a atendre totes les peticions - Pacte Cer\u00e0mic\" \/>\n<meta property=\"og:url\" content=\"https:\/\/pacteceramic.es\/es_es\/el-curs-de-poda-darbres-citrics-organitzat-per-lajuntament-de-borriana-i-el-pacte-ceramic-triplica-la-previsio-dinscripcions-i-comptara-amb-una-tercera-edicio-per-a-atendre-totes-les-peticions\/\" \/>\n<meta property=\"og:site_name\" content=\"Pacte Cer\u00e0mic\" \/>\n<meta property=\"article:publisher\" content=\"https:\/\/www.facebook.com\/pacteceramic\/\" \/>\n<meta property=\"article:published_time\" content=\"2024-04-18T07:17:28+00:00\" \/>\n<meta property=\"og:image\" content=\"https:\/\/pacteceramic.es\/wp-content\/uploads\/2024\/04\/NP-18.04.24.jpg\" \/>\n\t<meta property=\"og:image:width\" content=\"1080\" \/>\n\t<meta property=\"og:image:height\" content=\"720\" \/>\n\t<meta property=\"og:image:type\" content=\"image\/jpeg\" \/>\n<meta name=\"author\" content=\"Pacteceramic\" \/>\n<meta name=\"twitter:card\" content=\"summary_large_image\" \/>\n<meta name=\"twitter:creator\" content=\"@pacteceramic\" \/>\n<meta name=\"twitter:site\" content=\"@pacteceramic\" \/>\n<meta name=\"twitter:label1\" content=\"Escrito por\" \/>\n\t<meta name=\"twitter:data1\" content=\"Pacteceramic\" \/>\n\t<meta name=\"twitter:label2\" content=\"Tiempo de lectura\" \/>\n\t<meta name=\"twitter:data2\" content=\"2 minutos\" \/>\n<script type=\"application\/ld+json\" class=\"yoast-schema-graph\">{\"@context\":\"https:\/\/schema.org\",\"@graph\":[{\"@type\":\"Article\",\"@id\":\"https:\/\/pacteceramic.es\/el-curs-de-poda-darbres-citrics-organitzat-per-lajuntament-de-borriana-i-el-pacte-ceramic-triplica-la-previsio-dinscripcions-i-comptara-amb-una-tercera-edicio-per-a-atendre-totes-les-peticions\/#article\",\"isPartOf\":{\"@id\":\"https:\/\/pacteceramic.es\/el-curs-de-poda-darbres-citrics-organitzat-per-lajuntament-de-borriana-i-el-pacte-ceramic-triplica-la-previsio-dinscripcions-i-comptara-amb-una-tercera-edicio-per-a-atendre-totes-les-peticions\/\"},\"author\":{\"name\":\"Pacteceramic\",\"@id\":\"https:\/\/pacteceramic.es\/es_es\/#\/schema\/person\/d8757e82992b54387f1f96b63e3434af\"},\"headline\":\"El curs de poda d&#8217;arbres c\u00edtrics organitzat per l&#8217;Ajuntament de Borriana i el Pacte Cer\u00e0mic triplica la previsi\u00f3 d&#8217;inscripcions i comptar\u00e0 amb una tercera edici\u00f3 per a atendre totes les peticions\",\"datePublished\":\"2024-04-18T07:17:28+00:00\",\"dateModified\":\"2024-04-18T07:17:28+00:00\",\"mainEntityOfPage\":{\"@id\":\"https:\/\/pacteceramic.es\/el-curs-de-poda-darbres-citrics-organitzat-per-lajuntament-de-borriana-i-el-pacte-ceramic-triplica-la-previsio-dinscripcions-i-comptara-amb-una-tercera-edicio-per-a-atendre-totes-les-peticions\/\"},\"wordCount\":295,\"commentCount\":0,\"publisher\":{\"@id\":\"https:\/\/pacteceramic.es\/es_es\/#organization\"},\"image\":{\"@id\":\"https:\/\/pacteceramic.es\/el-curs-de-poda-darbres-citrics-organitzat-per-lajuntament-de-borriana-i-el-pacte-ceramic-triplica-la-previsio-dinscripcions-i-comptara-amb-una-tercera-edicio-per-a-atendre-totes-les-peticions\/#primaryimage\"},\"thumbnailUrl\":\"https:\/\/pacteceramic.es\/wp-content\/uploads\/2024\/04\/NP-18.04.24.jpg\",\"keywords\":[\"agricultura\",\"borriana\",\"burriana\",\"c\u00edtrics\",\"curs\",\"formaci\u00f3\",\"gratis\",\"PACTE CERAMIC\",\"poda\"],\"articleSection\":[\"Noticies@ca\"],\"inLanguage\":\"es\",\"potentialAction\":[{\"@type\":\"CommentAction\",\"name\":\"Comment\",\"target\":[\"https:\/\/pacteceramic.es\/el-curs-de-poda-darbres-citrics-organitzat-per-lajuntament-de-borriana-i-el-pacte-ceramic-triplica-la-previsio-dinscripcions-i-comptara-amb-una-tercera-edicio-per-a-atendre-totes-les-peticions\/#respond\"]}]},{\"@type\":\"WebPage\",\"@id\":\"https:\/\/pacteceramic.es\/el-curs-de-poda-darbres-citrics-organitzat-per-lajuntament-de-borriana-i-el-pacte-ceramic-triplica-la-previsio-dinscripcions-i-comptara-amb-una-tercera-edicio-per-a-atendre-totes-les-peticions\/\",\"url\":\"https:\/\/pacteceramic.es\/el-curs-de-poda-darbres-citrics-organitzat-per-lajuntament-de-borriana-i-el-pacte-ceramic-triplica-la-previsio-dinscripcions-i-comptara-amb-una-tercera-edicio-per-a-atendre-totes-les-peticions\/\",\"name\":\"El curs de poda d'arbres c\u00edtrics organitzat per l'Ajuntament de Borriana i el Pacte Cer\u00e0mic triplica la previsi\u00f3 d'inscripcions i comptar\u00e0 amb una tercera edici\u00f3 per a atendre totes les peticions - Pacte Cer\u00e0mic\",\"isPartOf\":{\"@id\":\"https:\/\/pacteceramic.es\/es_es\/#website\"},\"primaryImageOfPage\":{\"@id\":\"https:\/\/pacteceramic.es\/el-curs-de-poda-darbres-citrics-organitzat-per-lajuntament-de-borriana-i-el-pacte-ceramic-triplica-la-previsio-dinscripcions-i-comptara-amb-una-tercera-edicio-per-a-atendre-totes-les-peticions\/#primaryimage\"},\"image\":{\"@id\":\"https:\/\/pacteceramic.es\/el-curs-de-poda-darbres-citrics-organitzat-per-lajuntament-de-borriana-i-el-pacte-ceramic-triplica-la-previsio-dinscripcions-i-comptara-amb-una-tercera-edicio-per-a-atendre-totes-les-peticions\/#primaryimage\"},\"thumbnailUrl\":\"https:\/\/pacteceramic.es\/wp-content\/uploads\/2024\/04\/NP-18.04.24.jpg\",\"datePublished\":\"2024-04-18T07:17:28+00:00\",\"dateModified\":\"2024-04-18T07:17:28+00:00\",\"breadcrumb\":{\"@id\":\"https:\/\/pacteceramic.es\/el-curs-de-poda-darbres-citrics-organitzat-per-lajuntament-de-borriana-i-el-pacte-ceramic-triplica-la-previsio-dinscripcions-i-comptara-amb-una-tercera-edicio-per-a-atendre-totes-les-peticions\/#breadcrumb\"},\"inLanguage\":\"es\",\"potentialAction\":[{\"@type\":\"ReadAction\",\"target\":[\"https:\/\/pacteceramic.es\/el-curs-de-poda-darbres-citrics-organitzat-per-lajuntament-de-borriana-i-el-pacte-ceramic-triplica-la-previsio-dinscripcions-i-comptara-amb-una-tercera-edicio-per-a-atendre-totes-les-peticions\/\"]}]},{\"@type\":\"ImageObject\",\"inLanguage\":\"es\",\"@id\":\"https:\/\/pacteceramic.es\/el-curs-de-poda-darbres-citrics-organitzat-per-lajuntament-de-borriana-i-el-pacte-ceramic-triplica-la-previsio-dinscripcions-i-comptara-amb-una-tercera-edicio-per-a-atendre-totes-les-peticions\/#primaryimage\",\"url\":\"https:\/\/pacteceramic.es\/wp-content\/uploads\/2024\/04\/NP-18.04.24.jpg\",\"contentUrl\":\"https:\/\/pacteceramic.es\/wp-content\/uploads\/2024\/04\/NP-18.04.24.jpg\",\"width\":1080,\"height\":720},{\"@type\":\"BreadcrumbList\",\"@id\":\"https:\/\/pacteceramic.es\/el-curs-de-poda-darbres-citrics-organitzat-per-lajuntament-de-borriana-i-el-pacte-ceramic-triplica-la-previsio-dinscripcions-i-comptara-amb-una-tercera-edicio-per-a-atendre-totes-les-peticions\/#breadcrumb\",\"itemListElement\":[{\"@type\":\"ListItem\",\"position\":1,\"name\":\"Portada\",\"item\":\"https:\/\/pacteceramic.es\/\"},{\"@type\":\"ListItem\",\"position\":2,\"name\":\"El curs de poda d&#8217;arbres c\u00edtrics organitzat per l&#8217;Ajuntament de Borriana i el Pacte Cer\u00e0mic triplica la previsi\u00f3 d&#8217;inscripcions i comptar\u00e0 amb una tercera edici\u00f3 per a atendre totes les peticions\"}]},{\"@type\":\"WebSite\",\"@id\":\"https:\/\/pacteceramic.es\/es_es\/#website\",\"url\":\"https:\/\/pacteceramic.es\/es_es\/\",\"name\":\"Pacte Cer\u00e0mic\",\"description\":\"Pacte Cer\u00e0mic\",\"publisher\":{\"@id\":\"https:\/\/pacteceramic.es\/es_es\/#organization\"},\"potentialAction\":[{\"@type\":\"SearchAction\",\"target\":{\"@type\":\"EntryPoint\",\"urlTemplate\":\"https:\/\/pacteceramic.es\/es_es\/?s={search_term_string}\"},\"query-input\":\"required name=search_term_string\"}],\"inLanguage\":\"es\"},{\"@type\":\"Organization\",\"@id\":\"https:\/\/pacteceramic.es\/es_es\/#organization\",\"name\":\"Pacte Cer\u00e0mic\",\"url\":\"https:\/\/pacteceramic.es\/es_es\/\",\"logo\":{\"@type\":\"ImageObject\",\"inLanguage\":\"es\",\"@id\":\"https:\/\/pacteceramic.es\/es_es\/#\/schema\/logo\/image\/\",\"url\":\"https:\/\/pacteceramic.es\/wp-content\/uploads\/2023\/05\/menulogo.png\",\"contentUrl\":\"https:\/\/pacteceramic.es\/wp-content\/uploads\/2023\/05\/menulogo.png\",\"width\":249,\"height\":80,\"caption\":\"Pacte Cer\u00e0mic\"},\"image\":{\"@id\":\"https:\/\/pacteceramic.es\/es_es\/#\/schema\/logo\/image\/\"},\"sameAs\":[\"https:\/\/www.facebook.com\/pacteceramic\/\",\"https:\/\/x.com\/pacteceramic\",\"https:\/\/www.instagram.com\/pacteceramic\/\",\"https:\/\/www.linkedin.com\/company\/pactemunicipisceramics\/\"]},{\"@type\":\"Person\",\"@id\":\"https:\/\/pacteceramic.es\/es_es\/#\/schema\/person\/d8757e82992b54387f1f96b63e3434af\",\"name\":\"Pacteceramic\",\"image\":{\"@type\":\"ImageObject\",\"inLanguage\":\"es\",\"@id\":\"https:\/\/pacteceramic.es\/es_es\/#\/schema\/person\/image\/\",\"url\":\"https:\/\/secure.gravatar.com\/avatar\/add03c3ae52e6d8ee8c27f9a7cdeaf18899ffc6cc348538526bfcb9ba78343ff?s=96&d=mm&r=g\",\"contentUrl\":\"https:\/\/secure.gravatar.com\/avatar\/add03c3ae52e6d8ee8c27f9a7cdeaf18899ffc6cc348538526bfcb9ba78343ff?s=96&d=mm&r=g\",\"caption\":\"Pacteceramic\"},\"sameAs\":[\"http:\/\/pacteceramic.es\"],\"url\":\"https:\/\/pacteceramic.es\/es_es\/author\/pacteceramic\/\"}]}<\/script>\n<!-- \/ Yoast SEO plugin. -->","yoast_head_json":{"title":"El curs de poda d'arbres c\u00edtrics organitzat per l'Ajuntament de Borriana i el Pacte Cer\u00e0mic triplica la previsi\u00f3 d'inscripcions i comptar\u00e0 amb una tercera edici\u00f3 per a atendre totes les peticions - Pacte Cer\u00e0mic","robots":{"index":"index","follow":"follow","max-snippet":"max-snippet:-1","max-image-preview":"max-image-preview:large","max-video-preview":"max-video-preview:-1"},"canonical":"https:\/\/pacteceramic.es\/es_es\/el-curs-de-poda-darbres-citrics-organitzat-per-lajuntament-de-borriana-i-el-pacte-ceramic-triplica-la-previsio-dinscripcions-i-comptara-amb-una-tercera-edicio-per-a-atendre-totes-les-peticions\/","og_locale":"es_ES","og_type":"article","og_title":"El curs de poda d'arbres c\u00edtrics organitzat per l'Ajuntament de Borriana i el Pacte Cer\u00e0mic triplica la previsi\u00f3 d'inscripcions i comptar\u00e0 amb una tercera edici\u00f3 per a atendre totes les peticions - Pacte Cer\u00e0mic","og_url":"https:\/\/pacteceramic.es\/es_es\/el-curs-de-poda-darbres-citrics-organitzat-per-lajuntament-de-borriana-i-el-pacte-ceramic-triplica-la-previsio-dinscripcions-i-comptara-amb-una-tercera-edicio-per-a-atendre-totes-les-peticions\/","og_site_name":"Pacte Cer\u00e0mic","article_publisher":"https:\/\/www.facebook.com\/pacteceramic\/","article_published_time":"2024-04-18T07:17:28+00:00","og_image":[{"width":1080,"height":720,"url":"https:\/\/pacteceramic.es\/wp-content\/uploads\/2024\/04\/NP-18.04.24.jpg","type":"image\/jpeg"}],"author":"Pacteceramic","twitter_card":"summary_large_image","twitter_creator":"@pacteceramic","twitter_site":"@pacteceramic","twitter_misc":{"Escrito por":"Pacteceramic","Tiempo de lectura":"2 minutos"},"schema":{"@context":"https:\/\/schema.org","@graph":[{"@type":"Article","@id":"https:\/\/pacteceramic.es\/el-curs-de-poda-darbres-citrics-organitzat-per-lajuntament-de-borriana-i-el-pacte-ceramic-triplica-la-previsio-dinscripcions-i-comptara-amb-una-tercera-edicio-per-a-atendre-totes-les-peticions\/#article","isPartOf":{"@id":"https:\/\/pacteceramic.es\/el-curs-de-poda-darbres-citrics-organitzat-per-lajuntament-de-borriana-i-el-pacte-ceramic-triplica-la-previsio-dinscripcions-i-comptara-amb-una-tercera-edicio-per-a-atendre-totes-les-peticions\/"},"author":{"name":"Pacteceramic","@id":"https:\/\/pacteceramic.es\/es_es\/#\/schema\/person\/d8757e82992b54387f1f96b63e3434af"},"headline":"El curs de poda d&#8217;arbres c\u00edtrics organitzat per l&#8217;Ajuntament de Borriana i el Pacte Cer\u00e0mic triplica la previsi\u00f3 d&#8217;inscripcions i comptar\u00e0 amb una tercera edici\u00f3 per a atendre totes les peticions","datePublished":"2024-04-18T07:17:28+00:00","dateModified":"2024-04-18T07:17:28+00:00","mainEntityOfPage":{"@id":"https:\/\/pacteceramic.es\/el-curs-de-poda-darbres-citrics-organitzat-per-lajuntament-de-borriana-i-el-pacte-ceramic-triplica-la-previsio-dinscripcions-i-comptara-amb-una-tercera-edicio-per-a-atendre-totes-les-peticions\/"},"wordCount":295,"commentCount":0,"publisher":{"@id":"https:\/\/pacteceramic.es\/es_es\/#organization"},"image":{"@id":"https:\/\/pacteceramic.es\/el-curs-de-poda-darbres-citrics-organitzat-per-lajuntament-de-borriana-i-el-pacte-ceramic-triplica-la-previsio-dinscripcions-i-comptara-amb-una-tercera-edicio-per-a-atendre-totes-les-peticions\/#primaryimage"},"thumbnailUrl":"https:\/\/pacteceramic.es\/wp-content\/uploads\/2024\/04\/NP-18.04.24.jpg","keywords":["agricultura","borriana","burriana","c\u00edtrics","curs","formaci\u00f3","gratis","PACTE CERAMIC","poda"],"articleSection":["Noticies@ca"],"inLanguage":"es","potentialAction":[{"@type":"CommentAction","name":"Comment","target":["https:\/\/pacteceramic.es\/el-curs-de-poda-darbres-citrics-organitzat-per-lajuntament-de-borriana-i-el-pacte-ceramic-triplica-la-previsio-dinscripcions-i-comptara-amb-una-tercera-edicio-per-a-atendre-totes-les-peticions\/#respond"]}]},{"@type":"WebPage","@id":"https:\/\/pacteceramic.es\/el-curs-de-poda-darbres-citrics-organitzat-per-lajuntament-de-borriana-i-el-pacte-ceramic-triplica-la-previsio-dinscripcions-i-comptara-amb-una-tercera-edicio-per-a-atendre-totes-les-peticions\/","url":"https:\/\/pacteceramic.es\/el-curs-de-poda-darbres-citrics-organitzat-per-lajuntament-de-borriana-i-el-pacte-ceramic-triplica-la-previsio-dinscripcions-i-comptara-amb-una-tercera-edicio-per-a-atendre-totes-les-peticions\/","name":"El curs de poda d'arbres c\u00edtrics organitzat per l'Ajuntament de Borriana i el Pacte Cer\u00e0mic triplica la previsi\u00f3 d'inscripcions i comptar\u00e0 amb una tercera edici\u00f3 per a atendre totes les peticions - Pacte Cer\u00e0mic","isPartOf":{"@id":"https:\/\/pacteceramic.es\/es_es\/#website"},"primaryImageOfPage":{"@id":"https:\/\/pacteceramic.es\/el-curs-de-poda-darbres-citrics-organitzat-per-lajuntament-de-borriana-i-el-pacte-ceramic-triplica-la-previsio-dinscripcions-i-comptara-amb-una-tercera-edicio-per-a-atendre-totes-les-peticions\/#primaryimage"},"image":{"@id":"https:\/\/pacteceramic.es\/el-curs-de-poda-darbres-citrics-organitzat-per-lajuntament-de-borriana-i-el-pacte-ceramic-triplica-la-previsio-dinscripcions-i-comptara-amb-una-tercera-edicio-per-a-atendre-totes-les-peticions\/#primaryimage"},"thumbnailUrl":"https:\/\/pacteceramic.es\/wp-content\/uploads\/2024\/04\/NP-18.04.24.jpg","datePublished":"2024-04-18T07:17:28+00:00","dateModified":"2024-04-18T07:17:28+00:00","breadcrumb":{"@id":"https:\/\/pacteceramic.es\/el-curs-de-poda-darbres-citrics-organitzat-per-lajuntament-de-borriana-i-el-pacte-ceramic-triplica-la-previsio-dinscripcions-i-comptara-amb-una-tercera-edicio-per-a-atendre-totes-les-peticions\/#breadcrumb"},"inLanguage":"es","potentialAction":[{"@type":"ReadAction","target":["https:\/\/pacteceramic.es\/el-curs-de-poda-darbres-citrics-organitzat-per-lajuntament-de-borriana-i-el-pacte-ceramic-triplica-la-previsio-dinscripcions-i-comptara-amb-una-tercera-edicio-per-a-atendre-totes-les-peticions\/"]}]},{"@type":"ImageObject","inLanguage":"es","@id":"https:\/\/pacteceramic.es\/el-curs-de-poda-darbres-citrics-organitzat-per-lajuntament-de-borriana-i-el-pacte-ceramic-triplica-la-previsio-dinscripcions-i-comptara-amb-una-tercera-edicio-per-a-atendre-totes-les-peticions\/#primaryimage","url":"https:\/\/pacteceramic.es\/wp-content\/uploads\/2024\/04\/NP-18.04.24.jpg","contentUrl":"https:\/\/pacteceramic.es\/wp-content\/uploads\/2024\/04\/NP-18.04.24.jpg","width":1080,"height":720},{"@type":"BreadcrumbList","@id":"https:\/\/pacteceramic.es\/el-curs-de-poda-darbres-citrics-organitzat-per-lajuntament-de-borriana-i-el-pacte-ceramic-triplica-la-previsio-dinscripcions-i-comptara-amb-una-tercera-edicio-per-a-atendre-totes-les-peticions\/#breadcrumb","itemListElement":[{"@type":"ListItem","position":1,"name":"Portada","item":"https:\/\/pacteceramic.es\/"},{"@type":"ListItem","position":2,"name":"El curs de poda d&#8217;arbres c\u00edtrics organitzat per l&#8217;Ajuntament de Borriana i el Pacte Cer\u00e0mic triplica la previsi\u00f3 d&#8217;inscripcions i comptar\u00e0 amb una tercera edici\u00f3 per a atendre totes les peticions"}]},{"@type":"WebSite","@id":"https:\/\/pacteceramic.es\/es_es\/#website","url":"https:\/\/pacteceramic.es\/es_es\/","name":"Pacte Cer\u00e0mic","description":"Pacte Cer\u00e0mic","publisher":{"@id":"https:\/\/pacteceramic.es\/es_es\/#organization"},"potentialAction":[{"@type":"SearchAction","target":{"@type":"EntryPoint","urlTemplate":"https:\/\/pacteceramic.es\/es_es\/?s={search_term_string}"},"query-input":"required name=search_term_string"}],"inLanguage":"es"},{"@type":"Organization","@id":"https:\/\/pacteceramic.es\/es_es\/#organization","name":"Pacte Cer\u00e0mic","url":"https:\/\/pacteceramic.es\/es_es\/","logo":{"@type":"ImageObject","inLanguage":"es","@id":"https:\/\/pacteceramic.es\/es_es\/#\/schema\/logo\/image\/","url":"https:\/\/pacteceramic.es\/wp-content\/uploads\/2023\/05\/menulogo.png","contentUrl":"https:\/\/pacteceramic.es\/wp-content\/uploads\/2023\/05\/menulogo.png","width":249,"height":80,"caption":"Pacte Cer\u00e0mic"},"image":{"@id":"https:\/\/pacteceramic.es\/es_es\/#\/schema\/logo\/image\/"},"sameAs":["https:\/\/www.facebook.com\/pacteceramic\/","https:\/\/x.com\/pacteceramic","https:\/\/www.instagram.com\/pacteceramic\/","https:\/\/www.linkedin.com\/company\/pactemunicipisceramics\/"]},{"@type":"Person","@id":"https:\/\/pacteceramic.es\/es_es\/#\/schema\/person\/d8757e82992b54387f1f96b63e3434af","name":"Pacteceramic","image":{"@type":"ImageObject","inLanguage":"es","@id":"https:\/\/pacteceramic.es\/es_es\/#\/schema\/person\/image\/","url":"https:\/\/secure.gravatar.com\/avatar\/add03c3ae52e6d8ee8c27f9a7cdeaf18899ffc6cc348538526bfcb9ba78343ff?s=96&d=mm&r=g","contentUrl":"https:\/\/secure.gravatar.com\/avatar\/add03c3ae52e6d8ee8c27f9a7cdeaf18899ffc6cc348538526bfcb9ba78343ff?s=96&d=mm&r=g","caption":"Pacteceramic"},"sameAs":["http:\/\/pacteceramic.es"],"url":"https:\/\/pacteceramic.es\/es_es\/author\/pacteceramic\/"}]}},"_links":{"self":[{"href":"https:\/\/pacteceramic.es\/es_es\/wp-json\/wp\/v2\/posts\/12127","targetHints":{"allow":["GET"]}}],"collection":[{"href":"https:\/\/pacteceramic.es\/es_es\/wp-json\/wp\/v2\/posts"}],"about":[{"href":"https:\/\/pacteceramic.es\/es_es\/wp-json\/wp\/v2\/types\/post"}],"author":[{"embeddable":true,"href":"https:\/\/pacteceramic.es\/es_es\/wp-json\/wp\/v2\/users\/1"}],"replies":[{"embeddable":true,"href":"https:\/\/pacteceramic.es\/es_es\/wp-json\/wp\/v2\/comments?post=12127"}],"version-history":[{"count":1,"href":"https:\/\/pacteceramic.es\/es_es\/wp-json\/wp\/v2\/posts\/12127\/revisions"}],"predecessor-version":[{"id":12128,"href":"https:\/\/pacteceramic.es\/es_es\/wp-json\/wp\/v2\/posts\/12127\/revisions\/12128"}],"wp:featuredmedia":[{"embeddable":true,"href":"https:\/\/pacteceramic.es\/es_es\/wp-json\/wp\/v2\/media\/12125"}],"wp:attachment":[{"href":"https:\/\/pacteceramic.es\/es_es\/wp-json\/wp\/v2\/media?parent=12127"}],"wp:term":[{"taxonomy":"category","embeddable":true,"href":"https:\/\/pacteceramic.es\/es_es\/wp-json\/wp\/v2\/categories?post=12127"},{"taxonomy":"post_tag","embeddable":true,"href":"https:\/\/pacteceramic.es\/es_es\/wp-json\/wp\/v2\/tags?post=12127"}],"curies":[{"name":"wp","href":"https:\/\/api.w.org\/{rel}","templated":true}]}}