{"id":12124,"date":"2024-04-18T07:16:10","date_gmt":"2024-04-18T07:16:10","guid":{"rendered":"https:\/\/pacteceramic.es\/?p=12124"},"modified":"2024-04-18T07:16:25","modified_gmt":"2024-04-18T07:16:25","slug":"el-curso-de-poda-de-arboles-citricos-organizado-por-el-ayuntamiento-de-burriana-y-el-pacto-ceramico-triplica-la-prevision-de-inscripciones-y-contara-con-una-tercera-edicion-para-atender-todas-las-peti","status":"publish","type":"post","link":"https:\/\/pacteceramic.es\/es_es\/el-curso-de-poda-de-arboles-citricos-organizado-por-el-ayuntamiento-de-burriana-y-el-pacto-ceramico-triplica-la-prevision-de-inscripciones-y-contara-con-una-tercera-edicion-para-atender-todas-las-peti\/","title":{"rendered":"El curso de poda de \u00e1rboles c\u00edtricos organizado por el Ayuntamiento de Burriana y el Pacto Cer\u00e1mico triplica la previsi\u00f3n de inscripciones y contar\u00e1 con una tercera edici\u00f3n para atender todas las peticiones"},"content":{"rendered":"<p><!--more--><\/p>\n<p>18.04.24<\/p>\n<p>El Ayuntamiento de Burriana, el Pacto Cer\u00e1mico, la Cooperativa de Sant Josep de Borriana y la Estaci\u00f3n Experimental Agraria celebran la excelente acogida que ha tenido el curso de poda de c\u00edtricos que han organizado de manera conjunta y que se ha iniciado este martes en Burriana. La formaci\u00f3n gratuita tendr\u00e1 una duraci\u00f3n de nueve horas y abordar\u00e1 la poda de \u00e1rboles c\u00edtricos desde la perspectiva pr\u00e1ctica y te\u00f3rica.<\/p>\n<p>Con el objetivo de aumentar la profesionalizaci\u00f3n del sector agr\u00edcola, formar en una de la de las plantaciones m\u00e1s extendidas en el territorio e incrementar la empleabilidad de la poblaci\u00f3n, las cuatro entidades han trabajado de forma colaborativa en el dise\u00f1o de este curso de poda de c\u00edtricos que ha alcanzado una inscripci\u00f3n de m\u00e1s de 50 personas. Dado el elevado n\u00famero de alumnos\/as inscritos, se realizar\u00e1n tres ediciones del curso de poda que tendr\u00e1n lugar en las instalaciones de la cooperativa de Sant Josep de Burriana (avenida Llombai, s\/n), de 16:00 a 19:00 horas.<\/p>\n<p>La primera edici\u00f3n del curso de poda de \u00e1rboles c\u00edtricos ha arrancado este martes y ha contado con la presencia del alcalde de Burriana, Jorge Monferrer Daud\u00ed, y la concejala de Pol\u00edticas Activas de Empleo, Suni Fandos, quienes han querido conocer de primera mano el curso.<\/p>\n<p>Este curso intensivo contar\u00e1 en su programaci\u00f3n con contenido vinculado de manera te\u00f3rica y pr\u00e1ctica a la poda de formaci\u00f3n y producci\u00f3n de los \u00e1rboles c\u00edtricos.<\/p>\n","protected":false},"excerpt":{"rendered":"","protected":false},"author":1,"featured_media":12125,"comment_status":"open","ping_status":"open","sticky":false,"template":"","format":"standard","meta":{"iawp_total_views":10,"footnotes":""},"categories":[3],"tags":[158,62,157,110,50,111,37,156],"class_list":["post-12124","post","type-post","status-publish","format-standard","has-post-thumbnail","hentry","category-noticias","tag-agricultura","tag-burriana","tag-citricos","tag-curso","tag-formacion","tag-gratis","tag-pacto-ceramico","tag-poda"],"yoast_head":"<!-- This site is optimized with the Yoast SEO plugin v23.1 - https:\/\/yoast.com\/wordpress\/plugins\/seo\/ -->\n<title>El curso de poda de \u00e1rboles c\u00edtricos organizado por el Ayuntamiento de Burriana y el Pacto Cer\u00e1mico triplica la previsi\u00f3n de inscripciones y contar\u00e1 con una tercera edici\u00f3n para atender todas las peticiones - Pacte Cer\u00e0mic<\/title>\n<meta name=\"robots\" content=\"index, follow, max-snippet:-1, max-image-preview:large, max-video-preview:-1\" \/>\n<link rel=\"canonical\" href=\"https:\/\/pacteceramic.es\/es_es\/el-curso-de-poda-de-arboles-citricos-organizado-por-el-ayuntamiento-de-burriana-y-el-pacto-ceramico-triplica-la-prevision-de-inscripciones-y-contara-con-una-tercera-edicion-para-atender-todas-las-peti\/\" \/>\n<meta property=\"og:locale\" content=\"es_ES\" \/>\n<meta property=\"og:type\" content=\"article\" \/>\n<meta property=\"og:title\" content=\"El curso de poda de \u00e1rboles c\u00edtricos organizado por el Ayuntamiento de Burriana y el Pacto Cer\u00e1mico triplica la previsi\u00f3n de inscripciones y contar\u00e1 con una tercera edici\u00f3n para atender todas las peticiones - Pacte Cer\u00e0mic\" \/>\n<meta property=\"og:url\" content=\"https:\/\/pacteceramic.es\/es_es\/el-curso-de-poda-de-arboles-citricos-organizado-por-el-ayuntamiento-de-burriana-y-el-pacto-ceramico-triplica-la-prevision-de-inscripciones-y-contara-con-una-tercera-edicion-para-atender-todas-las-peti\/\" \/>\n<meta property=\"og:site_name\" content=\"Pacte Cer\u00e0mic\" \/>\n<meta property=\"article:publisher\" content=\"https:\/\/www.facebook.com\/pacteceramic\/\" \/>\n<meta property=\"article:published_time\" content=\"2024-04-18T07:16:10+00:00\" \/>\n<meta property=\"article:modified_time\" content=\"2024-04-18T07:16:25+00:00\" \/>\n<meta property=\"og:image\" content=\"https:\/\/pacteceramic.es\/wp-content\/uploads\/2024\/04\/NP-18.04.24.jpg\" \/>\n\t<meta property=\"og:image:width\" content=\"1080\" \/>\n\t<meta property=\"og:image:height\" content=\"720\" \/>\n\t<meta property=\"og:image:type\" content=\"image\/jpeg\" \/>\n<meta name=\"author\" content=\"Pacteceramic\" \/>\n<meta name=\"twitter:card\" content=\"summary_large_image\" \/>\n<meta name=\"twitter:creator\" content=\"@pacteceramic\" \/>\n<meta name=\"twitter:site\" content=\"@pacteceramic\" \/>\n<meta name=\"twitter:label1\" content=\"Escrito por\" \/>\n\t<meta name=\"twitter:data1\" content=\"Pacteceramic\" \/>\n\t<meta name=\"twitter:label2\" content=\"Tiempo de lectura\" \/>\n\t<meta name=\"twitter:data2\" content=\"2 minutos\" \/>\n<script type=\"application\/ld+json\" class=\"yoast-schema-graph\">{\"@context\":\"https:\/\/schema.org\",\"@graph\":[{\"@type\":\"Article\",\"@id\":\"https:\/\/pacteceramic.es\/el-curso-de-poda-de-arboles-citricos-organizado-por-el-ayuntamiento-de-burriana-y-el-pacto-ceramico-triplica-la-prevision-de-inscripciones-y-contara-con-una-tercera-edicion-para-atender-todas-las-peti\/#article\",\"isPartOf\":{\"@id\":\"https:\/\/pacteceramic.es\/el-curso-de-poda-de-arboles-citricos-organizado-por-el-ayuntamiento-de-burriana-y-el-pacto-ceramico-triplica-la-prevision-de-inscripciones-y-contara-con-una-tercera-edicion-para-atender-todas-las-peti\/\"},\"author\":{\"name\":\"Pacteceramic\",\"@id\":\"https:\/\/pacteceramic.es\/es_es\/#\/schema\/person\/d8757e82992b54387f1f96b63e3434af\"},\"headline\":\"El curso de poda de \u00e1rboles c\u00edtricos organizado por el Ayuntamiento de Burriana y el Pacto Cer\u00e1mico triplica la previsi\u00f3n de inscripciones y contar\u00e1 con una tercera edici\u00f3n para atender todas las peticiones\",\"datePublished\":\"2024-04-18T07:16:10+00:00\",\"dateModified\":\"2024-04-18T07:16:25+00:00\",\"mainEntityOfPage\":{\"@id\":\"https:\/\/pacteceramic.es\/el-curso-de-poda-de-arboles-citricos-organizado-por-el-ayuntamiento-de-burriana-y-el-pacto-ceramico-triplica-la-prevision-de-inscripciones-y-contara-con-una-tercera-edicion-para-atender-todas-las-peti\/\"},\"wordCount\":300,\"commentCount\":0,\"publisher\":{\"@id\":\"https:\/\/pacteceramic.es\/es_es\/#organization\"},\"image\":{\"@id\":\"https:\/\/pacteceramic.es\/el-curso-de-poda-de-arboles-citricos-organizado-por-el-ayuntamiento-de-burriana-y-el-pacto-ceramico-triplica-la-prevision-de-inscripciones-y-contara-con-una-tercera-edicion-para-atender-todas-las-peti\/#primaryimage\"},\"thumbnailUrl\":\"https:\/\/pacteceramic.es\/wp-content\/uploads\/2024\/04\/NP-18.04.24.jpg\",\"keywords\":[\"agricultura\",\"burriana\",\"c\u00edtricos\",\"curso\",\"formaci\u00f3n\",\"gratis\",\"pacto cer\u00e1mico\",\"poda\"],\"articleSection\":[\"Noticias\"],\"inLanguage\":\"es\",\"potentialAction\":[{\"@type\":\"CommentAction\",\"name\":\"Comment\",\"target\":[\"https:\/\/pacteceramic.es\/el-curso-de-poda-de-arboles-citricos-organizado-por-el-ayuntamiento-de-burriana-y-el-pacto-ceramico-triplica-la-prevision-de-inscripciones-y-contara-con-una-tercera-edicion-para-atender-todas-las-peti\/#respond\"]}]},{\"@type\":\"WebPage\",\"@id\":\"https:\/\/pacteceramic.es\/el-curso-de-poda-de-arboles-citricos-organizado-por-el-ayuntamiento-de-burriana-y-el-pacto-ceramico-triplica-la-prevision-de-inscripciones-y-contara-con-una-tercera-edicion-para-atender-todas-las-peti\/\",\"url\":\"https:\/\/pacteceramic.es\/el-curso-de-poda-de-arboles-citricos-organizado-por-el-ayuntamiento-de-burriana-y-el-pacto-ceramico-triplica-la-prevision-de-inscripciones-y-contara-con-una-tercera-edicion-para-atender-todas-las-peti\/\",\"name\":\"El curso de poda de \u00e1rboles c\u00edtricos organizado por el Ayuntamiento de Burriana y el Pacto Cer\u00e1mico triplica la previsi\u00f3n de inscripciones y contar\u00e1 con una tercera edici\u00f3n para atender todas las peticiones - Pacte Cer\u00e0mic\",\"isPartOf\":{\"@id\":\"https:\/\/pacteceramic.es\/es_es\/#website\"},\"primaryImageOfPage\":{\"@id\":\"https:\/\/pacteceramic.es\/el-curso-de-poda-de-arboles-citricos-organizado-por-el-ayuntamiento-de-burriana-y-el-pacto-ceramico-triplica-la-prevision-de-inscripciones-y-contara-con-una-tercera-edicion-para-atender-todas-las-peti\/#primaryimage\"},\"image\":{\"@id\":\"https:\/\/pacteceramic.es\/el-curso-de-poda-de-arboles-citricos-organizado-por-el-ayuntamiento-de-burriana-y-el-pacto-ceramico-triplica-la-prevision-de-inscripciones-y-contara-con-una-tercera-edicion-para-atender-todas-las-peti\/#primaryimage\"},\"thumbnailUrl\":\"https:\/\/pacteceramic.es\/wp-content\/uploads\/2024\/04\/NP-18.04.24.jpg\",\"datePublished\":\"2024-04-18T07:16:10+00:00\",\"dateModified\":\"2024-04-18T07:16:25+00:00\",\"breadcrumb\":{\"@id\":\"https:\/\/pacteceramic.es\/el-curso-de-poda-de-arboles-citricos-organizado-por-el-ayuntamiento-de-burriana-y-el-pacto-ceramico-triplica-la-prevision-de-inscripciones-y-contara-con-una-tercera-edicion-para-atender-todas-las-peti\/#breadcrumb\"},\"inLanguage\":\"es\",\"potentialAction\":[{\"@type\":\"ReadAction\",\"target\":[\"https:\/\/pacteceramic.es\/el-curso-de-poda-de-arboles-citricos-organizado-por-el-ayuntamiento-de-burriana-y-el-pacto-ceramico-triplica-la-prevision-de-inscripciones-y-contara-con-una-tercera-edicion-para-atender-todas-las-peti\/\"]}]},{\"@type\":\"ImageObject\",\"inLanguage\":\"es\",\"@id\":\"https:\/\/pacteceramic.es\/el-curso-de-poda-de-arboles-citricos-organizado-por-el-ayuntamiento-de-burriana-y-el-pacto-ceramico-triplica-la-prevision-de-inscripciones-y-contara-con-una-tercera-edicion-para-atender-todas-las-peti\/#primaryimage\",\"url\":\"https:\/\/pacteceramic.es\/wp-content\/uploads\/2024\/04\/NP-18.04.24.jpg\",\"contentUrl\":\"https:\/\/pacteceramic.es\/wp-content\/uploads\/2024\/04\/NP-18.04.24.jpg\",\"width\":1080,\"height\":720},{\"@type\":\"BreadcrumbList\",\"@id\":\"https:\/\/pacteceramic.es\/el-curso-de-poda-de-arboles-citricos-organizado-por-el-ayuntamiento-de-burriana-y-el-pacto-ceramico-triplica-la-prevision-de-inscripciones-y-contara-con-una-tercera-edicion-para-atender-todas-las-peti\/#breadcrumb\",\"itemListElement\":[{\"@type\":\"ListItem\",\"position\":1,\"name\":\"Portada\",\"item\":\"https:\/\/pacteceramic.es\/\"},{\"@type\":\"ListItem\",\"position\":2,\"name\":\"El curso de poda de \u00e1rboles c\u00edtricos organizado por el Ayuntamiento de Burriana y el Pacto Cer\u00e1mico triplica la previsi\u00f3n de inscripciones y contar\u00e1 con una tercera edici\u00f3n para atender todas las peticiones\"}]},{\"@type\":\"WebSite\",\"@id\":\"https:\/\/pacteceramic.es\/es_es\/#website\",\"url\":\"https:\/\/pacteceramic.es\/es_es\/\",\"name\":\"Pacte Cer\u00e0mic\",\"description\":\"Pacte Cer\u00e0mic\",\"publisher\":{\"@id\":\"https:\/\/pacteceramic.es\/es_es\/#organization\"},\"potentialAction\":[{\"@type\":\"SearchAction\",\"target\":{\"@type\":\"EntryPoint\",\"urlTemplate\":\"https:\/\/pacteceramic.es\/es_es\/?s={search_term_string}\"},\"query-input\":\"required name=search_term_string\"}],\"inLanguage\":\"es\"},{\"@type\":\"Organization\",\"@id\":\"https:\/\/pacteceramic.es\/es_es\/#organization\",\"name\":\"Pacte Cer\u00e0mic\",\"url\":\"https:\/\/pacteceramic.es\/es_es\/\",\"logo\":{\"@type\":\"ImageObject\",\"inLanguage\":\"es\",\"@id\":\"https:\/\/pacteceramic.es\/es_es\/#\/schema\/logo\/image\/\",\"url\":\"https:\/\/pacteceramic.es\/wp-content\/uploads\/2023\/05\/menulogo.png\",\"contentUrl\":\"https:\/\/pacteceramic.es\/wp-content\/uploads\/2023\/05\/menulogo.png\",\"width\":249,\"height\":80,\"caption\":\"Pacte Cer\u00e0mic\"},\"image\":{\"@id\":\"https:\/\/pacteceramic.es\/es_es\/#\/schema\/logo\/image\/\"},\"sameAs\":[\"https:\/\/www.facebook.com\/pacteceramic\/\",\"https:\/\/x.com\/pacteceramic\",\"https:\/\/www.instagram.com\/pacteceramic\/\",\"https:\/\/www.linkedin.com\/company\/pactemunicipisceramics\/\"]},{\"@type\":\"Person\",\"@id\":\"https:\/\/pacteceramic.es\/es_es\/#\/schema\/person\/d8757e82992b54387f1f96b63e3434af\",\"name\":\"Pacteceramic\",\"image\":{\"@type\":\"ImageObject\",\"inLanguage\":\"es\",\"@id\":\"https:\/\/pacteceramic.es\/es_es\/#\/schema\/person\/image\/\",\"url\":\"https:\/\/secure.gravatar.com\/avatar\/add03c3ae52e6d8ee8c27f9a7cdeaf18899ffc6cc348538526bfcb9ba78343ff?s=96&d=mm&r=g\",\"contentUrl\":\"https:\/\/secure.gravatar.com\/avatar\/add03c3ae52e6d8ee8c27f9a7cdeaf18899ffc6cc348538526bfcb9ba78343ff?s=96&d=mm&r=g\",\"caption\":\"Pacteceramic\"},\"sameAs\":[\"http:\/\/pacteceramic.es\"],\"url\":\"https:\/\/pacteceramic.es\/es_es\/author\/pacteceramic\/\"}]}<\/script>\n<!-- \/ Yoast SEO plugin. -->","yoast_head_json":{"title":"El curso de poda de \u00e1rboles c\u00edtricos organizado por el Ayuntamiento de Burriana y el Pacto Cer\u00e1mico triplica la previsi\u00f3n de inscripciones y contar\u00e1 con una tercera edici\u00f3n para atender todas las peticiones - Pacte Cer\u00e0mic","robots":{"index":"index","follow":"follow","max-snippet":"max-snippet:-1","max-image-preview":"max-image-preview:large","max-video-preview":"max-video-preview:-1"},"canonical":"https:\/\/pacteceramic.es\/es_es\/el-curso-de-poda-de-arboles-citricos-organizado-por-el-ayuntamiento-de-burriana-y-el-pacto-ceramico-triplica-la-prevision-de-inscripciones-y-contara-con-una-tercera-edicion-para-atender-todas-las-peti\/","og_locale":"es_ES","og_type":"article","og_title":"El curso de poda de \u00e1rboles c\u00edtricos organizado por el Ayuntamiento de Burriana y el Pacto Cer\u00e1mico triplica la previsi\u00f3n de inscripciones y contar\u00e1 con una tercera edici\u00f3n para atender todas las peticiones - Pacte Cer\u00e0mic","og_url":"https:\/\/pacteceramic.es\/es_es\/el-curso-de-poda-de-arboles-citricos-organizado-por-el-ayuntamiento-de-burriana-y-el-pacto-ceramico-triplica-la-prevision-de-inscripciones-y-contara-con-una-tercera-edicion-para-atender-todas-las-peti\/","og_site_name":"Pacte Cer\u00e0mic","article_publisher":"https:\/\/www.facebook.com\/pacteceramic\/","article_published_time":"2024-04-18T07:16:10+00:00","article_modified_time":"2024-04-18T07:16:25+00:00","og_image":[{"width":1080,"height":720,"url":"https:\/\/pacteceramic.es\/wp-content\/uploads\/2024\/04\/NP-18.04.24.jpg","type":"image\/jpeg"}],"author":"Pacteceramic","twitter_card":"summary_large_image","twitter_creator":"@pacteceramic","twitter_site":"@pacteceramic","twitter_misc":{"Escrito por":"Pacteceramic","Tiempo de lectura":"2 minutos"},"schema":{"@context":"https:\/\/schema.org","@graph":[{"@type":"Article","@id":"https:\/\/pacteceramic.es\/el-curso-de-poda-de-arboles-citricos-organizado-por-el-ayuntamiento-de-burriana-y-el-pacto-ceramico-triplica-la-prevision-de-inscripciones-y-contara-con-una-tercera-edicion-para-atender-todas-las-peti\/#article","isPartOf":{"@id":"https:\/\/pacteceramic.es\/el-curso-de-poda-de-arboles-citricos-organizado-por-el-ayuntamiento-de-burriana-y-el-pacto-ceramico-triplica-la-prevision-de-inscripciones-y-contara-con-una-tercera-edicion-para-atender-todas-las-peti\/"},"author":{"name":"Pacteceramic","@id":"https:\/\/pacteceramic.es\/es_es\/#\/schema\/person\/d8757e82992b54387f1f96b63e3434af"},"headline":"El curso de poda de \u00e1rboles c\u00edtricos organizado por el Ayuntamiento de Burriana y el Pacto Cer\u00e1mico triplica la previsi\u00f3n de inscripciones y contar\u00e1 con una tercera edici\u00f3n para atender todas las peticiones","datePublished":"2024-04-18T07:16:10+00:00","dateModified":"2024-04-18T07:16:25+00:00","mainEntityOfPage":{"@id":"https:\/\/pacteceramic.es\/el-curso-de-poda-de-arboles-citricos-organizado-por-el-ayuntamiento-de-burriana-y-el-pacto-ceramico-triplica-la-prevision-de-inscripciones-y-contara-con-una-tercera-edicion-para-atender-todas-las-peti\/"},"wordCount":300,"commentCount":0,"publisher":{"@id":"https:\/\/pacteceramic.es\/es_es\/#organization"},"image":{"@id":"https:\/\/pacteceramic.es\/el-curso-de-poda-de-arboles-citricos-organizado-por-el-ayuntamiento-de-burriana-y-el-pacto-ceramico-triplica-la-prevision-de-inscripciones-y-contara-con-una-tercera-edicion-para-atender-todas-las-peti\/#primaryimage"},"thumbnailUrl":"https:\/\/pacteceramic.es\/wp-content\/uploads\/2024\/04\/NP-18.04.24.jpg","keywords":["agricultura","burriana","c\u00edtricos","curso","formaci\u00f3n","gratis","pacto cer\u00e1mico","poda"],"articleSection":["Noticias"],"inLanguage":"es","potentialAction":[{"@type":"CommentAction","name":"Comment","target":["https:\/\/pacteceramic.es\/el-curso-de-poda-de-arboles-citricos-organizado-por-el-ayuntamiento-de-burriana-y-el-pacto-ceramico-triplica-la-prevision-de-inscripciones-y-contara-con-una-tercera-edicion-para-atender-todas-las-peti\/#respond"]}]},{"@type":"WebPage","@id":"https:\/\/pacteceramic.es\/el-curso-de-poda-de-arboles-citricos-organizado-por-el-ayuntamiento-de-burriana-y-el-pacto-ceramico-triplica-la-prevision-de-inscripciones-y-contara-con-una-tercera-edicion-para-atender-todas-las-peti\/","url":"https:\/\/pacteceramic.es\/el-curso-de-poda-de-arboles-citricos-organizado-por-el-ayuntamiento-de-burriana-y-el-pacto-ceramico-triplica-la-prevision-de-inscripciones-y-contara-con-una-tercera-edicion-para-atender-todas-las-peti\/","name":"El curso de poda de \u00e1rboles c\u00edtricos organizado por el Ayuntamiento de Burriana y el Pacto Cer\u00e1mico triplica la previsi\u00f3n de inscripciones y contar\u00e1 con una tercera edici\u00f3n para atender todas las peticiones - Pacte Cer\u00e0mic","isPartOf":{"@id":"https:\/\/pacteceramic.es\/es_es\/#website"},"primaryImageOfPage":{"@id":"https:\/\/pacteceramic.es\/el-curso-de-poda-de-arboles-citricos-organizado-por-el-ayuntamiento-de-burriana-y-el-pacto-ceramico-triplica-la-prevision-de-inscripciones-y-contara-con-una-tercera-edicion-para-atender-todas-las-peti\/#primaryimage"},"image":{"@id":"https:\/\/pacteceramic.es\/el-curso-de-poda-de-arboles-citricos-organizado-por-el-ayuntamiento-de-burriana-y-el-pacto-ceramico-triplica-la-prevision-de-inscripciones-y-contara-con-una-tercera-edicion-para-atender-todas-las-peti\/#primaryimage"},"thumbnailUrl":"https:\/\/pacteceramic.es\/wp-content\/uploads\/2024\/04\/NP-18.04.24.jpg","datePublished":"2024-04-18T07:16:10+00:00","dateModified":"2024-04-18T07:16:25+00:00","breadcrumb":{"@id":"https:\/\/pacteceramic.es\/el-curso-de-poda-de-arboles-citricos-organizado-por-el-ayuntamiento-de-burriana-y-el-pacto-ceramico-triplica-la-prevision-de-inscripciones-y-contara-con-una-tercera-edicion-para-atender-todas-las-peti\/#breadcrumb"},"inLanguage":"es","potentialAction":[{"@type":"ReadAction","target":["https:\/\/pacteceramic.es\/el-curso-de-poda-de-arboles-citricos-organizado-por-el-ayuntamiento-de-burriana-y-el-pacto-ceramico-triplica-la-prevision-de-inscripciones-y-contara-con-una-tercera-edicion-para-atender-todas-las-peti\/"]}]},{"@type":"ImageObject","inLanguage":"es","@id":"https:\/\/pacteceramic.es\/el-curso-de-poda-de-arboles-citricos-organizado-por-el-ayuntamiento-de-burriana-y-el-pacto-ceramico-triplica-la-prevision-de-inscripciones-y-contara-con-una-tercera-edicion-para-atender-todas-las-peti\/#primaryimage","url":"https:\/\/pacteceramic.es\/wp-content\/uploads\/2024\/04\/NP-18.04.24.jpg","contentUrl":"https:\/\/pacteceramic.es\/wp-content\/uploads\/2024\/04\/NP-18.04.24.jpg","width":1080,"height":720},{"@type":"BreadcrumbList","@id":"https:\/\/pacteceramic.es\/el-curso-de-poda-de-arboles-citricos-organizado-por-el-ayuntamiento-de-burriana-y-el-pacto-ceramico-triplica-la-prevision-de-inscripciones-y-contara-con-una-tercera-edicion-para-atender-todas-las-peti\/#breadcrumb","itemListElement":[{"@type":"ListItem","position":1,"name":"Portada","item":"https:\/\/pacteceramic.es\/"},{"@type":"ListItem","position":2,"name":"El curso de poda de \u00e1rboles c\u00edtricos organizado por el Ayuntamiento de Burriana y el Pacto Cer\u00e1mico triplica la previsi\u00f3n de inscripciones y contar\u00e1 con una tercera edici\u00f3n para atender todas las peticiones"}]},{"@type":"WebSite","@id":"https:\/\/pacteceramic.es\/es_es\/#website","url":"https:\/\/pacteceramic.es\/es_es\/","name":"Pacte Cer\u00e0mic","description":"Pacte Cer\u00e0mic","publisher":{"@id":"https:\/\/pacteceramic.es\/es_es\/#organization"},"potentialAction":[{"@type":"SearchAction","target":{"@type":"EntryPoint","urlTemplate":"https:\/\/pacteceramic.es\/es_es\/?s={search_term_string}"},"query-input":"required name=search_term_string"}],"inLanguage":"es"},{"@type":"Organization","@id":"https:\/\/pacteceramic.es\/es_es\/#organization","name":"Pacte Cer\u00e0mic","url":"https:\/\/pacteceramic.es\/es_es\/","logo":{"@type":"ImageObject","inLanguage":"es","@id":"https:\/\/pacteceramic.es\/es_es\/#\/schema\/logo\/image\/","url":"https:\/\/pacteceramic.es\/wp-content\/uploads\/2023\/05\/menulogo.png","contentUrl":"https:\/\/pacteceramic.es\/wp-content\/uploads\/2023\/05\/menulogo.png","width":249,"height":80,"caption":"Pacte Cer\u00e0mic"},"image":{"@id":"https:\/\/pacteceramic.es\/es_es\/#\/schema\/logo\/image\/"},"sameAs":["https:\/\/www.facebook.com\/pacteceramic\/","https:\/\/x.com\/pacteceramic","https:\/\/www.instagram.com\/pacteceramic\/","https:\/\/www.linkedin.com\/company\/pactemunicipisceramics\/"]},{"@type":"Person","@id":"https:\/\/pacteceramic.es\/es_es\/#\/schema\/person\/d8757e82992b54387f1f96b63e3434af","name":"Pacteceramic","image":{"@type":"ImageObject","inLanguage":"es","@id":"https:\/\/pacteceramic.es\/es_es\/#\/schema\/person\/image\/","url":"https:\/\/secure.gravatar.com\/avatar\/add03c3ae52e6d8ee8c27f9a7cdeaf18899ffc6cc348538526bfcb9ba78343ff?s=96&d=mm&r=g","contentUrl":"https:\/\/secure.gravatar.com\/avatar\/add03c3ae52e6d8ee8c27f9a7cdeaf18899ffc6cc348538526bfcb9ba78343ff?s=96&d=mm&r=g","caption":"Pacteceramic"},"sameAs":["http:\/\/pacteceramic.es"],"url":"https:\/\/pacteceramic.es\/es_es\/author\/pacteceramic\/"}]}},"_links":{"self":[{"href":"https:\/\/pacteceramic.es\/es_es\/wp-json\/wp\/v2\/posts\/12124","targetHints":{"allow":["GET"]}}],"collection":[{"href":"https:\/\/pacteceramic.es\/es_es\/wp-json\/wp\/v2\/posts"}],"about":[{"href":"https:\/\/pacteceramic.es\/es_es\/wp-json\/wp\/v2\/types\/post"}],"author":[{"embeddable":true,"href":"https:\/\/pacteceramic.es\/es_es\/wp-json\/wp\/v2\/users\/1"}],"replies":[{"embeddable":true,"href":"https:\/\/pacteceramic.es\/es_es\/wp-json\/wp\/v2\/comments?post=12124"}],"version-history":[{"count":1,"href":"https:\/\/pacteceramic.es\/es_es\/wp-json\/wp\/v2\/posts\/12124\/revisions"}],"predecessor-version":[{"id":12126,"href":"https:\/\/pacteceramic.es\/es_es\/wp-json\/wp\/v2\/posts\/12124\/revisions\/12126"}],"wp:featuredmedia":[{"embeddable":true,"href":"https:\/\/pacteceramic.es\/es_es\/wp-json\/wp\/v2\/media\/12125"}],"wp:attachment":[{"href":"https:\/\/pacteceramic.es\/es_es\/wp-json\/wp\/v2\/media?parent=12124"}],"wp:term":[{"taxonomy":"category","embeddable":true,"href":"https:\/\/pacteceramic.es\/es_es\/wp-json\/wp\/v2\/categories?post=12124"},{"taxonomy":"post_tag","embeddable":true,"href":"https:\/\/pacteceramic.es\/es_es\/wp-json\/wp\/v2\/tags?post=12124"}],"curies":[{"name":"wp","href":"https:\/\/api.w.org\/{rel}","templated":true}]}}