{"id":11752,"date":"2023-05-11T10:15:23","date_gmt":"2023-05-11T08:15:23","guid":{"rendered":"https:\/\/www.pacteceramic.es\/?p=11394"},"modified":"2023-06-21T10:49:50","modified_gmt":"2023-06-21T10:49:50","slug":"arranca-la-formacio-en-ceramica-digital-reincorpora-t-del-pacte-per-locupacio-dels-municipis-ceramics-a-almassora-lalcora-i-borriana","status":"publish","type":"post","link":"https:\/\/pacteceramic.es\/es_es\/arranca-la-formacio-en-ceramica-digital-reincorpora-t-del-pacte-per-locupacio-dels-municipis-ceramics-a-almassora-lalcora-i-borriana\/","title":{"rendered":"Arranca la formaci\u00f3 en cer\u00e0mica digital Reincorpora-T del Pacte per l&#8217;Ocupaci\u00f3 dels Municipis Cer\u00e0mics a Almassora, l&#8217;Alcora i Borriana"},"content":{"rendered":"\r\n<p><!--more--><\/p>\r\n\r\n<p><em>El president del Consorci, Samuel Falomir, i la gerent, Olga Oru\u00f1a, han donat la benvinguda a l&#8217;alumnat dels grups per als quals el termini d&#8217;inscripcions continua obert. Les persones interessades a apuntar-se o consultar m\u00e9s informaci\u00f3 poden contactar a trav\u00e9s de l&#8217;adre\u00e7a de correu formacion@pacteceramic.es o telefonant al 610321875<\/em><\/p>\r\n<p>El Pacte Territorial per l&#8217;Ocupaci\u00f3 dels Municipis Cer\u00e0mics ha arrancat amb la formaci\u00f3 espec\u00edfica en cer\u00e0mica digital dels grups Reincorpora-T adaptada a les necessitats del sector. El termini d&#8217;inscripcions continua obert per a totes aquelles persones en situaci\u00f3 de desocupaci\u00f3 que formen part dels municipis consorciats i que tinguen inter\u00e9s per reincorporar-se en el mercat laboral, en concret en empreses del cl\u00faster cer\u00e0mic.<\/p>\r\n<p>El president del Consorci, Samuel Falomir, i la gerent d&#8217;aquest, Olga Oru\u00f1a, han donat la benvinguda a l&#8217;alumnat dels grups de formaci\u00f3 gratu\u00efta impartits en els municipis d&#8217;Almassora, l&#8217;Alcora i Borriana. L&#8217;objectiu d&#8217;aquests \u00e9s proporcionar els coneixements i eines teoricopr\u00e0ctiques necess\u00e0ries per al desenvolupament i impressi\u00f3 de dissenys adaptats a la tecnologia Inkjet (gesti\u00f3 de color, Photoshop b\u00e0sic, perfils cer\u00e0mics, tons\u2026), aix\u00ed com el funcionament i \u00fas de les m\u00e0quines Inkjet, l&#8217;evoluci\u00f3 de la producci\u00f3 cer\u00e0mica fins a la tecnologia actual i el R+D+I que s&#8217;est\u00e0 implementant de cara al futur.<\/p>\r\n<p>D&#8217;altra banda, durant les sessions es treballaran les habilitats i aptituds de l&#8217;alumnat en l&#8217;entorn laboral i entrevistes de treball, fomentant la cerca proactiva d&#8217;ocupaci\u00f3 i facilitant la seua reinserci\u00f3 en el mercat professional, aix\u00ed com l&#8217;emprenedoria i compet\u00e8ncies digitals. De tal manera que s&#8217;abordaran q\u00fcestions com la revisi\u00f3, millora i actualitzaci\u00f3 del curr\u00edculum fins a potenciar uns certs aspectes com la intel\u00b7lig\u00e8ncia emocional, el treball en equip, la comunicaci\u00f3 assertiva, escolta activa, planificaci\u00f3 i gesti\u00f3 del temps.<\/p>\r\n<p>Les persones interessades a formar part d&#8217;aquests grups o rebre m\u00e9s informaci\u00f3 sobre ells poden contactar a trav\u00e9s de l&#8217;adre\u00e7a de correu formacion@pacteceramic.es o telefonant al 610321875. Aquesta acci\u00f3 est\u00e0 emmarcada en el nou projecte \u201cDESENVOLUPA-T: Emprenedoria, Ocupaci\u00f3 i Formaci\u00f3\u201d del Pacte per l&#8217;Ocupaci\u00f3 dels Municipis Cer\u00e0mics, subvencionat per Labora i el Ministeri de Treball a trav\u00e9s de la iniciativa Avalem Territori.<\/p>","protected":false},"excerpt":{"rendered":"","protected":false},"author":1,"featured_media":11870,"comment_status":"closed","ping_status":"open","sticky":false,"template":"","format":"standard","meta":{"iawp_total_views":2,"footnotes":""},"categories":[8],"tags":[],"class_list":["post-11752","post","type-post","status-publish","format-standard","has-post-thumbnail","hentry","category-sin-categoria-ca"],"yoast_head":"<!-- This site is optimized with the Yoast SEO plugin v23.1 - https:\/\/yoast.com\/wordpress\/plugins\/seo\/ -->\n<title>Arranca la formaci\u00f3 en cer\u00e0mica digital Reincorpora-T del Pacte per l&#039;Ocupaci\u00f3 dels Municipis Cer\u00e0mics a Almassora, l&#039;Alcora i Borriana - Pacte Cer\u00e0mic<\/title>\n<meta name=\"robots\" content=\"index, follow, max-snippet:-1, max-image-preview:large, max-video-preview:-1\" \/>\n<link rel=\"canonical\" href=\"https:\/\/pacteceramic.es\/es_es\/arranca-la-formacio-en-ceramica-digital-reincorpora-t-del-pacte-per-locupacio-dels-municipis-ceramics-a-almassora-lalcora-i-borriana\/\" \/>\n<meta property=\"og:locale\" content=\"es_ES\" \/>\n<meta property=\"og:type\" content=\"article\" \/>\n<meta property=\"og:title\" content=\"Arranca la formaci\u00f3 en cer\u00e0mica digital Reincorpora-T del Pacte per l&#039;Ocupaci\u00f3 dels Municipis Cer\u00e0mics a Almassora, l&#039;Alcora i Borriana - Pacte Cer\u00e0mic\" \/>\n<meta property=\"og:url\" content=\"https:\/\/pacteceramic.es\/es_es\/arranca-la-formacio-en-ceramica-digital-reincorpora-t-del-pacte-per-locupacio-dels-municipis-ceramics-a-almassora-lalcora-i-borriana\/\" \/>\n<meta property=\"og:site_name\" content=\"Pacte Cer\u00e0mic\" \/>\n<meta property=\"article:publisher\" content=\"https:\/\/www.facebook.com\/pacteceramic\/\" \/>\n<meta property=\"article:published_time\" content=\"2023-05-11T08:15:23+00:00\" \/>\n<meta property=\"article:modified_time\" content=\"2023-06-21T10:49:50+00:00\" \/>\n<meta property=\"og:image\" content=\"https:\/\/pacteceramic.es\/wp-content\/uploads\/2023\/05\/Presidente-Pacto.jpeg\" \/>\n\t<meta property=\"og:image:width\" content=\"2048\" \/>\n\t<meta property=\"og:image:height\" content=\"1536\" \/>\n\t<meta property=\"og:image:type\" content=\"image\/jpeg\" \/>\n<meta name=\"author\" content=\"Pacteceramic\" \/>\n<meta name=\"twitter:card\" content=\"summary_large_image\" \/>\n<meta name=\"twitter:creator\" content=\"@pacteceramic\" \/>\n<meta name=\"twitter:site\" content=\"@pacteceramic\" \/>\n<meta name=\"twitter:label1\" content=\"Escrito por\" \/>\n\t<meta name=\"twitter:data1\" content=\"Pacteceramic\" \/>\n\t<meta name=\"twitter:label2\" content=\"Tiempo de lectura\" \/>\n\t<meta name=\"twitter:data2\" content=\"2 minutos\" \/>\n<script type=\"application\/ld+json\" class=\"yoast-schema-graph\">{\"@context\":\"https:\/\/schema.org\",\"@graph\":[{\"@type\":\"Article\",\"@id\":\"https:\/\/pacteceramic.es\/arranca-la-formacio-en-ceramica-digital-reincorpora-t-del-pacte-per-locupacio-dels-municipis-ceramics-a-almassora-lalcora-i-borriana\/#article\",\"isPartOf\":{\"@id\":\"https:\/\/pacteceramic.es\/arranca-la-formacio-en-ceramica-digital-reincorpora-t-del-pacte-per-locupacio-dels-municipis-ceramics-a-almassora-lalcora-i-borriana\/\"},\"author\":{\"name\":\"Pacteceramic\",\"@id\":\"https:\/\/pacteceramic.es\/es_es\/#\/schema\/person\/d8757e82992b54387f1f96b63e3434af\"},\"headline\":\"Arranca la formaci\u00f3 en cer\u00e0mica digital Reincorpora-T del Pacte per l&#8217;Ocupaci\u00f3 dels Municipis Cer\u00e0mics a Almassora, l&#8217;Alcora i Borriana\",\"datePublished\":\"2023-05-11T08:15:23+00:00\",\"dateModified\":\"2023-06-21T10:49:50+00:00\",\"mainEntityOfPage\":{\"@id\":\"https:\/\/pacteceramic.es\/arranca-la-formacio-en-ceramica-digital-reincorpora-t-del-pacte-per-locupacio-dels-municipis-ceramics-a-almassora-lalcora-i-borriana\/\"},\"wordCount\":420,\"publisher\":{\"@id\":\"https:\/\/pacteceramic.es\/es_es\/#organization\"},\"image\":{\"@id\":\"https:\/\/pacteceramic.es\/arranca-la-formacio-en-ceramica-digital-reincorpora-t-del-pacte-per-locupacio-dels-municipis-ceramics-a-almassora-lalcora-i-borriana\/#primaryimage\"},\"thumbnailUrl\":\"https:\/\/pacteceramic.es\/wp-content\/uploads\/2023\/05\/Presidente-Pacto.jpeg\",\"articleSection\":[\"Sin categor\u00eda @ca\"],\"inLanguage\":\"es\"},{\"@type\":\"WebPage\",\"@id\":\"https:\/\/pacteceramic.es\/arranca-la-formacio-en-ceramica-digital-reincorpora-t-del-pacte-per-locupacio-dels-municipis-ceramics-a-almassora-lalcora-i-borriana\/\",\"url\":\"https:\/\/pacteceramic.es\/arranca-la-formacio-en-ceramica-digital-reincorpora-t-del-pacte-per-locupacio-dels-municipis-ceramics-a-almassora-lalcora-i-borriana\/\",\"name\":\"Arranca la formaci\u00f3 en cer\u00e0mica digital Reincorpora-T del Pacte per l'Ocupaci\u00f3 dels Municipis Cer\u00e0mics a Almassora, l'Alcora i Borriana - Pacte Cer\u00e0mic\",\"isPartOf\":{\"@id\":\"https:\/\/pacteceramic.es\/es_es\/#website\"},\"primaryImageOfPage\":{\"@id\":\"https:\/\/pacteceramic.es\/arranca-la-formacio-en-ceramica-digital-reincorpora-t-del-pacte-per-locupacio-dels-municipis-ceramics-a-almassora-lalcora-i-borriana\/#primaryimage\"},\"image\":{\"@id\":\"https:\/\/pacteceramic.es\/arranca-la-formacio-en-ceramica-digital-reincorpora-t-del-pacte-per-locupacio-dels-municipis-ceramics-a-almassora-lalcora-i-borriana\/#primaryimage\"},\"thumbnailUrl\":\"https:\/\/pacteceramic.es\/wp-content\/uploads\/2023\/05\/Presidente-Pacto.jpeg\",\"datePublished\":\"2023-05-11T08:15:23+00:00\",\"dateModified\":\"2023-06-21T10:49:50+00:00\",\"breadcrumb\":{\"@id\":\"https:\/\/pacteceramic.es\/arranca-la-formacio-en-ceramica-digital-reincorpora-t-del-pacte-per-locupacio-dels-municipis-ceramics-a-almassora-lalcora-i-borriana\/#breadcrumb\"},\"inLanguage\":\"es\",\"potentialAction\":[{\"@type\":\"ReadAction\",\"target\":[\"https:\/\/pacteceramic.es\/arranca-la-formacio-en-ceramica-digital-reincorpora-t-del-pacte-per-locupacio-dels-municipis-ceramics-a-almassora-lalcora-i-borriana\/\"]}]},{\"@type\":\"ImageObject\",\"inLanguage\":\"es\",\"@id\":\"https:\/\/pacteceramic.es\/arranca-la-formacio-en-ceramica-digital-reincorpora-t-del-pacte-per-locupacio-dels-municipis-ceramics-a-almassora-lalcora-i-borriana\/#primaryimage\",\"url\":\"https:\/\/pacteceramic.es\/wp-content\/uploads\/2023\/05\/Presidente-Pacto.jpeg\",\"contentUrl\":\"https:\/\/pacteceramic.es\/wp-content\/uploads\/2023\/05\/Presidente-Pacto.jpeg\",\"width\":2048,\"height\":1536},{\"@type\":\"BreadcrumbList\",\"@id\":\"https:\/\/pacteceramic.es\/arranca-la-formacio-en-ceramica-digital-reincorpora-t-del-pacte-per-locupacio-dels-municipis-ceramics-a-almassora-lalcora-i-borriana\/#breadcrumb\",\"itemListElement\":[{\"@type\":\"ListItem\",\"position\":1,\"name\":\"Portada\",\"item\":\"https:\/\/pacteceramic.es\/\"},{\"@type\":\"ListItem\",\"position\":2,\"name\":\"Arranca la formaci\u00f3 en cer\u00e0mica digital Reincorpora-T del Pacte per l&#8217;Ocupaci\u00f3 dels Municipis Cer\u00e0mics a Almassora, l&#8217;Alcora i Borriana\"}]},{\"@type\":\"WebSite\",\"@id\":\"https:\/\/pacteceramic.es\/es_es\/#website\",\"url\":\"https:\/\/pacteceramic.es\/es_es\/\",\"name\":\"Pacte Cer\u00e0mic\",\"description\":\"Pacte Cer\u00e0mic\",\"publisher\":{\"@id\":\"https:\/\/pacteceramic.es\/es_es\/#organization\"},\"potentialAction\":[{\"@type\":\"SearchAction\",\"target\":{\"@type\":\"EntryPoint\",\"urlTemplate\":\"https:\/\/pacteceramic.es\/es_es\/?s={search_term_string}\"},\"query-input\":\"required name=search_term_string\"}],\"inLanguage\":\"es\"},{\"@type\":\"Organization\",\"@id\":\"https:\/\/pacteceramic.es\/es_es\/#organization\",\"name\":\"Pacte Cer\u00e0mic\",\"url\":\"https:\/\/pacteceramic.es\/es_es\/\",\"logo\":{\"@type\":\"ImageObject\",\"inLanguage\":\"es\",\"@id\":\"https:\/\/pacteceramic.es\/es_es\/#\/schema\/logo\/image\/\",\"url\":\"https:\/\/pacteceramic.es\/wp-content\/uploads\/2023\/05\/menulogo.png\",\"contentUrl\":\"https:\/\/pacteceramic.es\/wp-content\/uploads\/2023\/05\/menulogo.png\",\"width\":249,\"height\":80,\"caption\":\"Pacte Cer\u00e0mic\"},\"image\":{\"@id\":\"https:\/\/pacteceramic.es\/es_es\/#\/schema\/logo\/image\/\"},\"sameAs\":[\"https:\/\/www.facebook.com\/pacteceramic\/\",\"https:\/\/x.com\/pacteceramic\",\"https:\/\/www.instagram.com\/pacteceramic\/\",\"https:\/\/www.linkedin.com\/company\/pactemunicipisceramics\/\"]},{\"@type\":\"Person\",\"@id\":\"https:\/\/pacteceramic.es\/es_es\/#\/schema\/person\/d8757e82992b54387f1f96b63e3434af\",\"name\":\"Pacteceramic\",\"image\":{\"@type\":\"ImageObject\",\"inLanguage\":\"es\",\"@id\":\"https:\/\/pacteceramic.es\/es_es\/#\/schema\/person\/image\/\",\"url\":\"https:\/\/secure.gravatar.com\/avatar\/add03c3ae52e6d8ee8c27f9a7cdeaf18899ffc6cc348538526bfcb9ba78343ff?s=96&d=mm&r=g\",\"contentUrl\":\"https:\/\/secure.gravatar.com\/avatar\/add03c3ae52e6d8ee8c27f9a7cdeaf18899ffc6cc348538526bfcb9ba78343ff?s=96&d=mm&r=g\",\"caption\":\"Pacteceramic\"},\"sameAs\":[\"http:\/\/pacteceramic.es\"],\"url\":\"https:\/\/pacteceramic.es\/es_es\/author\/pacteceramic\/\"}]}<\/script>\n<!-- \/ Yoast SEO plugin. -->","yoast_head_json":{"title":"Arranca la formaci\u00f3 en cer\u00e0mica digital Reincorpora-T del Pacte per l'Ocupaci\u00f3 dels Municipis Cer\u00e0mics a Almassora, l'Alcora i Borriana - Pacte Cer\u00e0mic","robots":{"index":"index","follow":"follow","max-snippet":"max-snippet:-1","max-image-preview":"max-image-preview:large","max-video-preview":"max-video-preview:-1"},"canonical":"https:\/\/pacteceramic.es\/es_es\/arranca-la-formacio-en-ceramica-digital-reincorpora-t-del-pacte-per-locupacio-dels-municipis-ceramics-a-almassora-lalcora-i-borriana\/","og_locale":"es_ES","og_type":"article","og_title":"Arranca la formaci\u00f3 en cer\u00e0mica digital Reincorpora-T del Pacte per l'Ocupaci\u00f3 dels Municipis Cer\u00e0mics a Almassora, l'Alcora i Borriana - Pacte Cer\u00e0mic","og_url":"https:\/\/pacteceramic.es\/es_es\/arranca-la-formacio-en-ceramica-digital-reincorpora-t-del-pacte-per-locupacio-dels-municipis-ceramics-a-almassora-lalcora-i-borriana\/","og_site_name":"Pacte Cer\u00e0mic","article_publisher":"https:\/\/www.facebook.com\/pacteceramic\/","article_published_time":"2023-05-11T08:15:23+00:00","article_modified_time":"2023-06-21T10:49:50+00:00","og_image":[{"width":2048,"height":1536,"url":"https:\/\/pacteceramic.es\/wp-content\/uploads\/2023\/05\/Presidente-Pacto.jpeg","type":"image\/jpeg"}],"author":"Pacteceramic","twitter_card":"summary_large_image","twitter_creator":"@pacteceramic","twitter_site":"@pacteceramic","twitter_misc":{"Escrito por":"Pacteceramic","Tiempo de lectura":"2 minutos"},"schema":{"@context":"https:\/\/schema.org","@graph":[{"@type":"Article","@id":"https:\/\/pacteceramic.es\/arranca-la-formacio-en-ceramica-digital-reincorpora-t-del-pacte-per-locupacio-dels-municipis-ceramics-a-almassora-lalcora-i-borriana\/#article","isPartOf":{"@id":"https:\/\/pacteceramic.es\/arranca-la-formacio-en-ceramica-digital-reincorpora-t-del-pacte-per-locupacio-dels-municipis-ceramics-a-almassora-lalcora-i-borriana\/"},"author":{"name":"Pacteceramic","@id":"https:\/\/pacteceramic.es\/es_es\/#\/schema\/person\/d8757e82992b54387f1f96b63e3434af"},"headline":"Arranca la formaci\u00f3 en cer\u00e0mica digital Reincorpora-T del Pacte per l&#8217;Ocupaci\u00f3 dels Municipis Cer\u00e0mics a Almassora, l&#8217;Alcora i Borriana","datePublished":"2023-05-11T08:15:23+00:00","dateModified":"2023-06-21T10:49:50+00:00","mainEntityOfPage":{"@id":"https:\/\/pacteceramic.es\/arranca-la-formacio-en-ceramica-digital-reincorpora-t-del-pacte-per-locupacio-dels-municipis-ceramics-a-almassora-lalcora-i-borriana\/"},"wordCount":420,"publisher":{"@id":"https:\/\/pacteceramic.es\/es_es\/#organization"},"image":{"@id":"https:\/\/pacteceramic.es\/arranca-la-formacio-en-ceramica-digital-reincorpora-t-del-pacte-per-locupacio-dels-municipis-ceramics-a-almassora-lalcora-i-borriana\/#primaryimage"},"thumbnailUrl":"https:\/\/pacteceramic.es\/wp-content\/uploads\/2023\/05\/Presidente-Pacto.jpeg","articleSection":["Sin categor\u00eda @ca"],"inLanguage":"es"},{"@type":"WebPage","@id":"https:\/\/pacteceramic.es\/arranca-la-formacio-en-ceramica-digital-reincorpora-t-del-pacte-per-locupacio-dels-municipis-ceramics-a-almassora-lalcora-i-borriana\/","url":"https:\/\/pacteceramic.es\/arranca-la-formacio-en-ceramica-digital-reincorpora-t-del-pacte-per-locupacio-dels-municipis-ceramics-a-almassora-lalcora-i-borriana\/","name":"Arranca la formaci\u00f3 en cer\u00e0mica digital Reincorpora-T del Pacte per l'Ocupaci\u00f3 dels Municipis Cer\u00e0mics a Almassora, l'Alcora i Borriana - Pacte Cer\u00e0mic","isPartOf":{"@id":"https:\/\/pacteceramic.es\/es_es\/#website"},"primaryImageOfPage":{"@id":"https:\/\/pacteceramic.es\/arranca-la-formacio-en-ceramica-digital-reincorpora-t-del-pacte-per-locupacio-dels-municipis-ceramics-a-almassora-lalcora-i-borriana\/#primaryimage"},"image":{"@id":"https:\/\/pacteceramic.es\/arranca-la-formacio-en-ceramica-digital-reincorpora-t-del-pacte-per-locupacio-dels-municipis-ceramics-a-almassora-lalcora-i-borriana\/#primaryimage"},"thumbnailUrl":"https:\/\/pacteceramic.es\/wp-content\/uploads\/2023\/05\/Presidente-Pacto.jpeg","datePublished":"2023-05-11T08:15:23+00:00","dateModified":"2023-06-21T10:49:50+00:00","breadcrumb":{"@id":"https:\/\/pacteceramic.es\/arranca-la-formacio-en-ceramica-digital-reincorpora-t-del-pacte-per-locupacio-dels-municipis-ceramics-a-almassora-lalcora-i-borriana\/#breadcrumb"},"inLanguage":"es","potentialAction":[{"@type":"ReadAction","target":["https:\/\/pacteceramic.es\/arranca-la-formacio-en-ceramica-digital-reincorpora-t-del-pacte-per-locupacio-dels-municipis-ceramics-a-almassora-lalcora-i-borriana\/"]}]},{"@type":"ImageObject","inLanguage":"es","@id":"https:\/\/pacteceramic.es\/arranca-la-formacio-en-ceramica-digital-reincorpora-t-del-pacte-per-locupacio-dels-municipis-ceramics-a-almassora-lalcora-i-borriana\/#primaryimage","url":"https:\/\/pacteceramic.es\/wp-content\/uploads\/2023\/05\/Presidente-Pacto.jpeg","contentUrl":"https:\/\/pacteceramic.es\/wp-content\/uploads\/2023\/05\/Presidente-Pacto.jpeg","width":2048,"height":1536},{"@type":"BreadcrumbList","@id":"https:\/\/pacteceramic.es\/arranca-la-formacio-en-ceramica-digital-reincorpora-t-del-pacte-per-locupacio-dels-municipis-ceramics-a-almassora-lalcora-i-borriana\/#breadcrumb","itemListElement":[{"@type":"ListItem","position":1,"name":"Portada","item":"https:\/\/pacteceramic.es\/"},{"@type":"ListItem","position":2,"name":"Arranca la formaci\u00f3 en cer\u00e0mica digital Reincorpora-T del Pacte per l&#8217;Ocupaci\u00f3 dels Municipis Cer\u00e0mics a Almassora, l&#8217;Alcora i Borriana"}]},{"@type":"WebSite","@id":"https:\/\/pacteceramic.es\/es_es\/#website","url":"https:\/\/pacteceramic.es\/es_es\/","name":"Pacte Cer\u00e0mic","description":"Pacte Cer\u00e0mic","publisher":{"@id":"https:\/\/pacteceramic.es\/es_es\/#organization"},"potentialAction":[{"@type":"SearchAction","target":{"@type":"EntryPoint","urlTemplate":"https:\/\/pacteceramic.es\/es_es\/?s={search_term_string}"},"query-input":"required name=search_term_string"}],"inLanguage":"es"},{"@type":"Organization","@id":"https:\/\/pacteceramic.es\/es_es\/#organization","name":"Pacte Cer\u00e0mic","url":"https:\/\/pacteceramic.es\/es_es\/","logo":{"@type":"ImageObject","inLanguage":"es","@id":"https:\/\/pacteceramic.es\/es_es\/#\/schema\/logo\/image\/","url":"https:\/\/pacteceramic.es\/wp-content\/uploads\/2023\/05\/menulogo.png","contentUrl":"https:\/\/pacteceramic.es\/wp-content\/uploads\/2023\/05\/menulogo.png","width":249,"height":80,"caption":"Pacte Cer\u00e0mic"},"image":{"@id":"https:\/\/pacteceramic.es\/es_es\/#\/schema\/logo\/image\/"},"sameAs":["https:\/\/www.facebook.com\/pacteceramic\/","https:\/\/x.com\/pacteceramic","https:\/\/www.instagram.com\/pacteceramic\/","https:\/\/www.linkedin.com\/company\/pactemunicipisceramics\/"]},{"@type":"Person","@id":"https:\/\/pacteceramic.es\/es_es\/#\/schema\/person\/d8757e82992b54387f1f96b63e3434af","name":"Pacteceramic","image":{"@type":"ImageObject","inLanguage":"es","@id":"https:\/\/pacteceramic.es\/es_es\/#\/schema\/person\/image\/","url":"https:\/\/secure.gravatar.com\/avatar\/add03c3ae52e6d8ee8c27f9a7cdeaf18899ffc6cc348538526bfcb9ba78343ff?s=96&d=mm&r=g","contentUrl":"https:\/\/secure.gravatar.com\/avatar\/add03c3ae52e6d8ee8c27f9a7cdeaf18899ffc6cc348538526bfcb9ba78343ff?s=96&d=mm&r=g","caption":"Pacteceramic"},"sameAs":["http:\/\/pacteceramic.es"],"url":"https:\/\/pacteceramic.es\/es_es\/author\/pacteceramic\/"}]}},"_links":{"self":[{"href":"https:\/\/pacteceramic.es\/es_es\/wp-json\/wp\/v2\/posts\/11752","targetHints":{"allow":["GET"]}}],"collection":[{"href":"https:\/\/pacteceramic.es\/es_es\/wp-json\/wp\/v2\/posts"}],"about":[{"href":"https:\/\/pacteceramic.es\/es_es\/wp-json\/wp\/v2\/types\/post"}],"author":[{"embeddable":true,"href":"https:\/\/pacteceramic.es\/es_es\/wp-json\/wp\/v2\/users\/1"}],"replies":[{"embeddable":true,"href":"https:\/\/pacteceramic.es\/es_es\/wp-json\/wp\/v2\/comments?post=11752"}],"version-history":[{"count":2,"href":"https:\/\/pacteceramic.es\/es_es\/wp-json\/wp\/v2\/posts\/11752\/revisions"}],"predecessor-version":[{"id":11876,"href":"https:\/\/pacteceramic.es\/es_es\/wp-json\/wp\/v2\/posts\/11752\/revisions\/11876"}],"wp:featuredmedia":[{"embeddable":true,"href":"https:\/\/pacteceramic.es\/es_es\/wp-json\/wp\/v2\/media\/11870"}],"wp:attachment":[{"href":"https:\/\/pacteceramic.es\/es_es\/wp-json\/wp\/v2\/media?parent=11752"}],"wp:term":[{"taxonomy":"category","embeddable":true,"href":"https:\/\/pacteceramic.es\/es_es\/wp-json\/wp\/v2\/categories?post=11752"},{"taxonomy":"post_tag","embeddable":true,"href":"https:\/\/pacteceramic.es\/es_es\/wp-json\/wp\/v2\/tags?post=11752"}],"curies":[{"name":"wp","href":"https:\/\/api.w.org\/{rel}","templated":true}]}}