{"id":11308,"date":"2023-03-10T10:12:30","date_gmt":"2023-03-10T09:12:30","guid":{"rendered":"https:\/\/www.pacteceramic.es\/?p=11308"},"modified":"2023-03-10T10:12:30","modified_gmt":"2023-03-10T09:12:30","slug":"el-pacte-per-locupacio-dels-municipis-ceramics-sol%c2%b7licita-una-subvencio-a-labora-per-valor-de-337-125-e-per-al-projecte-desenvolupa-t-emprenedoria-ocupacio-i-formacio","status":"publish","type":"post","link":"https:\/\/pacteceramic.es\/es_es\/el-pacte-per-locupacio-dels-municipis-ceramics-sol%c2%b7licita-una-subvencio-a-labora-per-valor-de-337-125-e-per-al-projecte-desenvolupa-t-emprenedoria-ocupacio-i-formacio\/","title":{"rendered":"El Pacte per l&#8217;Ocupaci\u00f3 dels Municipis Cer\u00e0mics sol\u00b7licita una subvenci\u00f3 a Labora per valor de 337.125 \u20ac per al projecte \u201cDESENVOLUPA-T: Emprenedoria, Ocupaci\u00f3 i Formaci\u00f3\u201d"},"content":{"rendered":"<p><a href=\"https:\/\/www.pacteceramic.es\/wp-content\/uploads\/2023\/03\/Captura-2-1.jpg\"><img loading=\"lazy\" decoding=\"async\" class=\"aligncenter size-medium wp-image-11309\" src=\"https:\/\/pacteceramic.es\/wp-content\/uploads\/2023\/05\/Captura-2-1-300x183.jpg\" alt=\"\" width=\"300\" height=\"183\" \/><\/a><\/p>\n\n\n<!--more-->\n\n\n<p><em>El projecte ha estat aprovat en Consell Rector, sessi\u00f3 on tamb\u00e9 s&#8217;ha dut a terme una avaluaci\u00f3 dels resultats de l&#8217;\u00faltima fase del programa \u201cLlan\u00e7adora Cap a l&#8217;Ocupabilitat Sostenible\u201d<\/em><\/p>\n<p>\u00a0<\/p>\n<p>El Pacte Territorial per l&#8217;Ocupaci\u00f3\u00a0dels Municipis Cer\u00e0mics ha aprovat en el Consell Rector la sol\u00b7licitud a\u00a0Labora\u00a0per import de 337.125 \u20ac per a finan\u00e7ar el nou projecte \u201cDESENVOLUPA-T: Emprenedoria, Ocupaci\u00f3 i Formaci\u00f3\u201d, l&#8217;objectiu del qual \u00e9s proporcionar formaci\u00f3, assessorament empresarial, orientaci\u00f3 laboral i entrenament en habilitats que possibiliten la cerca proactiva d&#8217;ocupaci\u00f3, facilitant aix\u00ed la inserci\u00f3 en el mercat laboral, tant de manera aliena com per compte propi.<\/p>\n<p><br \/>El Consorci treballa per a vertebrar el territori, connectant a l&#8217;administraci\u00f3, empreses i persones del nostre territori. Per a aix\u00f2, a trav\u00e9s d&#8217;aquest nou projecte es pret\u00e9n abordar la problem\u00e0tica de la desocupaci\u00f3 mitjan\u00e7ant l&#8217;aprofitament dels recursos disponibles; oferir un servei d&#8217;assessorament a aquelles persones que tenen una idea de negoci i necessiten ajuda per a fer els primers passos; prestar un servei d&#8217;orientaci\u00f3 laboral amb major coneixement del mercat laboral actual per a acompanyar als qui necessiten encaminar els seus objectius laborals i, finalment, disposar d&#8217;un programa de formaci\u00f3 espec\u00edfic per al sector cer\u00e0mic.<\/p>\n<p><br \/>Aix\u00ed mateix, durant la sessi\u00f3 del Consell Rector s&#8217;ha dut a terme una avaluaci\u00f3 dels \u00faltims resultats registrats en els diferents serveis del Pacte. El projecte experimental \u201cLlan\u00e7adora cap a l&#8217;ocupabilitat sostenible\u201d, que es va posar en marxa l&#8217;1 d&#8217;abril de 2022, ha assessorat des del seu inici a 125 emprenedors i 74 empreses, a m\u00e9s de tramitar 83 ajudes i, aix\u00ed mateix, elaborar 36 plans de viabilitat i ajudar en la gesti\u00f3 de 25 certificats digitals.<\/p>\n<p><br \/>D&#8217;altra banda, en la sessi\u00f3 s&#8217;ha informat sobre les jornades de formaci\u00f3 a les quals el personal t\u00e8cnic d&#8217;aquesta entitat ha assistit per a estar al dia de les \u00faltimes novetats en mat\u00e8ria d&#8217;emprenedoria: un seminari sobre la nova llei de\u00a0Startups\u00a0i un\u00a0webinar\u00a0sobre \u201cnovetats tecnol\u00f2giques en digitalitzaci\u00f3 2023\u201d. De la mateixa manera, s&#8217;ha assenyalat la realitzaci\u00f3 de tres tallers sobre compet\u00e8ncies digitals i dues xerrades sobre Emprenedoria i Orientaci\u00f3 laboral, i la programaci\u00f3 de diferents cursos a Borriana, Almassora, Betx\u00ed i l&#8217;Alcora des de la celebraci\u00f3 de l&#8217;\u00faltim Consell rector. Formacions que demostren l&#8217;inter\u00e8s de la poblaci\u00f3 i diferents entitats pels serveis que ofereix el Pacte.<\/p>\n<p><br \/><br \/><\/p>","protected":false},"excerpt":{"rendered":"","protected":false},"author":1,"featured_media":0,"comment_status":"closed","ping_status":"open","sticky":false,"template":"","format":"standard","meta":{"iawp_total_views":3,"footnotes":""},"categories":[8],"tags":[],"class_list":["post-11308","post","type-post","status-publish","format-standard","hentry","category-sin-categoria-ca"],"yoast_head":"<!-- This site is optimized with the Yoast SEO plugin v23.1 - https:\/\/yoast.com\/wordpress\/plugins\/seo\/ -->\n<title>El Pacte per l&#039;Ocupaci\u00f3 dels Municipis Cer\u00e0mics sol\u00b7licita una subvenci\u00f3 a Labora per valor de 337.125 \u20ac per al projecte \u201cDESENVOLUPA-T: Emprenedoria, Ocupaci\u00f3 i Formaci\u00f3\u201d - Pacte Cer\u00e0mic<\/title>\n<meta name=\"robots\" content=\"index, follow, max-snippet:-1, max-image-preview:large, max-video-preview:-1\" \/>\n<link rel=\"canonical\" href=\"https:\/\/pacteceramic.es\/es_es\/el-pacte-per-locupacio-dels-municipis-ceramics-sol\u00b7licita-una-subvencio-a-labora-per-valor-de-337-125-e-per-al-projecte-desenvolupa-t-emprenedoria-ocupacio-i-formacio\/\" \/>\n<meta property=\"og:locale\" content=\"es_ES\" \/>\n<meta property=\"og:type\" content=\"article\" \/>\n<meta property=\"og:title\" content=\"El Pacte per l&#039;Ocupaci\u00f3 dels Municipis Cer\u00e0mics sol\u00b7licita una subvenci\u00f3 a Labora per valor de 337.125 \u20ac per al projecte \u201cDESENVOLUPA-T: Emprenedoria, Ocupaci\u00f3 i Formaci\u00f3\u201d - Pacte Cer\u00e0mic\" \/>\n<meta property=\"og:url\" content=\"https:\/\/pacteceramic.es\/es_es\/el-pacte-per-locupacio-dels-municipis-ceramics-sol\u00b7licita-una-subvencio-a-labora-per-valor-de-337-125-e-per-al-projecte-desenvolupa-t-emprenedoria-ocupacio-i-formacio\/\" \/>\n<meta property=\"og:site_name\" content=\"Pacte Cer\u00e0mic\" \/>\n<meta property=\"article:publisher\" content=\"https:\/\/www.facebook.com\/pacteceramic\/\" \/>\n<meta property=\"article:published_time\" content=\"2023-03-10T09:12:30+00:00\" \/>\n<meta property=\"og:image\" content=\"https:\/\/pacteceramic.es\/wp-content\/uploads\/2023\/05\/Captura-2-1-300x183.jpg\" \/>\n<meta name=\"author\" content=\"Pacteceramic\" \/>\n<meta name=\"twitter:card\" content=\"summary_large_image\" \/>\n<meta name=\"twitter:creator\" content=\"@pacteceramic\" \/>\n<meta name=\"twitter:site\" content=\"@pacteceramic\" \/>\n<meta name=\"twitter:label1\" content=\"Escrito por\" \/>\n\t<meta name=\"twitter:data1\" content=\"Pacteceramic\" \/>\n\t<meta name=\"twitter:label2\" content=\"Tiempo de lectura\" \/>\n\t<meta name=\"twitter:data2\" content=\"2 minutos\" \/>\n<script type=\"application\/ld+json\" class=\"yoast-schema-graph\">{\"@context\":\"https:\/\/schema.org\",\"@graph\":[{\"@type\":\"Article\",\"@id\":\"https:\/\/pacteceramic.es\/es_es\/el-pacte-per-locupacio-dels-municipis-ceramics-sol%c2%b7licita-una-subvencio-a-labora-per-valor-de-337-125-e-per-al-projecte-desenvolupa-t-emprenedoria-ocupacio-i-formacio\/#article\",\"isPartOf\":{\"@id\":\"https:\/\/pacteceramic.es\/es_es\/el-pacte-per-locupacio-dels-municipis-ceramics-sol%c2%b7licita-una-subvencio-a-labora-per-valor-de-337-125-e-per-al-projecte-desenvolupa-t-emprenedoria-ocupacio-i-formacio\/\"},\"author\":{\"name\":\"Pacteceramic\",\"@id\":\"https:\/\/pacteceramic.es\/es_es\/#\/schema\/person\/d8757e82992b54387f1f96b63e3434af\"},\"headline\":\"El Pacte per l&#8217;Ocupaci\u00f3 dels Municipis Cer\u00e0mics sol\u00b7licita una subvenci\u00f3 a Labora per valor de 337.125 \u20ac per al projecte \u201cDESENVOLUPA-T: Emprenedoria, Ocupaci\u00f3 i Formaci\u00f3\u201d\",\"datePublished\":\"2023-03-10T09:12:30+00:00\",\"dateModified\":\"2023-03-10T09:12:30+00:00\",\"mainEntityOfPage\":{\"@id\":\"https:\/\/pacteceramic.es\/es_es\/el-pacte-per-locupacio-dels-municipis-ceramics-sol%c2%b7licita-una-subvencio-a-labora-per-valor-de-337-125-e-per-al-projecte-desenvolupa-t-emprenedoria-ocupacio-i-formacio\/\"},\"wordCount\":437,\"publisher\":{\"@id\":\"https:\/\/pacteceramic.es\/es_es\/#organization\"},\"image\":{\"@id\":\"https:\/\/pacteceramic.es\/es_es\/el-pacte-per-locupacio-dels-municipis-ceramics-sol%c2%b7licita-una-subvencio-a-labora-per-valor-de-337-125-e-per-al-projecte-desenvolupa-t-emprenedoria-ocupacio-i-formacio\/#primaryimage\"},\"thumbnailUrl\":\"https:\/\/pacteceramic.es\/wp-content\/uploads\/2023\/05\/Captura-2-1-300x183.jpg\",\"articleSection\":[\"Sin categor\u00eda @ca\"],\"inLanguage\":\"es\"},{\"@type\":\"WebPage\",\"@id\":\"https:\/\/pacteceramic.es\/es_es\/el-pacte-per-locupacio-dels-municipis-ceramics-sol%c2%b7licita-una-subvencio-a-labora-per-valor-de-337-125-e-per-al-projecte-desenvolupa-t-emprenedoria-ocupacio-i-formacio\/\",\"url\":\"https:\/\/pacteceramic.es\/es_es\/el-pacte-per-locupacio-dels-municipis-ceramics-sol%c2%b7licita-una-subvencio-a-labora-per-valor-de-337-125-e-per-al-projecte-desenvolupa-t-emprenedoria-ocupacio-i-formacio\/\",\"name\":\"El Pacte per l'Ocupaci\u00f3 dels Municipis Cer\u00e0mics sol\u00b7licita una subvenci\u00f3 a Labora per valor de 337.125 \u20ac per al projecte \u201cDESENVOLUPA-T: Emprenedoria, Ocupaci\u00f3 i Formaci\u00f3\u201d - Pacte Cer\u00e0mic\",\"isPartOf\":{\"@id\":\"https:\/\/pacteceramic.es\/es_es\/#website\"},\"primaryImageOfPage\":{\"@id\":\"https:\/\/pacteceramic.es\/es_es\/el-pacte-per-locupacio-dels-municipis-ceramics-sol%c2%b7licita-una-subvencio-a-labora-per-valor-de-337-125-e-per-al-projecte-desenvolupa-t-emprenedoria-ocupacio-i-formacio\/#primaryimage\"},\"image\":{\"@id\":\"https:\/\/pacteceramic.es\/es_es\/el-pacte-per-locupacio-dels-municipis-ceramics-sol%c2%b7licita-una-subvencio-a-labora-per-valor-de-337-125-e-per-al-projecte-desenvolupa-t-emprenedoria-ocupacio-i-formacio\/#primaryimage\"},\"thumbnailUrl\":\"https:\/\/pacteceramic.es\/wp-content\/uploads\/2023\/05\/Captura-2-1-300x183.jpg\",\"datePublished\":\"2023-03-10T09:12:30+00:00\",\"dateModified\":\"2023-03-10T09:12:30+00:00\",\"breadcrumb\":{\"@id\":\"https:\/\/pacteceramic.es\/es_es\/el-pacte-per-locupacio-dels-municipis-ceramics-sol%c2%b7licita-una-subvencio-a-labora-per-valor-de-337-125-e-per-al-projecte-desenvolupa-t-emprenedoria-ocupacio-i-formacio\/#breadcrumb\"},\"inLanguage\":\"es\",\"potentialAction\":[{\"@type\":\"ReadAction\",\"target\":[\"https:\/\/pacteceramic.es\/es_es\/el-pacte-per-locupacio-dels-municipis-ceramics-sol%c2%b7licita-una-subvencio-a-labora-per-valor-de-337-125-e-per-al-projecte-desenvolupa-t-emprenedoria-ocupacio-i-formacio\/\"]}]},{\"@type\":\"ImageObject\",\"inLanguage\":\"es\",\"@id\":\"https:\/\/pacteceramic.es\/es_es\/el-pacte-per-locupacio-dels-municipis-ceramics-sol%c2%b7licita-una-subvencio-a-labora-per-valor-de-337-125-e-per-al-projecte-desenvolupa-t-emprenedoria-ocupacio-i-formacio\/#primaryimage\",\"url\":\"https:\/\/pacteceramic.es\/wp-content\/uploads\/2023\/05\/Captura-2-1-300x183.jpg\",\"contentUrl\":\"https:\/\/pacteceramic.es\/wp-content\/uploads\/2023\/05\/Captura-2-1-300x183.jpg\"},{\"@type\":\"BreadcrumbList\",\"@id\":\"https:\/\/pacteceramic.es\/es_es\/el-pacte-per-locupacio-dels-municipis-ceramics-sol%c2%b7licita-una-subvencio-a-labora-per-valor-de-337-125-e-per-al-projecte-desenvolupa-t-emprenedoria-ocupacio-i-formacio\/#breadcrumb\",\"itemListElement\":[{\"@type\":\"ListItem\",\"position\":1,\"name\":\"Portada\",\"item\":\"https:\/\/pacteceramic.es\/\"},{\"@type\":\"ListItem\",\"position\":2,\"name\":\"El Pacte per l&#8217;Ocupaci\u00f3 dels Municipis Cer\u00e0mics sol\u00b7licita una subvenci\u00f3 a Labora per valor de 337.125 \u20ac per al projecte \u201cDESENVOLUPA-T: Emprenedoria, Ocupaci\u00f3 i Formaci\u00f3\u201d\"}]},{\"@type\":\"WebSite\",\"@id\":\"https:\/\/pacteceramic.es\/es_es\/#website\",\"url\":\"https:\/\/pacteceramic.es\/es_es\/\",\"name\":\"Pacte Cer\u00e0mic\",\"description\":\"Pacte Cer\u00e0mic\",\"publisher\":{\"@id\":\"https:\/\/pacteceramic.es\/es_es\/#organization\"},\"potentialAction\":[{\"@type\":\"SearchAction\",\"target\":{\"@type\":\"EntryPoint\",\"urlTemplate\":\"https:\/\/pacteceramic.es\/es_es\/?s={search_term_string}\"},\"query-input\":\"required name=search_term_string\"}],\"inLanguage\":\"es\"},{\"@type\":\"Organization\",\"@id\":\"https:\/\/pacteceramic.es\/es_es\/#organization\",\"name\":\"Pacte Cer\u00e0mic\",\"url\":\"https:\/\/pacteceramic.es\/es_es\/\",\"logo\":{\"@type\":\"ImageObject\",\"inLanguage\":\"es\",\"@id\":\"https:\/\/pacteceramic.es\/es_es\/#\/schema\/logo\/image\/\",\"url\":\"https:\/\/pacteceramic.es\/wp-content\/uploads\/2023\/05\/menulogo.png\",\"contentUrl\":\"https:\/\/pacteceramic.es\/wp-content\/uploads\/2023\/05\/menulogo.png\",\"width\":249,\"height\":80,\"caption\":\"Pacte Cer\u00e0mic\"},\"image\":{\"@id\":\"https:\/\/pacteceramic.es\/es_es\/#\/schema\/logo\/image\/\"},\"sameAs\":[\"https:\/\/www.facebook.com\/pacteceramic\/\",\"https:\/\/x.com\/pacteceramic\",\"https:\/\/www.instagram.com\/pacteceramic\/\",\"https:\/\/www.linkedin.com\/company\/pactemunicipisceramics\/\"]},{\"@type\":\"Person\",\"@id\":\"https:\/\/pacteceramic.es\/es_es\/#\/schema\/person\/d8757e82992b54387f1f96b63e3434af\",\"name\":\"Pacteceramic\",\"image\":{\"@type\":\"ImageObject\",\"inLanguage\":\"es\",\"@id\":\"https:\/\/pacteceramic.es\/es_es\/#\/schema\/person\/image\/\",\"url\":\"https:\/\/secure.gravatar.com\/avatar\/add03c3ae52e6d8ee8c27f9a7cdeaf18899ffc6cc348538526bfcb9ba78343ff?s=96&d=mm&r=g\",\"contentUrl\":\"https:\/\/secure.gravatar.com\/avatar\/add03c3ae52e6d8ee8c27f9a7cdeaf18899ffc6cc348538526bfcb9ba78343ff?s=96&d=mm&r=g\",\"caption\":\"Pacteceramic\"},\"sameAs\":[\"http:\/\/pacteceramic.es\"],\"url\":\"https:\/\/pacteceramic.es\/es_es\/author\/pacteceramic\/\"}]}<\/script>\n<!-- \/ Yoast SEO plugin. -->","yoast_head_json":{"title":"El Pacte per l'Ocupaci\u00f3 dels Municipis Cer\u00e0mics sol\u00b7licita una subvenci\u00f3 a Labora per valor de 337.125 \u20ac per al projecte \u201cDESENVOLUPA-T: Emprenedoria, Ocupaci\u00f3 i Formaci\u00f3\u201d - Pacte Cer\u00e0mic","robots":{"index":"index","follow":"follow","max-snippet":"max-snippet:-1","max-image-preview":"max-image-preview:large","max-video-preview":"max-video-preview:-1"},"canonical":"https:\/\/pacteceramic.es\/es_es\/el-pacte-per-locupacio-dels-municipis-ceramics-sol\u00b7licita-una-subvencio-a-labora-per-valor-de-337-125-e-per-al-projecte-desenvolupa-t-emprenedoria-ocupacio-i-formacio\/","og_locale":"es_ES","og_type":"article","og_title":"El Pacte per l'Ocupaci\u00f3 dels Municipis Cer\u00e0mics sol\u00b7licita una subvenci\u00f3 a Labora per valor de 337.125 \u20ac per al projecte \u201cDESENVOLUPA-T: Emprenedoria, Ocupaci\u00f3 i Formaci\u00f3\u201d - Pacte Cer\u00e0mic","og_url":"https:\/\/pacteceramic.es\/es_es\/el-pacte-per-locupacio-dels-municipis-ceramics-sol\u00b7licita-una-subvencio-a-labora-per-valor-de-337-125-e-per-al-projecte-desenvolupa-t-emprenedoria-ocupacio-i-formacio\/","og_site_name":"Pacte Cer\u00e0mic","article_publisher":"https:\/\/www.facebook.com\/pacteceramic\/","article_published_time":"2023-03-10T09:12:30+00:00","og_image":[{"url":"https:\/\/pacteceramic.es\/wp-content\/uploads\/2023\/05\/Captura-2-1-300x183.jpg"}],"author":"Pacteceramic","twitter_card":"summary_large_image","twitter_creator":"@pacteceramic","twitter_site":"@pacteceramic","twitter_misc":{"Escrito por":"Pacteceramic","Tiempo de lectura":"2 minutos"},"schema":{"@context":"https:\/\/schema.org","@graph":[{"@type":"Article","@id":"https:\/\/pacteceramic.es\/es_es\/el-pacte-per-locupacio-dels-municipis-ceramics-sol%c2%b7licita-una-subvencio-a-labora-per-valor-de-337-125-e-per-al-projecte-desenvolupa-t-emprenedoria-ocupacio-i-formacio\/#article","isPartOf":{"@id":"https:\/\/pacteceramic.es\/es_es\/el-pacte-per-locupacio-dels-municipis-ceramics-sol%c2%b7licita-una-subvencio-a-labora-per-valor-de-337-125-e-per-al-projecte-desenvolupa-t-emprenedoria-ocupacio-i-formacio\/"},"author":{"name":"Pacteceramic","@id":"https:\/\/pacteceramic.es\/es_es\/#\/schema\/person\/d8757e82992b54387f1f96b63e3434af"},"headline":"El Pacte per l&#8217;Ocupaci\u00f3 dels Municipis Cer\u00e0mics sol\u00b7licita una subvenci\u00f3 a Labora per valor de 337.125 \u20ac per al projecte \u201cDESENVOLUPA-T: Emprenedoria, Ocupaci\u00f3 i Formaci\u00f3\u201d","datePublished":"2023-03-10T09:12:30+00:00","dateModified":"2023-03-10T09:12:30+00:00","mainEntityOfPage":{"@id":"https:\/\/pacteceramic.es\/es_es\/el-pacte-per-locupacio-dels-municipis-ceramics-sol%c2%b7licita-una-subvencio-a-labora-per-valor-de-337-125-e-per-al-projecte-desenvolupa-t-emprenedoria-ocupacio-i-formacio\/"},"wordCount":437,"publisher":{"@id":"https:\/\/pacteceramic.es\/es_es\/#organization"},"image":{"@id":"https:\/\/pacteceramic.es\/es_es\/el-pacte-per-locupacio-dels-municipis-ceramics-sol%c2%b7licita-una-subvencio-a-labora-per-valor-de-337-125-e-per-al-projecte-desenvolupa-t-emprenedoria-ocupacio-i-formacio\/#primaryimage"},"thumbnailUrl":"https:\/\/pacteceramic.es\/wp-content\/uploads\/2023\/05\/Captura-2-1-300x183.jpg","articleSection":["Sin categor\u00eda @ca"],"inLanguage":"es"},{"@type":"WebPage","@id":"https:\/\/pacteceramic.es\/es_es\/el-pacte-per-locupacio-dels-municipis-ceramics-sol%c2%b7licita-una-subvencio-a-labora-per-valor-de-337-125-e-per-al-projecte-desenvolupa-t-emprenedoria-ocupacio-i-formacio\/","url":"https:\/\/pacteceramic.es\/es_es\/el-pacte-per-locupacio-dels-municipis-ceramics-sol%c2%b7licita-una-subvencio-a-labora-per-valor-de-337-125-e-per-al-projecte-desenvolupa-t-emprenedoria-ocupacio-i-formacio\/","name":"El Pacte per l'Ocupaci\u00f3 dels Municipis Cer\u00e0mics sol\u00b7licita una subvenci\u00f3 a Labora per valor de 337.125 \u20ac per al projecte \u201cDESENVOLUPA-T: Emprenedoria, Ocupaci\u00f3 i Formaci\u00f3\u201d - Pacte Cer\u00e0mic","isPartOf":{"@id":"https:\/\/pacteceramic.es\/es_es\/#website"},"primaryImageOfPage":{"@id":"https:\/\/pacteceramic.es\/es_es\/el-pacte-per-locupacio-dels-municipis-ceramics-sol%c2%b7licita-una-subvencio-a-labora-per-valor-de-337-125-e-per-al-projecte-desenvolupa-t-emprenedoria-ocupacio-i-formacio\/#primaryimage"},"image":{"@id":"https:\/\/pacteceramic.es\/es_es\/el-pacte-per-locupacio-dels-municipis-ceramics-sol%c2%b7licita-una-subvencio-a-labora-per-valor-de-337-125-e-per-al-projecte-desenvolupa-t-emprenedoria-ocupacio-i-formacio\/#primaryimage"},"thumbnailUrl":"https:\/\/pacteceramic.es\/wp-content\/uploads\/2023\/05\/Captura-2-1-300x183.jpg","datePublished":"2023-03-10T09:12:30+00:00","dateModified":"2023-03-10T09:12:30+00:00","breadcrumb":{"@id":"https:\/\/pacteceramic.es\/es_es\/el-pacte-per-locupacio-dels-municipis-ceramics-sol%c2%b7licita-una-subvencio-a-labora-per-valor-de-337-125-e-per-al-projecte-desenvolupa-t-emprenedoria-ocupacio-i-formacio\/#breadcrumb"},"inLanguage":"es","potentialAction":[{"@type":"ReadAction","target":["https:\/\/pacteceramic.es\/es_es\/el-pacte-per-locupacio-dels-municipis-ceramics-sol%c2%b7licita-una-subvencio-a-labora-per-valor-de-337-125-e-per-al-projecte-desenvolupa-t-emprenedoria-ocupacio-i-formacio\/"]}]},{"@type":"ImageObject","inLanguage":"es","@id":"https:\/\/pacteceramic.es\/es_es\/el-pacte-per-locupacio-dels-municipis-ceramics-sol%c2%b7licita-una-subvencio-a-labora-per-valor-de-337-125-e-per-al-projecte-desenvolupa-t-emprenedoria-ocupacio-i-formacio\/#primaryimage","url":"https:\/\/pacteceramic.es\/wp-content\/uploads\/2023\/05\/Captura-2-1-300x183.jpg","contentUrl":"https:\/\/pacteceramic.es\/wp-content\/uploads\/2023\/05\/Captura-2-1-300x183.jpg"},{"@type":"BreadcrumbList","@id":"https:\/\/pacteceramic.es\/es_es\/el-pacte-per-locupacio-dels-municipis-ceramics-sol%c2%b7licita-una-subvencio-a-labora-per-valor-de-337-125-e-per-al-projecte-desenvolupa-t-emprenedoria-ocupacio-i-formacio\/#breadcrumb","itemListElement":[{"@type":"ListItem","position":1,"name":"Portada","item":"https:\/\/pacteceramic.es\/"},{"@type":"ListItem","position":2,"name":"El Pacte per l&#8217;Ocupaci\u00f3 dels Municipis Cer\u00e0mics sol\u00b7licita una subvenci\u00f3 a Labora per valor de 337.125 \u20ac per al projecte \u201cDESENVOLUPA-T: Emprenedoria, Ocupaci\u00f3 i Formaci\u00f3\u201d"}]},{"@type":"WebSite","@id":"https:\/\/pacteceramic.es\/es_es\/#website","url":"https:\/\/pacteceramic.es\/es_es\/","name":"Pacte Cer\u00e0mic","description":"Pacte Cer\u00e0mic","publisher":{"@id":"https:\/\/pacteceramic.es\/es_es\/#organization"},"potentialAction":[{"@type":"SearchAction","target":{"@type":"EntryPoint","urlTemplate":"https:\/\/pacteceramic.es\/es_es\/?s={search_term_string}"},"query-input":"required name=search_term_string"}],"inLanguage":"es"},{"@type":"Organization","@id":"https:\/\/pacteceramic.es\/es_es\/#organization","name":"Pacte Cer\u00e0mic","url":"https:\/\/pacteceramic.es\/es_es\/","logo":{"@type":"ImageObject","inLanguage":"es","@id":"https:\/\/pacteceramic.es\/es_es\/#\/schema\/logo\/image\/","url":"https:\/\/pacteceramic.es\/wp-content\/uploads\/2023\/05\/menulogo.png","contentUrl":"https:\/\/pacteceramic.es\/wp-content\/uploads\/2023\/05\/menulogo.png","width":249,"height":80,"caption":"Pacte Cer\u00e0mic"},"image":{"@id":"https:\/\/pacteceramic.es\/es_es\/#\/schema\/logo\/image\/"},"sameAs":["https:\/\/www.facebook.com\/pacteceramic\/","https:\/\/x.com\/pacteceramic","https:\/\/www.instagram.com\/pacteceramic\/","https:\/\/www.linkedin.com\/company\/pactemunicipisceramics\/"]},{"@type":"Person","@id":"https:\/\/pacteceramic.es\/es_es\/#\/schema\/person\/d8757e82992b54387f1f96b63e3434af","name":"Pacteceramic","image":{"@type":"ImageObject","inLanguage":"es","@id":"https:\/\/pacteceramic.es\/es_es\/#\/schema\/person\/image\/","url":"https:\/\/secure.gravatar.com\/avatar\/add03c3ae52e6d8ee8c27f9a7cdeaf18899ffc6cc348538526bfcb9ba78343ff?s=96&d=mm&r=g","contentUrl":"https:\/\/secure.gravatar.com\/avatar\/add03c3ae52e6d8ee8c27f9a7cdeaf18899ffc6cc348538526bfcb9ba78343ff?s=96&d=mm&r=g","caption":"Pacteceramic"},"sameAs":["http:\/\/pacteceramic.es"],"url":"https:\/\/pacteceramic.es\/es_es\/author\/pacteceramic\/"}]}},"_links":{"self":[{"href":"https:\/\/pacteceramic.es\/es_es\/wp-json\/wp\/v2\/posts\/11308","targetHints":{"allow":["GET"]}}],"collection":[{"href":"https:\/\/pacteceramic.es\/es_es\/wp-json\/wp\/v2\/posts"}],"about":[{"href":"https:\/\/pacteceramic.es\/es_es\/wp-json\/wp\/v2\/types\/post"}],"author":[{"embeddable":true,"href":"https:\/\/pacteceramic.es\/es_es\/wp-json\/wp\/v2\/users\/1"}],"replies":[{"embeddable":true,"href":"https:\/\/pacteceramic.es\/es_es\/wp-json\/wp\/v2\/comments?post=11308"}],"version-history":[{"count":0,"href":"https:\/\/pacteceramic.es\/es_es\/wp-json\/wp\/v2\/posts\/11308\/revisions"}],"wp:attachment":[{"href":"https:\/\/pacteceramic.es\/es_es\/wp-json\/wp\/v2\/media?parent=11308"}],"wp:term":[{"taxonomy":"category","embeddable":true,"href":"https:\/\/pacteceramic.es\/es_es\/wp-json\/wp\/v2\/categories?post=11308"},{"taxonomy":"post_tag","embeddable":true,"href":"https:\/\/pacteceramic.es\/es_es\/wp-json\/wp\/v2\/tags?post=11308"}],"curies":[{"name":"wp","href":"https:\/\/api.w.org\/{rel}","templated":true}]}}