{"id":11025,"date":"2022-07-07T13:12:51","date_gmt":"2022-07-07T11:12:51","guid":{"rendered":"https:\/\/www.pacteceramic.es\/?p=11025"},"modified":"2022-07-07T13:12:51","modified_gmt":"2022-07-07T11:12:51","slug":"el-pacte-per-locupacio-dels-municipis-ceramics-renova-el-conveni-de-practiques-amb-la-universitat-jaume-i","status":"publish","type":"post","link":"https:\/\/pacteceramic.es\/es_es\/el-pacte-per-locupacio-dels-municipis-ceramics-renova-el-conveni-de-practiques-amb-la-universitat-jaume-i\/","title":{"rendered":"El Pacte per l&#8217;Ocupaci\u00f3 dels Municipis Cer\u00e0mics renova el conveni de pr\u00e0ctiques amb la Universitat Jaume I"},"content":{"rendered":"<p><!--more--><\/p>\n\n\n<figure class=\"wp-block-image size-large\"><img decoding=\"async\" src=\"https:\/\/pacteceramic.es\/wp-content\/uploads\/2023\/05\/2aptura-1.jpg\" alt=\"\" class=\"wp-image-11026\"\/><\/figure>\n\n\n\n<p><em>El Consorci continuar\u00e0 acollint a estudiants en les \u00e0rees d&#8217;Orientaci\u00f3 Laboral i Assessorament a Emprenedors i Empreses a partir de setembre<\/em><\/p>\n\n\n\n<p>El Pacte Territorial per l&#8217;Ocupaci\u00f3 dels Municipis Cer\u00e0mics ha renovat el conveni de cooperaci\u00f3 educativa amb la Universitat Jaume I per a continuar acollint en pr\u00e0ctiques a l&#8217;estudiantat universitari i afavorir l&#8217;ocupabilitat futura d&#8217;aquest col\u00b7lectiu, q\u00fcesti\u00f3 que ha format part dels punts tractats en el Consell Rector celebrat aquest mes de juliol.<\/p>\n\n\n\n<p><br>En aquest sentit, el Consorci ha acollit a un total de 9 alumnes des de la signatura del conveni en 2016 i t\u00e9 previst que a partir de setembre nous estudiants s&#8217;incorporen a aquesta formaci\u00f3 pr\u00e0ctica en els serveis d&#8217;Orientaci\u00f3 Laboral i Assessorament a Emprenedors i Empreses que presta l&#8217;entitat.<br><br>A m\u00e9s, la sessi\u00f3 ha aprovat altres actuacions dutes a terme des de l&#8217;\u00faltim Consell Rector de mitjan maig fins a l&#8217;actualitat, per\u00edode en el qual s&#8217;han at\u00e8s 32 nous emprenedors i s&#8217;han tramitat 7 altes i 18 subvencions, sent l&#8217;ajuda Bono&nbsp;Alquiler&nbsp;Jove la m\u00e9s demandada pels usuaris i usu\u00e0ries.<\/p>\n\n\n\n<p><br>D&#8217;altra banda, la sessi\u00f3 ha informat sobre el desenvolupament dels diferents grups de l&#8217;actual Llan\u00e7adora, en els quals s&#8217;han produ\u00eft un total de 7 insercions laborals, i de la celebraci\u00f3 dels primers \u201cDesdejunis del Pacte\u201d dirigits a les empreses del sector cer\u00e0mic.<\/p>\n\n\n\n<p><br>Finalment, l&#8217;elevada demanda dels tallers en compet\u00e8ncies digitals impartits en els diferents municipis consorciats ha estat un altre dels temes de la sessi\u00f3, perqu\u00e8 estan esgotant totes les places disponibles.<\/p>\n","protected":false},"excerpt":{"rendered":"","protected":false},"author":1,"featured_media":11028,"comment_status":"closed","ping_status":"open","sticky":false,"template":"","format":"standard","meta":{"iawp_total_views":0,"footnotes":""},"categories":[8],"tags":[],"class_list":["post-11025","post","type-post","status-publish","format-standard","has-post-thumbnail","hentry","category-sin-categoria-ca"],"yoast_head":"<!-- This site is optimized with the Yoast SEO plugin v23.1 - https:\/\/yoast.com\/wordpress\/plugins\/seo\/ -->\n<title>El Pacte per l&#039;Ocupaci\u00f3 dels Municipis Cer\u00e0mics renova el conveni de pr\u00e0ctiques amb la Universitat Jaume I - Pacte Cer\u00e0mic<\/title>\n<meta name=\"robots\" content=\"index, follow, max-snippet:-1, max-image-preview:large, max-video-preview:-1\" \/>\n<link rel=\"canonical\" href=\"https:\/\/pacteceramic.es\/es_es\/el-pacte-per-locupacio-dels-municipis-ceramics-renova-el-conveni-de-practiques-amb-la-universitat-jaume-i\/\" \/>\n<meta property=\"og:locale\" content=\"es_ES\" \/>\n<meta property=\"og:type\" content=\"article\" \/>\n<meta property=\"og:title\" content=\"El Pacte per l&#039;Ocupaci\u00f3 dels Municipis Cer\u00e0mics renova el conveni de pr\u00e0ctiques amb la Universitat Jaume I - Pacte Cer\u00e0mic\" \/>\n<meta property=\"og:url\" content=\"https:\/\/pacteceramic.es\/es_es\/el-pacte-per-locupacio-dels-municipis-ceramics-renova-el-conveni-de-practiques-amb-la-universitat-jaume-i\/\" \/>\n<meta property=\"og:site_name\" content=\"Pacte Cer\u00e0mic\" \/>\n<meta property=\"article:publisher\" content=\"https:\/\/www.facebook.com\/pacteceramic\/\" \/>\n<meta property=\"article:published_time\" content=\"2022-07-07T11:12:51+00:00\" \/>\n<meta name=\"author\" content=\"Pacteceramic\" \/>\n<meta name=\"twitter:card\" content=\"summary_large_image\" \/>\n<meta name=\"twitter:creator\" content=\"@pacteceramic\" \/>\n<meta name=\"twitter:site\" content=\"@pacteceramic\" \/>\n<meta name=\"twitter:label1\" content=\"Escrito por\" \/>\n\t<meta name=\"twitter:data1\" content=\"Pacteceramic\" \/>\n\t<meta name=\"twitter:label2\" content=\"Tiempo de lectura\" \/>\n\t<meta name=\"twitter:data2\" content=\"1 minuto\" \/>\n<script type=\"application\/ld+json\" class=\"yoast-schema-graph\">{\"@context\":\"https:\/\/schema.org\",\"@graph\":[{\"@type\":\"Article\",\"@id\":\"https:\/\/pacteceramic.es\/es_es\/el-pacte-per-locupacio-dels-municipis-ceramics-renova-el-conveni-de-practiques-amb-la-universitat-jaume-i\/#article\",\"isPartOf\":{\"@id\":\"https:\/\/pacteceramic.es\/es_es\/el-pacte-per-locupacio-dels-municipis-ceramics-renova-el-conveni-de-practiques-amb-la-universitat-jaume-i\/\"},\"author\":{\"name\":\"Pacteceramic\",\"@id\":\"https:\/\/pacteceramic.es\/es_es\/#\/schema\/person\/d8757e82992b54387f1f96b63e3434af\"},\"headline\":\"El Pacte per l&#8217;Ocupaci\u00f3 dels Municipis Cer\u00e0mics renova el conveni de pr\u00e0ctiques amb la Universitat Jaume I\",\"datePublished\":\"2022-07-07T11:12:51+00:00\",\"dateModified\":\"2022-07-07T11:12:51+00:00\",\"mainEntityOfPage\":{\"@id\":\"https:\/\/pacteceramic.es\/es_es\/el-pacte-per-locupacio-dels-municipis-ceramics-renova-el-conveni-de-practiques-amb-la-universitat-jaume-i\/\"},\"wordCount\":293,\"publisher\":{\"@id\":\"https:\/\/pacteceramic.es\/es_es\/#organization\"},\"image\":{\"@id\":\"https:\/\/pacteceramic.es\/es_es\/el-pacte-per-locupacio-dels-municipis-ceramics-renova-el-conveni-de-practiques-amb-la-universitat-jaume-i\/#primaryimage\"},\"thumbnailUrl\":\"\",\"articleSection\":[\"Sin categor\u00eda @ca\"],\"inLanguage\":\"es\"},{\"@type\":\"WebPage\",\"@id\":\"https:\/\/pacteceramic.es\/es_es\/el-pacte-per-locupacio-dels-municipis-ceramics-renova-el-conveni-de-practiques-amb-la-universitat-jaume-i\/\",\"url\":\"https:\/\/pacteceramic.es\/es_es\/el-pacte-per-locupacio-dels-municipis-ceramics-renova-el-conveni-de-practiques-amb-la-universitat-jaume-i\/\",\"name\":\"El Pacte per l'Ocupaci\u00f3 dels Municipis Cer\u00e0mics renova el conveni de pr\u00e0ctiques amb la Universitat Jaume I - Pacte Cer\u00e0mic\",\"isPartOf\":{\"@id\":\"https:\/\/pacteceramic.es\/es_es\/#website\"},\"primaryImageOfPage\":{\"@id\":\"https:\/\/pacteceramic.es\/es_es\/el-pacte-per-locupacio-dels-municipis-ceramics-renova-el-conveni-de-practiques-amb-la-universitat-jaume-i\/#primaryimage\"},\"image\":{\"@id\":\"https:\/\/pacteceramic.es\/es_es\/el-pacte-per-locupacio-dels-municipis-ceramics-renova-el-conveni-de-practiques-amb-la-universitat-jaume-i\/#primaryimage\"},\"thumbnailUrl\":\"\",\"datePublished\":\"2022-07-07T11:12:51+00:00\",\"dateModified\":\"2022-07-07T11:12:51+00:00\",\"breadcrumb\":{\"@id\":\"https:\/\/pacteceramic.es\/es_es\/el-pacte-per-locupacio-dels-municipis-ceramics-renova-el-conveni-de-practiques-amb-la-universitat-jaume-i\/#breadcrumb\"},\"inLanguage\":\"es\",\"potentialAction\":[{\"@type\":\"ReadAction\",\"target\":[\"https:\/\/pacteceramic.es\/es_es\/el-pacte-per-locupacio-dels-municipis-ceramics-renova-el-conveni-de-practiques-amb-la-universitat-jaume-i\/\"]}]},{\"@type\":\"ImageObject\",\"inLanguage\":\"es\",\"@id\":\"https:\/\/pacteceramic.es\/es_es\/el-pacte-per-locupacio-dels-municipis-ceramics-renova-el-conveni-de-practiques-amb-la-universitat-jaume-i\/#primaryimage\",\"url\":\"\",\"contentUrl\":\"\"},{\"@type\":\"BreadcrumbList\",\"@id\":\"https:\/\/pacteceramic.es\/es_es\/el-pacte-per-locupacio-dels-municipis-ceramics-renova-el-conveni-de-practiques-amb-la-universitat-jaume-i\/#breadcrumb\",\"itemListElement\":[{\"@type\":\"ListItem\",\"position\":1,\"name\":\"Portada\",\"item\":\"https:\/\/pacteceramic.es\/\"},{\"@type\":\"ListItem\",\"position\":2,\"name\":\"El Pacte per l&#8217;Ocupaci\u00f3 dels Municipis Cer\u00e0mics renova el conveni de pr\u00e0ctiques amb la Universitat Jaume I\"}]},{\"@type\":\"WebSite\",\"@id\":\"https:\/\/pacteceramic.es\/es_es\/#website\",\"url\":\"https:\/\/pacteceramic.es\/es_es\/\",\"name\":\"Pacte Cer\u00e0mic\",\"description\":\"Pacte Cer\u00e0mic\",\"publisher\":{\"@id\":\"https:\/\/pacteceramic.es\/es_es\/#organization\"},\"potentialAction\":[{\"@type\":\"SearchAction\",\"target\":{\"@type\":\"EntryPoint\",\"urlTemplate\":\"https:\/\/pacteceramic.es\/es_es\/?s={search_term_string}\"},\"query-input\":\"required name=search_term_string\"}],\"inLanguage\":\"es\"},{\"@type\":\"Organization\",\"@id\":\"https:\/\/pacteceramic.es\/es_es\/#organization\",\"name\":\"Pacte Cer\u00e0mic\",\"url\":\"https:\/\/pacteceramic.es\/es_es\/\",\"logo\":{\"@type\":\"ImageObject\",\"inLanguage\":\"es\",\"@id\":\"https:\/\/pacteceramic.es\/es_es\/#\/schema\/logo\/image\/\",\"url\":\"https:\/\/pacteceramic.es\/wp-content\/uploads\/2023\/05\/menulogo.png\",\"contentUrl\":\"https:\/\/pacteceramic.es\/wp-content\/uploads\/2023\/05\/menulogo.png\",\"width\":249,\"height\":80,\"caption\":\"Pacte Cer\u00e0mic\"},\"image\":{\"@id\":\"https:\/\/pacteceramic.es\/es_es\/#\/schema\/logo\/image\/\"},\"sameAs\":[\"https:\/\/www.facebook.com\/pacteceramic\/\",\"https:\/\/x.com\/pacteceramic\",\"https:\/\/www.instagram.com\/pacteceramic\/\",\"https:\/\/www.linkedin.com\/company\/pactemunicipisceramics\/\"]},{\"@type\":\"Person\",\"@id\":\"https:\/\/pacteceramic.es\/es_es\/#\/schema\/person\/d8757e82992b54387f1f96b63e3434af\",\"name\":\"Pacteceramic\",\"image\":{\"@type\":\"ImageObject\",\"inLanguage\":\"es\",\"@id\":\"https:\/\/pacteceramic.es\/es_es\/#\/schema\/person\/image\/\",\"url\":\"https:\/\/secure.gravatar.com\/avatar\/add03c3ae52e6d8ee8c27f9a7cdeaf18899ffc6cc348538526bfcb9ba78343ff?s=96&d=mm&r=g\",\"contentUrl\":\"https:\/\/secure.gravatar.com\/avatar\/add03c3ae52e6d8ee8c27f9a7cdeaf18899ffc6cc348538526bfcb9ba78343ff?s=96&d=mm&r=g\",\"caption\":\"Pacteceramic\"},\"sameAs\":[\"http:\/\/pacteceramic.es\"],\"url\":\"https:\/\/pacteceramic.es\/es_es\/author\/pacteceramic\/\"}]}<\/script>\n<!-- \/ Yoast SEO plugin. -->","yoast_head_json":{"title":"El Pacte per l'Ocupaci\u00f3 dels Municipis Cer\u00e0mics renova el conveni de pr\u00e0ctiques amb la Universitat Jaume I - Pacte Cer\u00e0mic","robots":{"index":"index","follow":"follow","max-snippet":"max-snippet:-1","max-image-preview":"max-image-preview:large","max-video-preview":"max-video-preview:-1"},"canonical":"https:\/\/pacteceramic.es\/es_es\/el-pacte-per-locupacio-dels-municipis-ceramics-renova-el-conveni-de-practiques-amb-la-universitat-jaume-i\/","og_locale":"es_ES","og_type":"article","og_title":"El Pacte per l'Ocupaci\u00f3 dels Municipis Cer\u00e0mics renova el conveni de pr\u00e0ctiques amb la Universitat Jaume I - Pacte Cer\u00e0mic","og_url":"https:\/\/pacteceramic.es\/es_es\/el-pacte-per-locupacio-dels-municipis-ceramics-renova-el-conveni-de-practiques-amb-la-universitat-jaume-i\/","og_site_name":"Pacte Cer\u00e0mic","article_publisher":"https:\/\/www.facebook.com\/pacteceramic\/","article_published_time":"2022-07-07T11:12:51+00:00","author":"Pacteceramic","twitter_card":"summary_large_image","twitter_creator":"@pacteceramic","twitter_site":"@pacteceramic","twitter_misc":{"Escrito por":"Pacteceramic","Tiempo de lectura":"1 minuto"},"schema":{"@context":"https:\/\/schema.org","@graph":[{"@type":"Article","@id":"https:\/\/pacteceramic.es\/es_es\/el-pacte-per-locupacio-dels-municipis-ceramics-renova-el-conveni-de-practiques-amb-la-universitat-jaume-i\/#article","isPartOf":{"@id":"https:\/\/pacteceramic.es\/es_es\/el-pacte-per-locupacio-dels-municipis-ceramics-renova-el-conveni-de-practiques-amb-la-universitat-jaume-i\/"},"author":{"name":"Pacteceramic","@id":"https:\/\/pacteceramic.es\/es_es\/#\/schema\/person\/d8757e82992b54387f1f96b63e3434af"},"headline":"El Pacte per l&#8217;Ocupaci\u00f3 dels Municipis Cer\u00e0mics renova el conveni de pr\u00e0ctiques amb la Universitat Jaume I","datePublished":"2022-07-07T11:12:51+00:00","dateModified":"2022-07-07T11:12:51+00:00","mainEntityOfPage":{"@id":"https:\/\/pacteceramic.es\/es_es\/el-pacte-per-locupacio-dels-municipis-ceramics-renova-el-conveni-de-practiques-amb-la-universitat-jaume-i\/"},"wordCount":293,"publisher":{"@id":"https:\/\/pacteceramic.es\/es_es\/#organization"},"image":{"@id":"https:\/\/pacteceramic.es\/es_es\/el-pacte-per-locupacio-dels-municipis-ceramics-renova-el-conveni-de-practiques-amb-la-universitat-jaume-i\/#primaryimage"},"thumbnailUrl":"","articleSection":["Sin categor\u00eda @ca"],"inLanguage":"es"},{"@type":"WebPage","@id":"https:\/\/pacteceramic.es\/es_es\/el-pacte-per-locupacio-dels-municipis-ceramics-renova-el-conveni-de-practiques-amb-la-universitat-jaume-i\/","url":"https:\/\/pacteceramic.es\/es_es\/el-pacte-per-locupacio-dels-municipis-ceramics-renova-el-conveni-de-practiques-amb-la-universitat-jaume-i\/","name":"El Pacte per l'Ocupaci\u00f3 dels Municipis Cer\u00e0mics renova el conveni de pr\u00e0ctiques amb la Universitat Jaume I - Pacte Cer\u00e0mic","isPartOf":{"@id":"https:\/\/pacteceramic.es\/es_es\/#website"},"primaryImageOfPage":{"@id":"https:\/\/pacteceramic.es\/es_es\/el-pacte-per-locupacio-dels-municipis-ceramics-renova-el-conveni-de-practiques-amb-la-universitat-jaume-i\/#primaryimage"},"image":{"@id":"https:\/\/pacteceramic.es\/es_es\/el-pacte-per-locupacio-dels-municipis-ceramics-renova-el-conveni-de-practiques-amb-la-universitat-jaume-i\/#primaryimage"},"thumbnailUrl":"","datePublished":"2022-07-07T11:12:51+00:00","dateModified":"2022-07-07T11:12:51+00:00","breadcrumb":{"@id":"https:\/\/pacteceramic.es\/es_es\/el-pacte-per-locupacio-dels-municipis-ceramics-renova-el-conveni-de-practiques-amb-la-universitat-jaume-i\/#breadcrumb"},"inLanguage":"es","potentialAction":[{"@type":"ReadAction","target":["https:\/\/pacteceramic.es\/es_es\/el-pacte-per-locupacio-dels-municipis-ceramics-renova-el-conveni-de-practiques-amb-la-universitat-jaume-i\/"]}]},{"@type":"ImageObject","inLanguage":"es","@id":"https:\/\/pacteceramic.es\/es_es\/el-pacte-per-locupacio-dels-municipis-ceramics-renova-el-conveni-de-practiques-amb-la-universitat-jaume-i\/#primaryimage","url":"","contentUrl":""},{"@type":"BreadcrumbList","@id":"https:\/\/pacteceramic.es\/es_es\/el-pacte-per-locupacio-dels-municipis-ceramics-renova-el-conveni-de-practiques-amb-la-universitat-jaume-i\/#breadcrumb","itemListElement":[{"@type":"ListItem","position":1,"name":"Portada","item":"https:\/\/pacteceramic.es\/"},{"@type":"ListItem","position":2,"name":"El Pacte per l&#8217;Ocupaci\u00f3 dels Municipis Cer\u00e0mics renova el conveni de pr\u00e0ctiques amb la Universitat Jaume I"}]},{"@type":"WebSite","@id":"https:\/\/pacteceramic.es\/es_es\/#website","url":"https:\/\/pacteceramic.es\/es_es\/","name":"Pacte Cer\u00e0mic","description":"Pacte Cer\u00e0mic","publisher":{"@id":"https:\/\/pacteceramic.es\/es_es\/#organization"},"potentialAction":[{"@type":"SearchAction","target":{"@type":"EntryPoint","urlTemplate":"https:\/\/pacteceramic.es\/es_es\/?s={search_term_string}"},"query-input":"required name=search_term_string"}],"inLanguage":"es"},{"@type":"Organization","@id":"https:\/\/pacteceramic.es\/es_es\/#organization","name":"Pacte Cer\u00e0mic","url":"https:\/\/pacteceramic.es\/es_es\/","logo":{"@type":"ImageObject","inLanguage":"es","@id":"https:\/\/pacteceramic.es\/es_es\/#\/schema\/logo\/image\/","url":"https:\/\/pacteceramic.es\/wp-content\/uploads\/2023\/05\/menulogo.png","contentUrl":"https:\/\/pacteceramic.es\/wp-content\/uploads\/2023\/05\/menulogo.png","width":249,"height":80,"caption":"Pacte Cer\u00e0mic"},"image":{"@id":"https:\/\/pacteceramic.es\/es_es\/#\/schema\/logo\/image\/"},"sameAs":["https:\/\/www.facebook.com\/pacteceramic\/","https:\/\/x.com\/pacteceramic","https:\/\/www.instagram.com\/pacteceramic\/","https:\/\/www.linkedin.com\/company\/pactemunicipisceramics\/"]},{"@type":"Person","@id":"https:\/\/pacteceramic.es\/es_es\/#\/schema\/person\/d8757e82992b54387f1f96b63e3434af","name":"Pacteceramic","image":{"@type":"ImageObject","inLanguage":"es","@id":"https:\/\/pacteceramic.es\/es_es\/#\/schema\/person\/image\/","url":"https:\/\/secure.gravatar.com\/avatar\/add03c3ae52e6d8ee8c27f9a7cdeaf18899ffc6cc348538526bfcb9ba78343ff?s=96&d=mm&r=g","contentUrl":"https:\/\/secure.gravatar.com\/avatar\/add03c3ae52e6d8ee8c27f9a7cdeaf18899ffc6cc348538526bfcb9ba78343ff?s=96&d=mm&r=g","caption":"Pacteceramic"},"sameAs":["http:\/\/pacteceramic.es"],"url":"https:\/\/pacteceramic.es\/es_es\/author\/pacteceramic\/"}]}},"_links":{"self":[{"href":"https:\/\/pacteceramic.es\/es_es\/wp-json\/wp\/v2\/posts\/11025","targetHints":{"allow":["GET"]}}],"collection":[{"href":"https:\/\/pacteceramic.es\/es_es\/wp-json\/wp\/v2\/posts"}],"about":[{"href":"https:\/\/pacteceramic.es\/es_es\/wp-json\/wp\/v2\/types\/post"}],"author":[{"embeddable":true,"href":"https:\/\/pacteceramic.es\/es_es\/wp-json\/wp\/v2\/users\/1"}],"replies":[{"embeddable":true,"href":"https:\/\/pacteceramic.es\/es_es\/wp-json\/wp\/v2\/comments?post=11025"}],"version-history":[{"count":0,"href":"https:\/\/pacteceramic.es\/es_es\/wp-json\/wp\/v2\/posts\/11025\/revisions"}],"wp:featuredmedia":[{"embeddable":true,"href":"https:\/\/pacteceramic.es\/es_es\/wp-json\/"}],"wp:attachment":[{"href":"https:\/\/pacteceramic.es\/es_es\/wp-json\/wp\/v2\/media?parent=11025"}],"wp:term":[{"taxonomy":"category","embeddable":true,"href":"https:\/\/pacteceramic.es\/es_es\/wp-json\/wp\/v2\/categories?post=11025"},{"taxonomy":"post_tag","embeddable":true,"href":"https:\/\/pacteceramic.es\/es_es\/wp-json\/wp\/v2\/tags?post=11025"}],"curies":[{"name":"wp","href":"https:\/\/api.w.org\/{rel}","templated":true}]}}