{"id":10758,"date":"2022-02-24T19:55:32","date_gmt":"2022-02-24T18:55:32","guid":{"rendered":"https:\/\/www.pacteceramic.es\/?p=10758"},"modified":"2022-02-24T19:55:32","modified_gmt":"2022-02-24T18:55:32","slug":"el-pacte-per-locupacio-dels-municipis-ceramics-esten-el-servei-de-formacio-a-la-carta-a-noves-empreses-ceramiques","status":"publish","type":"post","link":"https:\/\/pacteceramic.es\/es_es\/el-pacte-per-locupacio-dels-municipis-ceramics-esten-el-servei-de-formacio-a-la-carta-a-noves-empreses-ceramiques\/","title":{"rendered":"El Pacte per l&#8217;Ocupaci\u00f3 dels Municipis Cer\u00e0mics est\u00e9n el servei de formaci\u00f3 a la carta a noves empreses cer\u00e0miques"},"content":{"rendered":"<p><!--more--><\/p>\n<p><a href=\"https:\/\/www.pacteceramic.es\/wp-content\/uploads\/2022\/02\/formacion-Altoglass1.jpeg\"><img loading=\"lazy\" decoding=\"async\" class=\"alignnone size-medium wp-image-10755\" src=\"https:\/\/pacteceramic.es\/wp-content\/uploads\/2023\/05\/formacion-Altoglass1-300x225.jpg\" alt=\"\" width=\"300\" height=\"225\" \/><\/a><\/p>\n<p>\u00a0<\/p>\n\n\n<p><em>El departament de m\u00e0rqueting d\u2019Altoglass&nbsp;acaba de rebre aquesta formaci\u00f3 gratu\u00efta per a la creaci\u00f3 d&#8217;ambients 3D amb&nbsp;Photoshop<br><\/em><br>El Pacte per l&#8217;Ocupaci\u00f3 dels Municipis Cer\u00e0mics i la seua \u00c0rea d&#8217;Influ\u00e8ncia de la Prov\u00edncia de Castell\u00f3 continua estenent el servei gratu\u00eft de formaci\u00f3 a la carta a noves empreses cer\u00e0miques amb l&#8217;objectiu d&#8217;afavorir el reciclatge professional i millorar la competitivitat.<\/p>\n\n\n\n<p><br>La signatura&nbsp;Altoglass&nbsp;acaba de finalitzar la formaci\u00f3 sol\u00b7licitada al Consorci dirigida al departament de m\u00e0rqueting per a la creaci\u00f3 d&#8217;ambients 3D amb&nbsp;Photoshop. De fet, les classes s&#8217;han impartit a l&#8217;entorn de treball de l&#8217;empresa per a integrar els nous coneixements en l&#8217;activitat di\u00e0ria.<\/p>\n\n\n\n<p><br>Empreses com Azteca Cer\u00e1mica,&nbsp;Cevica, Borja&nbsp;Cer\u00e1mica, Life Cer\u00e1mica&nbsp;by&nbsp;Santarela, Hispania Cer\u00e1mica,&nbsp;Icon&nbsp;o Azulejera&nbsp;Alcorense, entre altres, s&#8217;han beneficiat d&#8217;aquest paquet formatiu en cer\u00e0mica digital que s&#8217;adapta a les necessitats particulars de cada companyia. En concret, q\u00fcestions com l&#8217;automatitzaci\u00f3 del treball en&nbsp;Photoshop&nbsp;per a&nbsp;Inkjet, m\u00e8todes de treball (RGB,&nbsp;CMYK, MULTICANAL,&nbsp;CMYK&nbsp;+ N), la gesti\u00f3 de color i creaci\u00f3 de perfils, la configuraci\u00f3 de&nbsp;Photoshop&nbsp;per a&nbsp;Inkjet, t\u00e8cniques creatives de disseny per a&nbsp;Inkjet&nbsp;i&nbsp;contratipat&nbsp;digital s\u00f3n alguns dels continguts que inclou el servei.<\/p>\n\n\n\n<p><br>Aquesta acci\u00f3 est\u00e0 emmarcada en el projecte de Llan\u00e7adora de Formaci\u00f3, Ocupabilitat i Emprenedoria subvencionada per&nbsp;LABORA&nbsp;(programa&nbsp;Avalem&nbsp;Territori)&nbsp;i el Ministeri de Treball i Economia Social. Les empreses interessades en aquesta formaci\u00f3 poden contactar amb l&#8217;\u00e0rea de formaci\u00f3 a trav\u00e9s del correu electr\u00f2nic formacion@pacteceramic.es o en el tel\u00e8fon 610 321 875.<\/p>\n","protected":false},"excerpt":{"rendered":"","protected":false},"author":1,"featured_media":10755,"comment_status":"closed","ping_status":"open","sticky":false,"template":"","format":"standard","meta":{"iawp_total_views":3,"footnotes":""},"categories":[8],"tags":[],"class_list":["post-10758","post","type-post","status-publish","format-standard","has-post-thumbnail","hentry","category-sin-categoria-ca"],"yoast_head":"<!-- This site is optimized with the Yoast SEO plugin v23.1 - https:\/\/yoast.com\/wordpress\/plugins\/seo\/ -->\n<title>El Pacte per l&#039;Ocupaci\u00f3 dels Municipis Cer\u00e0mics est\u00e9n el servei de formaci\u00f3 a la carta a noves empreses cer\u00e0miques - Pacte Cer\u00e0mic<\/title>\n<meta name=\"robots\" content=\"index, follow, max-snippet:-1, max-image-preview:large, max-video-preview:-1\" \/>\n<link rel=\"canonical\" href=\"http:\/\/pacteceramic.es\/es_es\/el-pacte-per-locupacio-dels-municipis-ceramics-esten-el-servei-de-formacio-a-la-carta-a-noves-empreses-ceramiques\/\" \/>\n<meta property=\"og:locale\" content=\"es_ES\" \/>\n<meta property=\"og:type\" content=\"article\" \/>\n<meta property=\"og:title\" content=\"El Pacte per l&#039;Ocupaci\u00f3 dels Municipis Cer\u00e0mics est\u00e9n el servei de formaci\u00f3 a la carta a noves empreses cer\u00e0miques - Pacte Cer\u00e0mic\" \/>\n<meta property=\"og:url\" content=\"http:\/\/pacteceramic.es\/es_es\/el-pacte-per-locupacio-dels-municipis-ceramics-esten-el-servei-de-formacio-a-la-carta-a-noves-empreses-ceramiques\/\" \/>\n<meta property=\"og:site_name\" content=\"Pacte Cer\u00e0mic\" \/>\n<meta property=\"article:publisher\" content=\"https:\/\/www.facebook.com\/pacteceramic\/\" \/>\n<meta property=\"article:published_time\" content=\"2022-02-24T18:55:32+00:00\" \/>\n<meta name=\"author\" content=\"Pacteceramic\" \/>\n<meta name=\"twitter:card\" content=\"summary_large_image\" \/>\n<meta name=\"twitter:creator\" content=\"@pacteceramic\" \/>\n<meta name=\"twitter:site\" content=\"@pacteceramic\" \/>\n<meta name=\"twitter:label1\" content=\"Escrito por\" \/>\n\t<meta name=\"twitter:data1\" content=\"Pacteceramic\" \/>\n\t<meta name=\"twitter:label2\" content=\"Tiempo de lectura\" \/>\n\t<meta name=\"twitter:data2\" content=\"2 minutos\" \/>\n<script type=\"application\/ld+json\" class=\"yoast-schema-graph\">{\"@context\":\"https:\/\/schema.org\",\"@graph\":[{\"@type\":\"Article\",\"@id\":\"http:\/\/pacteceramic.es\/es_es\/el-pacte-per-locupacio-dels-municipis-ceramics-esten-el-servei-de-formacio-a-la-carta-a-noves-empreses-ceramiques\/#article\",\"isPartOf\":{\"@id\":\"http:\/\/pacteceramic.es\/es_es\/el-pacte-per-locupacio-dels-municipis-ceramics-esten-el-servei-de-formacio-a-la-carta-a-noves-empreses-ceramiques\/\"},\"author\":{\"name\":\"Pacteceramic\",\"@id\":\"https:\/\/pacteceramic.es\/es_es\/#\/schema\/person\/d8757e82992b54387f1f96b63e3434af\"},\"headline\":\"El Pacte per l&#8217;Ocupaci\u00f3 dels Municipis Cer\u00e0mics est\u00e9n el servei de formaci\u00f3 a la carta a noves empreses cer\u00e0miques\",\"datePublished\":\"2022-02-24T18:55:32+00:00\",\"dateModified\":\"2022-02-24T18:55:32+00:00\",\"mainEntityOfPage\":{\"@id\":\"http:\/\/pacteceramic.es\/es_es\/el-pacte-per-locupacio-dels-municipis-ceramics-esten-el-servei-de-formacio-a-la-carta-a-noves-empreses-ceramiques\/\"},\"wordCount\":338,\"publisher\":{\"@id\":\"https:\/\/pacteceramic.es\/es_es\/#organization\"},\"image\":{\"@id\":\"http:\/\/pacteceramic.es\/es_es\/el-pacte-per-locupacio-dels-municipis-ceramics-esten-el-servei-de-formacio-a-la-carta-a-noves-empreses-ceramiques\/#primaryimage\"},\"thumbnailUrl\":\"\",\"articleSection\":[\"Sin categor\u00eda @ca\"],\"inLanguage\":\"es\"},{\"@type\":\"WebPage\",\"@id\":\"http:\/\/pacteceramic.es\/es_es\/el-pacte-per-locupacio-dels-municipis-ceramics-esten-el-servei-de-formacio-a-la-carta-a-noves-empreses-ceramiques\/\",\"url\":\"http:\/\/pacteceramic.es\/es_es\/el-pacte-per-locupacio-dels-municipis-ceramics-esten-el-servei-de-formacio-a-la-carta-a-noves-empreses-ceramiques\/\",\"name\":\"El Pacte per l'Ocupaci\u00f3 dels Municipis Cer\u00e0mics est\u00e9n el servei de formaci\u00f3 a la carta a noves empreses cer\u00e0miques - Pacte Cer\u00e0mic\",\"isPartOf\":{\"@id\":\"https:\/\/pacteceramic.es\/es_es\/#website\"},\"primaryImageOfPage\":{\"@id\":\"http:\/\/pacteceramic.es\/es_es\/el-pacte-per-locupacio-dels-municipis-ceramics-esten-el-servei-de-formacio-a-la-carta-a-noves-empreses-ceramiques\/#primaryimage\"},\"image\":{\"@id\":\"http:\/\/pacteceramic.es\/es_es\/el-pacte-per-locupacio-dels-municipis-ceramics-esten-el-servei-de-formacio-a-la-carta-a-noves-empreses-ceramiques\/#primaryimage\"},\"thumbnailUrl\":\"\",\"datePublished\":\"2022-02-24T18:55:32+00:00\",\"dateModified\":\"2022-02-24T18:55:32+00:00\",\"breadcrumb\":{\"@id\":\"http:\/\/pacteceramic.es\/es_es\/el-pacte-per-locupacio-dels-municipis-ceramics-esten-el-servei-de-formacio-a-la-carta-a-noves-empreses-ceramiques\/#breadcrumb\"},\"inLanguage\":\"es\",\"potentialAction\":[{\"@type\":\"ReadAction\",\"target\":[\"http:\/\/pacteceramic.es\/es_es\/el-pacte-per-locupacio-dels-municipis-ceramics-esten-el-servei-de-formacio-a-la-carta-a-noves-empreses-ceramiques\/\"]}]},{\"@type\":\"ImageObject\",\"inLanguage\":\"es\",\"@id\":\"http:\/\/pacteceramic.es\/es_es\/el-pacte-per-locupacio-dels-municipis-ceramics-esten-el-servei-de-formacio-a-la-carta-a-noves-empreses-ceramiques\/#primaryimage\",\"url\":\"\",\"contentUrl\":\"\"},{\"@type\":\"BreadcrumbList\",\"@id\":\"http:\/\/pacteceramic.es\/es_es\/el-pacte-per-locupacio-dels-municipis-ceramics-esten-el-servei-de-formacio-a-la-carta-a-noves-empreses-ceramiques\/#breadcrumb\",\"itemListElement\":[{\"@type\":\"ListItem\",\"position\":1,\"name\":\"Portada\",\"item\":\"https:\/\/pacteceramic.es\/\"},{\"@type\":\"ListItem\",\"position\":2,\"name\":\"El Pacte per l&#8217;Ocupaci\u00f3 dels Municipis Cer\u00e0mics est\u00e9n el servei de formaci\u00f3 a la carta a noves empreses cer\u00e0miques\"}]},{\"@type\":\"WebSite\",\"@id\":\"https:\/\/pacteceramic.es\/es_es\/#website\",\"url\":\"https:\/\/pacteceramic.es\/es_es\/\",\"name\":\"Pacte Cer\u00e0mic\",\"description\":\"Pacte Cer\u00e0mic\",\"publisher\":{\"@id\":\"https:\/\/pacteceramic.es\/es_es\/#organization\"},\"potentialAction\":[{\"@type\":\"SearchAction\",\"target\":{\"@type\":\"EntryPoint\",\"urlTemplate\":\"https:\/\/pacteceramic.es\/es_es\/?s={search_term_string}\"},\"query-input\":\"required name=search_term_string\"}],\"inLanguage\":\"es\"},{\"@type\":\"Organization\",\"@id\":\"https:\/\/pacteceramic.es\/es_es\/#organization\",\"name\":\"Pacte Cer\u00e0mic\",\"url\":\"https:\/\/pacteceramic.es\/es_es\/\",\"logo\":{\"@type\":\"ImageObject\",\"inLanguage\":\"es\",\"@id\":\"https:\/\/pacteceramic.es\/es_es\/#\/schema\/logo\/image\/\",\"url\":\"https:\/\/pacteceramic.es\/wp-content\/uploads\/2023\/05\/menulogo.png\",\"contentUrl\":\"https:\/\/pacteceramic.es\/wp-content\/uploads\/2023\/05\/menulogo.png\",\"width\":249,\"height\":80,\"caption\":\"Pacte Cer\u00e0mic\"},\"image\":{\"@id\":\"https:\/\/pacteceramic.es\/es_es\/#\/schema\/logo\/image\/\"},\"sameAs\":[\"https:\/\/www.facebook.com\/pacteceramic\/\",\"https:\/\/x.com\/pacteceramic\",\"https:\/\/www.instagram.com\/pacteceramic\/\",\"https:\/\/www.linkedin.com\/company\/pactemunicipisceramics\/\"]},{\"@type\":\"Person\",\"@id\":\"https:\/\/pacteceramic.es\/es_es\/#\/schema\/person\/d8757e82992b54387f1f96b63e3434af\",\"name\":\"Pacteceramic\",\"image\":{\"@type\":\"ImageObject\",\"inLanguage\":\"es\",\"@id\":\"https:\/\/pacteceramic.es\/es_es\/#\/schema\/person\/image\/\",\"url\":\"https:\/\/secure.gravatar.com\/avatar\/add03c3ae52e6d8ee8c27f9a7cdeaf18899ffc6cc348538526bfcb9ba78343ff?s=96&d=mm&r=g\",\"contentUrl\":\"https:\/\/secure.gravatar.com\/avatar\/add03c3ae52e6d8ee8c27f9a7cdeaf18899ffc6cc348538526bfcb9ba78343ff?s=96&d=mm&r=g\",\"caption\":\"Pacteceramic\"},\"sameAs\":[\"http:\/\/pacteceramic.es\"],\"url\":\"https:\/\/pacteceramic.es\/es_es\/author\/pacteceramic\/\"}]}<\/script>\n<!-- \/ Yoast SEO plugin. -->","yoast_head_json":{"title":"El Pacte per l'Ocupaci\u00f3 dels Municipis Cer\u00e0mics est\u00e9n el servei de formaci\u00f3 a la carta a noves empreses cer\u00e0miques - Pacte Cer\u00e0mic","robots":{"index":"index","follow":"follow","max-snippet":"max-snippet:-1","max-image-preview":"max-image-preview:large","max-video-preview":"max-video-preview:-1"},"canonical":"http:\/\/pacteceramic.es\/es_es\/el-pacte-per-locupacio-dels-municipis-ceramics-esten-el-servei-de-formacio-a-la-carta-a-noves-empreses-ceramiques\/","og_locale":"es_ES","og_type":"article","og_title":"El Pacte per l'Ocupaci\u00f3 dels Municipis Cer\u00e0mics est\u00e9n el servei de formaci\u00f3 a la carta a noves empreses cer\u00e0miques - Pacte Cer\u00e0mic","og_url":"http:\/\/pacteceramic.es\/es_es\/el-pacte-per-locupacio-dels-municipis-ceramics-esten-el-servei-de-formacio-a-la-carta-a-noves-empreses-ceramiques\/","og_site_name":"Pacte Cer\u00e0mic","article_publisher":"https:\/\/www.facebook.com\/pacteceramic\/","article_published_time":"2022-02-24T18:55:32+00:00","author":"Pacteceramic","twitter_card":"summary_large_image","twitter_creator":"@pacteceramic","twitter_site":"@pacteceramic","twitter_misc":{"Escrito por":"Pacteceramic","Tiempo de lectura":"2 minutos"},"schema":{"@context":"https:\/\/schema.org","@graph":[{"@type":"Article","@id":"http:\/\/pacteceramic.es\/es_es\/el-pacte-per-locupacio-dels-municipis-ceramics-esten-el-servei-de-formacio-a-la-carta-a-noves-empreses-ceramiques\/#article","isPartOf":{"@id":"http:\/\/pacteceramic.es\/es_es\/el-pacte-per-locupacio-dels-municipis-ceramics-esten-el-servei-de-formacio-a-la-carta-a-noves-empreses-ceramiques\/"},"author":{"name":"Pacteceramic","@id":"https:\/\/pacteceramic.es\/es_es\/#\/schema\/person\/d8757e82992b54387f1f96b63e3434af"},"headline":"El Pacte per l&#8217;Ocupaci\u00f3 dels Municipis Cer\u00e0mics est\u00e9n el servei de formaci\u00f3 a la carta a noves empreses cer\u00e0miques","datePublished":"2022-02-24T18:55:32+00:00","dateModified":"2022-02-24T18:55:32+00:00","mainEntityOfPage":{"@id":"http:\/\/pacteceramic.es\/es_es\/el-pacte-per-locupacio-dels-municipis-ceramics-esten-el-servei-de-formacio-a-la-carta-a-noves-empreses-ceramiques\/"},"wordCount":338,"publisher":{"@id":"https:\/\/pacteceramic.es\/es_es\/#organization"},"image":{"@id":"http:\/\/pacteceramic.es\/es_es\/el-pacte-per-locupacio-dels-municipis-ceramics-esten-el-servei-de-formacio-a-la-carta-a-noves-empreses-ceramiques\/#primaryimage"},"thumbnailUrl":"","articleSection":["Sin categor\u00eda @ca"],"inLanguage":"es"},{"@type":"WebPage","@id":"http:\/\/pacteceramic.es\/es_es\/el-pacte-per-locupacio-dels-municipis-ceramics-esten-el-servei-de-formacio-a-la-carta-a-noves-empreses-ceramiques\/","url":"http:\/\/pacteceramic.es\/es_es\/el-pacte-per-locupacio-dels-municipis-ceramics-esten-el-servei-de-formacio-a-la-carta-a-noves-empreses-ceramiques\/","name":"El Pacte per l'Ocupaci\u00f3 dels Municipis Cer\u00e0mics est\u00e9n el servei de formaci\u00f3 a la carta a noves empreses cer\u00e0miques - Pacte Cer\u00e0mic","isPartOf":{"@id":"https:\/\/pacteceramic.es\/es_es\/#website"},"primaryImageOfPage":{"@id":"http:\/\/pacteceramic.es\/es_es\/el-pacte-per-locupacio-dels-municipis-ceramics-esten-el-servei-de-formacio-a-la-carta-a-noves-empreses-ceramiques\/#primaryimage"},"image":{"@id":"http:\/\/pacteceramic.es\/es_es\/el-pacte-per-locupacio-dels-municipis-ceramics-esten-el-servei-de-formacio-a-la-carta-a-noves-empreses-ceramiques\/#primaryimage"},"thumbnailUrl":"","datePublished":"2022-02-24T18:55:32+00:00","dateModified":"2022-02-24T18:55:32+00:00","breadcrumb":{"@id":"http:\/\/pacteceramic.es\/es_es\/el-pacte-per-locupacio-dels-municipis-ceramics-esten-el-servei-de-formacio-a-la-carta-a-noves-empreses-ceramiques\/#breadcrumb"},"inLanguage":"es","potentialAction":[{"@type":"ReadAction","target":["http:\/\/pacteceramic.es\/es_es\/el-pacte-per-locupacio-dels-municipis-ceramics-esten-el-servei-de-formacio-a-la-carta-a-noves-empreses-ceramiques\/"]}]},{"@type":"ImageObject","inLanguage":"es","@id":"http:\/\/pacteceramic.es\/es_es\/el-pacte-per-locupacio-dels-municipis-ceramics-esten-el-servei-de-formacio-a-la-carta-a-noves-empreses-ceramiques\/#primaryimage","url":"","contentUrl":""},{"@type":"BreadcrumbList","@id":"http:\/\/pacteceramic.es\/es_es\/el-pacte-per-locupacio-dels-municipis-ceramics-esten-el-servei-de-formacio-a-la-carta-a-noves-empreses-ceramiques\/#breadcrumb","itemListElement":[{"@type":"ListItem","position":1,"name":"Portada","item":"https:\/\/pacteceramic.es\/"},{"@type":"ListItem","position":2,"name":"El Pacte per l&#8217;Ocupaci\u00f3 dels Municipis Cer\u00e0mics est\u00e9n el servei de formaci\u00f3 a la carta a noves empreses cer\u00e0miques"}]},{"@type":"WebSite","@id":"https:\/\/pacteceramic.es\/es_es\/#website","url":"https:\/\/pacteceramic.es\/es_es\/","name":"Pacte Cer\u00e0mic","description":"Pacte Cer\u00e0mic","publisher":{"@id":"https:\/\/pacteceramic.es\/es_es\/#organization"},"potentialAction":[{"@type":"SearchAction","target":{"@type":"EntryPoint","urlTemplate":"https:\/\/pacteceramic.es\/es_es\/?s={search_term_string}"},"query-input":"required name=search_term_string"}],"inLanguage":"es"},{"@type":"Organization","@id":"https:\/\/pacteceramic.es\/es_es\/#organization","name":"Pacte Cer\u00e0mic","url":"https:\/\/pacteceramic.es\/es_es\/","logo":{"@type":"ImageObject","inLanguage":"es","@id":"https:\/\/pacteceramic.es\/es_es\/#\/schema\/logo\/image\/","url":"https:\/\/pacteceramic.es\/wp-content\/uploads\/2023\/05\/menulogo.png","contentUrl":"https:\/\/pacteceramic.es\/wp-content\/uploads\/2023\/05\/menulogo.png","width":249,"height":80,"caption":"Pacte Cer\u00e0mic"},"image":{"@id":"https:\/\/pacteceramic.es\/es_es\/#\/schema\/logo\/image\/"},"sameAs":["https:\/\/www.facebook.com\/pacteceramic\/","https:\/\/x.com\/pacteceramic","https:\/\/www.instagram.com\/pacteceramic\/","https:\/\/www.linkedin.com\/company\/pactemunicipisceramics\/"]},{"@type":"Person","@id":"https:\/\/pacteceramic.es\/es_es\/#\/schema\/person\/d8757e82992b54387f1f96b63e3434af","name":"Pacteceramic","image":{"@type":"ImageObject","inLanguage":"es","@id":"https:\/\/pacteceramic.es\/es_es\/#\/schema\/person\/image\/","url":"https:\/\/secure.gravatar.com\/avatar\/add03c3ae52e6d8ee8c27f9a7cdeaf18899ffc6cc348538526bfcb9ba78343ff?s=96&d=mm&r=g","contentUrl":"https:\/\/secure.gravatar.com\/avatar\/add03c3ae52e6d8ee8c27f9a7cdeaf18899ffc6cc348538526bfcb9ba78343ff?s=96&d=mm&r=g","caption":"Pacteceramic"},"sameAs":["http:\/\/pacteceramic.es"],"url":"https:\/\/pacteceramic.es\/es_es\/author\/pacteceramic\/"}]}},"_links":{"self":[{"href":"https:\/\/pacteceramic.es\/es_es\/wp-json\/wp\/v2\/posts\/10758","targetHints":{"allow":["GET"]}}],"collection":[{"href":"https:\/\/pacteceramic.es\/es_es\/wp-json\/wp\/v2\/posts"}],"about":[{"href":"https:\/\/pacteceramic.es\/es_es\/wp-json\/wp\/v2\/types\/post"}],"author":[{"embeddable":true,"href":"https:\/\/pacteceramic.es\/es_es\/wp-json\/wp\/v2\/users\/1"}],"replies":[{"embeddable":true,"href":"https:\/\/pacteceramic.es\/es_es\/wp-json\/wp\/v2\/comments?post=10758"}],"version-history":[{"count":0,"href":"https:\/\/pacteceramic.es\/es_es\/wp-json\/wp\/v2\/posts\/10758\/revisions"}],"wp:featuredmedia":[{"embeddable":true,"href":"https:\/\/pacteceramic.es\/es_es\/wp-json\/"}],"wp:attachment":[{"href":"https:\/\/pacteceramic.es\/es_es\/wp-json\/wp\/v2\/media?parent=10758"}],"wp:term":[{"taxonomy":"category","embeddable":true,"href":"https:\/\/pacteceramic.es\/es_es\/wp-json\/wp\/v2\/categories?post=10758"},{"taxonomy":"post_tag","embeddable":true,"href":"https:\/\/pacteceramic.es\/es_es\/wp-json\/wp\/v2\/tags?post=10758"}],"curies":[{"name":"wp","href":"https:\/\/api.w.org\/{rel}","templated":true}]}}